{"id":25325,"date":"2023-04-20T18:02:23","date_gmt":"2023-04-20T15:02:23","guid":{"rendered":"http:\/\/akdenizolaygazetesi.com\/?p=25325"},"modified":"2023-04-20T18:02:23","modified_gmt":"2023-04-20T15:02:23","slug":"secer-her-birine-sukranlarimiz-sonsuz","status":"publish","type":"post","link":"https:\/\/akdenizolaygazetesi.com\/?p=25325","title":{"rendered":"SE\u00c7ER: &#8220;HER B\u0130R\u0130NE \u015e\u00dcKRANLARIMIZ SONSUZ&#8221;"},"content":{"rendered":"<p>Mersin B\u00fcy\u00fck\u015fehir Belediye Ba\u015fkan\u0131 Vahap Se\u00e7er, Mersin Valili\u011fi taraf\u0131ndan Ramazan Bayram\u0131 dolay\u0131s\u0131yla d\u00fczenlenen program kapsam\u0131nda Arife G\u00fcn\u00fc&#8217;nde Mersin \u015eehitli\u011fi&#8217;ni ziyaret ederek, \u015fehit aileleri ile bayramla\u015ft\u0131. Duygulu anlar\u0131n ya\u015fand\u0131\u011f\u0131 \u015fehitlik ziyaretinde Ba\u015fkan Se\u00e7er, \u015fehit mezarlar\u0131na karanfil b\u0131rakarak, \u015fehit aileleri ile bayramla\u015ft\u0131.<\/p>\n<p>Toroslar il\u00e7esi Akbelen Mahallesi \u015eehir Mezarl\u0131\u011f\u0131&#8217;ndaki \u015eehitlik&#8217;te d\u00fczenlenen t\u00f6rene Ba\u015fkan Se\u00e7er&#8217;in yan\u0131 s\u0131ra Mersin Valisi Ali Hamza Pehlivan, Akdeniz B\u00f6lge ve Garnizon Komutan\u0131 Tu\u011famiral Fuat Gedik, siyasi partilerin milletvekili adaylar\u0131, \u015fehit aileleri, gaziler ve kent protokol\u00fc kat\u0131ld\u0131. Bayramla\u015fma \u00f6ncesinde Kur&#8217;an-\u0131 Kerim tilaveti yap\u0131l\u0131rken, Mersin \u0130l M\u00fcft\u00fcs\u00fc Ayd\u0131n Y\u0131\u011fman taraf\u0131ndan da \u015fehitler i\u00e7in dua okundu. Dualar\u0131n ard\u0131ndan kent protokol\u00fc taraf\u0131ndan \u015fehit mezarlar\u0131na karanfiller b\u0131rak\u0131ld\u0131 ve ailelerle bayramla\u015f\u0131ld\u0131.<\/p>\n<p>Program sonras\u0131 gazetecilerin sorular\u0131n\u0131 yan\u0131tlayan Ba\u015fkan Se\u00e7er,  Sanayi Sitesi&#8217;nde bir mobilya at\u00f6lyesinde \u00e7\u0131kan yang\u0131na de\u011finerek, &#8220;Yang\u0131n kontrol alt\u0131na al\u0131nd\u0131 lakin so\u011futma \u00e7al\u0131\u015fmalar\u0131 esnas\u0131nda bir itfaiye personelimiz g\u00f6\u00e7\u00fck alt\u0131nda kald\u0131, hayat\u0131n\u0131 kaybetti maalesef. Allah&#8217;tan rahmet diliyorum. Yang\u0131n kontrol alt\u0131na al\u0131nd\u0131ktan ve so\u011futma \u00e7al\u0131\u015fmalar\u0131 k\u0131smen tamamland\u0131ktan sonra enkaz alt\u0131ndan da \u015fu anda 3 vatanda\u015f\u0131m\u0131z\u0131n cenazesini \u00e7\u0131kard\u0131 arkada\u015flar. Her birine \u015f\u00fckranlar\u0131m\u0131z sonsuz. Allah&#8217;tan rahmet diliyorum, mek\u00e2nlar\u0131 cennet olsun, nur i\u00e7inde yats\u0131nlar dedi.<\/p>\n<p>Toplu ta\u015f\u0131ma ara\u00e7lar\u0131 bayram boyunca \u00fccretsiz olacak<\/p>\n<p>\u015eehit aileleri ile bir araya geldiklerini s\u00f6yleyen Ba\u015fkan Se\u00e7er, &#8220;\u015eehitlerimizin ruhuna dualar okuduk. \u015eehit ailelerimiz burada. Onlarla bayramla\u015ft\u0131k hasbihal ettik, \u015fehitlerimizi y\u00e2d ettik. Her birine \u015f\u00fckranlar\u0131m\u0131z sonsuz. Allah&#8217;tan rahmet diliyorum, mek\u00e2nlar\u0131 cennet olsun, nur i\u00e7inde yats\u0131nlar. Bu \u00fclke u\u011fruna canlar\u0131na feda ettiler&#8221; diye konu\u015ftu. <\/p>\n<p>Gazeteci Ahmet \u00d6zdemir&#8217;in Mersin B\u00fcy\u00fck\u015fehir Belediyesi&#8217;nin Ramazan Bayram\u0131 haz\u0131rl\u0131klar\u0131n\u0131 sormas\u0131 \u00fczerine, t\u00fcm birimlerin haz\u0131rl\u0131klar\u0131n\u0131 tamamlad\u0131\u011f\u0131n\u0131 ifade eden Ba\u015fkan Se\u00e7er, &#8220;Bayramlarda birinci derece \u00f6nem arz eden mek\u00e2nlar\u0131n ba\u015f\u0131nda mezarl\u0131klar ve ibadet yerleri geliyor. Buralar\u0131n bak\u0131mlar\u0131, temizlikleri birimlerimiz taraf\u0131ndan yap\u0131larak, bayrama haz\u0131r hale getirildi. Mezarl\u0131klara ula\u015f\u0131m konusunda da toplu ta\u015f\u0131ma ara\u00e7lar\u0131m\u0131zla servisler olu\u015fturuldu. Di\u011fer taraftan bayram dolay\u0131s\u0131yla ev, akraba ziyaretleri olacak, insanlar annelerini babalar\u0131n\u0131 ziyaret edecekler. Bu sebeple de bayram boyunca toplu ta\u015f\u0131ma ara\u00e7lar\u0131m\u0131z de \u00fccretsiz hizmet verecek. Bayram\u0131n huzurlu ge\u00e7mesini diliyorum&#8221; ifadelerine yer verdi.<\/p>\n<p>Kentteki depremzedeler i\u00e7in hizmetlerin s\u00fcrd\u00fcr\u00fcld\u00fc\u011f\u00fcn\u00fc de s\u00f6yleyen Ba\u015fkan Se\u00e7er, &#8220;Belediyemizin b\u00fcnyesinde de 2 bin 500 civar\u0131nda misafirimiz hala ge\u00e7ici bar\u0131nma merkezlerimizde misafir ediliyorlar. Onlar\u0131n tabi ki ihtiya\u00e7lar\u0131 kar\u015f\u0131lan\u0131yor. Bunun d\u0131\u015f\u0131nda evlerde yak\u0131n akrabalar\u0131 yan\u0131nda kalan yurtta\u015flar\u0131m\u0131z da var. Onlar\u0131n g\u00fcnl\u00fck ihtiya\u00e7lar\u0131na katk\u0131 sunmak i\u00e7in de belediyemiz \u00e7aba g\u00f6steriyor. Sa\u011flad\u0131\u011f\u0131m\u0131z yeme, i\u00e7me, g\u0131da imk\u00e2nlar\u0131ndan di\u011fer temel ihtiya\u00e7lar\u0131na kadar bir\u00e7ok konuda kendilerine katk\u0131 sunmaya \u00e7al\u0131\u015f\u0131yoruz ve bu katk\u0131lar\u0131m\u0131z bayram s\u00fcresince de devam edecek&#8221; dedi.<\/p>\n<p>&#8220;T\u00fcm birimlerimiz vatanda\u015flar\u0131m\u0131z\u0131n huzurlu bir bayram ge\u00e7irmelerini sa\u011flayacaklar&#8221;<\/p>\n<p>Bayram s\u00fcresi boyunca B\u00fcy\u00fck\u015fehir&#8217;in t\u00fcm birimlerinin teyakkuzda olaca\u011f\u0131n\u0131 ifade eden Ba\u015fkan Se\u00e7er,  &#8220;\u00d6zellikle acil m\u00fcdahale gereken hallerde haz\u0131r olmas\u0131 gereken Zab\u0131ta, \u0130tfaiye gibi birimlerimiz ba\u015fta olmak \u00fczere \u00c7evre Koruma birimimizden Yol Asfalt birimimize kadar bir\u00e7ok birimimiz olas\u0131 ihtiya\u00e7lar durumunda ivedi olarak m\u00fcdahale etmeleri i\u00e7in haz\u0131r bulunacak. MESK\u0130 de ayn\u0131 do\u011frultuda birimlerini s\u00fcrekli haz\u0131r halde tutarak bayram boyunca vatanda\u015flar\u0131m\u0131z\u0131n huzurlu bir bayram ge\u00e7irmelerini sa\u011flayacaklar. Belediye olarak ba\u011fl\u0131 birimlerimiz, kurulu\u015flar\u0131m\u0131z herkes bu bilin\u00e7le g\u00f6revlerinin ba\u015f\u0131nda olacak&#8221; diye konu\u015ftu.<\/p>\n<p>&#8220;Demokrasilerde sand\u0131klar hesap verme yerleridir&#8221;<\/p>\n<p>Konu\u015fmas\u0131nda T\u00fcrkiye&#8217;de \u00f6nemli bir se\u00e7im ya\u015fanaca\u011f\u0131na da de\u011finen Ba\u015fkan Se\u00e7er, &#8220;Demokrasi tarihinin \u00f6nemli se\u00e7imlerinden bir tanesi diyebilirim. Demokrasilerde sand\u0131klar hesap verme yerleridir. Adil ve g\u00fcvenli bir se\u00e7im ortam\u0131n\u0131 sa\u011flamak devlete d\u00fc\u015fen ba\u015fl\u0131ca g\u00f6revdir. Millet iradesinin sand\u0131\u011fa girdi\u011fi gibi \u00e7\u0131kmas\u0131 gerekir. Bu hassasiyetle bu se\u00e7im s\u00fcrecinde de \u00e7al\u0131\u015fmalar\u0131m\u0131z\u0131 s\u00fcrd\u00fcrece\u011fiz. Vatanda\u015flar\u0131m\u0131z gitsinler tercih ettikleri partiye oylar\u0131n\u0131 versinler ve o oylar\u0131n da sand\u0131ktan do\u011fru bi\u00e7imde \u00e7\u0131kmas\u0131 i\u00e7in oylar\u0131na sahip olsunlar. Demokrasi ad\u0131na, hukuk devleti ad\u0131na, T\u00fcrkiye&#8217;nin geli\u015fmesi, d\u00fcnyada sayg\u0131n bir \u00fclke olmas\u0131 a\u00e7\u0131s\u0131ndan bu talebim olacak. 14 May\u0131s&#8217;ta umut ediyorum T\u00fcrkiye&#8217;nin hayr\u0131na bir sonu\u00e7 \u00e7\u0131kacak. Hep beraber yine T\u00fcrkiye i\u00e7in se\u00e7imden sonra da \u00e7al\u0131\u015fmaya devam edece\u011fiz&#8221; ifadelerine yer verdi.<\/p>\n<p>&#8220;Vatanda\u015flar\u0131m\u0131n huzurlu bir bayram ge\u00e7irmelerini diliyorum&#8221;<\/p>\n<p>Ba\u015fkan Se\u00e7er, Bayram\u0131n birinci g\u00fcn\u00fc Ad\u0131yaman&#8217;a ziyarette bulunaca\u011f\u0131n\u0131 da hat\u0131rlatarak, &#8220;Ad\u0131yaman&#8217;da  konteyner kent olu\u015fturuyoruz 2 ayr\u0131 noktada. Daha \u00f6nce bir planlam\u0131\u015ft\u0131k \u015fimdi Yaylakonak&#8217;ta da olu\u015fturuyor arkada\u015flar. Di\u011fer b\u00fct\u00fcn alanlarda da Sa\u011fl\u0131k, Sosyal Hizmetler, Kad\u0131n Aile b\u00fct\u00fcn birimlerimiz orada faaliyetlerini zaten bug\u00fcne kadar da s\u00fcrd\u00fcrd\u00fcler, bundan sonra da s\u00fcrd\u00fcrmeye devam edecekler. Bayram\u0131 idrak edece\u011fiz. Ben bayram\u0131n ilk g\u00fcn\u00fcn\u00fc Ad\u0131yaman&#8217;da ge\u00e7irece\u011fim. Ancak burada belediyemize ba\u011fl\u0131 t\u00fcm birimlerimiz bayram boyunca vatanda\u015flar\u0131m\u0131za 7\/24 hizmet etmeye devam edecek ba\u015fta Mersinli hem\u015ferilerimin, \u00fclke insan\u0131m\u0131n, \u0130slam Alemi&#8217;nin bayram\u0131n\u0131 kutluyorum. Bayram\u0131n t\u00fcm insanl\u0131\u011fa huzur getirmesini temenni ediyorum. Vatanda\u015flar\u0131m\u0131n huzurlu bir bayram ge\u00e7irmelerini diliyorum. Hepsine sevgilerimi sunuyorum&#8221; dedi.<\/p>\n","protected":false},"excerpt":{"rendered":"<p>Mersin B\u00fcy\u00fck\u015fehir Belediye Ba\u015fkan\u0131 Vahap Se\u00e7er, Mersin Valili\u011fi taraf\u0131ndan Ramazan Bayram\u0131 dolay\u0131s\u0131yla d\u00fczenlenen program kapsam\u0131nda Arife G\u00fcn\u00fc&#8217;nde Mersin \u015eehitli\u011fi&#8217;ni ziyaret ederek, \u015fehit aileleri ile bayramla\u015ft\u0131. Duygulu anlar\u0131n ya\u015fand\u0131\u011f\u0131 \u015fehitlik ziyaretinde &hellip; <a href=\"https:\/\/akdenizolaygazetesi.com\/?p=25325\" class=\"more-link\">Devam\u0131n\u0131 Oku&#8230;<\/a><\/p>\n","protected":false},"author":2,"featured_media":25326,"comment_status":"open","ping_status":"open","sticky":false,"template":"","format":"standard","meta":[],"categories":[1,2,3,5],"tags":[],"_links":{"self":[{"href":"https:\/\/akdenizolaygazetesi.com\/index.php?rest_route=\/wp\/v2\/posts\/25325"}],"collection":[{"href":"https:\/\/akdenizolaygazetesi.com\/index.php?rest_route=\/wp\/v2\/posts"}],"about":[{"href":"https:\/\/akdenizolaygazetesi.com\/index.php?rest_route=\/wp\/v2\/types\/post"}],"author":[{"embeddable":true,"href":"https:\/\/akdenizolaygazetesi.com\/index.php?rest_route=\/wp\/v2\/users\/2"}],"replies":[{"embeddable":true,"href":"https:\/\/akdenizolaygazetesi.com\/index.php?rest_route=%2Fwp%2Fv2%2Fcomments&post=25325"}],"version-history":[{"count":1,"href":"https:\/\/akdenizolaygazetesi.com\/index.php?rest_route=\/wp\/v2\/posts\/25325\/revisions"}],"predecessor-version":[{"id":25327,"href":"https:\/\/akdenizolaygazetesi.com\/index.php?rest_route=\/wp\/v2\/posts\/25325\/revisions\/25327"}],"wp:featuredmedia":[{"embeddable":true,"href":"https:\/\/akdenizolaygazetesi.com\/index.php?rest_route=\/wp\/v2\/media\/25326"}],"wp:attachment":[{"href":"https:\/\/akdenizolaygazetesi.com\/index.php?rest_route=%2Fwp%2Fv2%2Fmedia&parent=25325"}],"wp:term":[{"taxonomy":"category","embeddable":true,"href":"https:\/\/akdenizolaygazetesi.com\/index.php?rest_route=%2Fwp%2Fv2%2Fcategories&post=25325"},{"taxonomy":"post_tag","embeddable":true,"href":"https:\/\/akdenizolaygazetesi.com\/index.php?rest_route=%2Fwp%2Fv2%2Ftags&post=25325"}],"curies":[{"name":"wp","href":"https:\/\/api.w.org\/{rel}","templated":true}]}}