{"id":25328,"date":"2023-04-22T17:22:03","date_gmt":"2023-04-22T14:22:03","guid":{"rendered":"http:\/\/akdenizolaygazetesi.com\/?p=25328"},"modified":"2023-04-22T17:22:03","modified_gmt":"2023-04-22T14:22:03","slug":"cocuklara-bayram-sekeri-mersin-buyuksehirden","status":"publish","type":"post","link":"https:\/\/akdenizolaygazetesi.com\/?p=25328","title":{"rendered":"\u00c7OCUKLARA BAYRAM \u015eEKER\u0130 MERS\u0130N B\u00dcY\u00dcK\u015eEH\u0130R&#8217;DEN"},"content":{"rendered":"<p>Mersin B\u00fcy\u00fck\u015fehir Belediyesi, Ramazan Bayram\u0131&#8217;nda mahalle mahalle gezerek \u00e7ocuklara bayram \u015fekeri ve kuruyemi\u015f da\u011f\u0131tt\u0131. Beslenme kutular\u0131n\u0131n i\u00e7ine konulan \u015feker ve kuruyemi\u015fler ayn\u0131 g\u00fcnlere denk gelen Ramazan Bayram\u0131 ile 23 Nisan Ulusal Egemenlik ve \u00c7ocuk Bayram\u0131 dolay\u0131s\u0131yla \u00e7ocuklara \u00e7ifte arma\u011fan oldu.<\/p>\n<p>13 il\u00e7ede 60 bin beslenme kutusu hediye edildi<\/p>\n<p>G\u00fcnler \u00f6ncesinden haz\u0131rl\u0131klar\u0131n\u0131 yapan ekipler; sar\u0131, k\u0131rm\u0131z\u0131, lacivert ve lila renkli beslenme kutular\u0131na \u015feker ve kuruyemi\u015f yerle\u015ftirdi. Kutunun i\u00e7inde ayr\u0131ca Mersin B\u00fcy\u00fck\u015fehir Belediye Ba\u015fkan\u0131 Vahap Se\u00e7er&#8217;in \u00e7ocuklar i\u00e7in; &#8220;Merhaba. Bu y\u0131l \u00e7ifte bayram kutluyoruz. Ramazan Bayram\u0131m\u0131z ile 23 Nisan Ulusal Egemenlik ve \u00c7ocuk Bayram\u0131m\u0131z bir arada. Bayramlar\u0131 daha tatl\u0131 ge\u00e7irmen i\u00e7in sana \u00f6zel bu arma\u011fan kutusunu haz\u0131rlad\u0131k. Afiyet olsun. Unutma ki mutluluk, payla\u015ft\u0131k\u00e7a \u00e7o\u011fal\u0131r. Ne zaman ihtiyac\u0131n olursa her zaman yan\u0131nday\u0131m ve seni \u00e7ok seviyorum. Bayram\u0131n kutlu, hayat\u0131n hep mutlu olsun. Mutlu bayramlar&#8221; yaz\u0131l\u0131 mesaj\u0131 da yer ald\u0131.<\/p>\n<p>\u00d6zellikle dar gelirli vatanda\u015flar\u0131n ya\u015fad\u0131\u011f\u0131 mahallelerin se\u00e7ildi\u011fi da\u011f\u0131t\u0131mlar kapsam\u0131nda 13 il\u00e7ede 60 bin beslenme kutusu hediye edildi. Ekipler, da\u011f\u0131t\u0131mlar esnas\u0131nda \u00e7ocuklar\u0131n hem Ramazan Bayram\u0131n\u0131 hem de 23 Nisan Ulusal Egemenlik ve \u00c7ocuk Bayram\u0131&#8217;n\u0131 kutlad\u0131.<\/p>\n<p>&#8220;\u00c7ok \u015feker paketler haz\u0131rlad\u0131k&#8221;<\/p>\n<p>Sosyal Hizmetler Dairesi Ba\u015fkanl\u0131\u011f\u0131 Sosyal Yard\u0131mlar \u015eube M\u00fcd\u00fcr\u00fc \u00d6zlem Ya\u015far, her y\u0131l \u00e7ocuklar\u0131 sevindirmek ad\u0131na \u015feker da\u011f\u0131t\u0131m\u0131 yapt\u0131klar\u0131n\u0131 belirterek, &#8220;Her y\u0131l oldu\u011fu gibi bu y\u0131l da \u00e7ok g\u00fczel paketlerle bayram \u015fekerleri, \u015feker gibi \u00e7ocuklar\u0131m\u0131z i\u00e7in B\u00fcy\u00fck\u015fehir&#8217;den oldu. 13 il\u00e7emizde toplam 60 bin paket \u015fekeri \u00e7ocuklar\u0131m\u0131za ula\u015ft\u0131rd\u0131k. Bu y\u0131l \u015feker paketimizi bir beslenme kutusu olarak tasarlad\u0131k. Beslenme kutusunun i\u00e7ine \u015fekerlerimizden koyduk. Ayr\u0131ca beslenmeye destek ama\u00e7l\u0131 \u00f6\u011frenciler i\u00e7in haz\u0131rlad\u0131\u011f\u0131m\u0131z &#8216;yesin kuru yemi\u015f&#8217; paketlerinden koyduk ve Vahap Ba\u015fkan\u0131m\u0131z\u0131n bayram mesaj\u0131yla \u00e7ok \u015feker paketler haz\u0131rlad\u0131k&#8221; dedi.<\/p>\n<p>\u00c7ocuklar \u00e7ok mutlu oldu<\/p>\n<p>Beslenme kutular\u0131ndan alan minik Amine Kurt, &#8220;\u015eekerle kuruyemi\u015f ald\u0131m. Ben \u015fekeri \u00e7ok seviyorum.  \u00c7ok te\u015fekk\u00fcr ederim&#8221; dedi. Amine&#8217;nin abisi Yusuf Kurt da, \u015fekerler i\u00e7in te\u015fekk\u00fcr ederek, &#8220;Bayram \u015fekeri ald\u0131m. \u00c7ok te\u015fekk\u00fcr ederim, bizi \u00e7ok mutlu etti. Hediyeler \u00e7ok g\u00fczel&#8221; diye konu\u015ftu. Beslenme kutusunda \u015feker oldu\u011funu g\u00f6ren Aylin Ada ise &#8220;\u00c7ok be\u011fendim. Vahap Amca&#8217;ya te\u015fekk\u00fcrler&#8221; ifadelerini kulland\u0131.<\/p>\n","protected":false},"excerpt":{"rendered":"<p>Mersin B\u00fcy\u00fck\u015fehir Belediyesi, Ramazan Bayram\u0131&#8217;nda mahalle mahalle gezerek \u00e7ocuklara bayram \u015fekeri ve kuruyemi\u015f da\u011f\u0131tt\u0131. Beslenme kutular\u0131n\u0131n i\u00e7ine konulan \u015feker ve kuruyemi\u015fler ayn\u0131 g\u00fcnlere denk gelen Ramazan Bayram\u0131 ile 23 Nisan &hellip; <a href=\"https:\/\/akdenizolaygazetesi.com\/?p=25328\" class=\"more-link\">Devam\u0131n\u0131 Oku&#8230;<\/a><\/p>\n","protected":false},"author":2,"featured_media":25329,"comment_status":"open","ping_status":"open","sticky":false,"template":"","format":"standard","meta":[],"categories":[2,3,5],"tags":[],"_links":{"self":[{"href":"https:\/\/akdenizolaygazetesi.com\/index.php?rest_route=\/wp\/v2\/posts\/25328"}],"collection":[{"href":"https:\/\/akdenizolaygazetesi.com\/index.php?rest_route=\/wp\/v2\/posts"}],"about":[{"href":"https:\/\/akdenizolaygazetesi.com\/index.php?rest_route=\/wp\/v2\/types\/post"}],"author":[{"embeddable":true,"href":"https:\/\/akdenizolaygazetesi.com\/index.php?rest_route=\/wp\/v2\/users\/2"}],"replies":[{"embeddable":true,"href":"https:\/\/akdenizolaygazetesi.com\/index.php?rest_route=%2Fwp%2Fv2%2Fcomments&post=25328"}],"version-history":[{"count":1,"href":"https:\/\/akdenizolaygazetesi.com\/index.php?rest_route=\/wp\/v2\/posts\/25328\/revisions"}],"predecessor-version":[{"id":25330,"href":"https:\/\/akdenizolaygazetesi.com\/index.php?rest_route=\/wp\/v2\/posts\/25328\/revisions\/25330"}],"wp:featuredmedia":[{"embeddable":true,"href":"https:\/\/akdenizolaygazetesi.com\/index.php?rest_route=\/wp\/v2\/media\/25329"}],"wp:attachment":[{"href":"https:\/\/akdenizolaygazetesi.com\/index.php?rest_route=%2Fwp%2Fv2%2Fmedia&parent=25328"}],"wp:term":[{"taxonomy":"category","embeddable":true,"href":"https:\/\/akdenizolaygazetesi.com\/index.php?rest_route=%2Fwp%2Fv2%2Fcategories&post=25328"},{"taxonomy":"post_tag","embeddable":true,"href":"https:\/\/akdenizolaygazetesi.com\/index.php?rest_route=%2Fwp%2Fv2%2Ftags&post=25328"}],"curies":[{"name":"wp","href":"https:\/\/api.w.org\/{rel}","templated":true}]}}