{"id":25331,"date":"2023-04-22T17:23:55","date_gmt":"2023-04-22T14:23:55","guid":{"rendered":"http:\/\/akdenizolaygazetesi.com\/?p=25331"},"modified":"2023-04-22T17:23:55","modified_gmt":"2023-04-22T14:23:55","slug":"meral-secer-kadinlar-uretti-cocuklara-sevgiyle-yolladi","status":"publish","type":"post","link":"https:\/\/akdenizolaygazetesi.com\/?p=25331","title":{"rendered":"MERAL SE\u00c7ER: &#8220;KADINLAR \u00dcRETT\u0130, \u00c7OCUKLARA SEVG\u0130YLE YOLLADI&#8221;"},"content":{"rendered":"<p>Mersinden Kad\u0131n Kooperatifi Ba\u015fkan\u0131 Meral Se\u00e7er, kooperatif ortaklar\u0131 ile birlikte 23 Nisan Ulusal Egemenlik ve \u00c7ocuk Bayram\u0131 \u00f6ncesi, deprem b\u00f6lgelerindeki \u00e7ocuklar ve kad\u0131nlarla bir araya geldi. Kooperatif ortaklar\u0131 ve Se\u00e7er, Mersinden Kad\u0131n Kooperatifi ile B\u00fcy\u00fck\u015fehir Belediyesi Kad\u0131n ve Aile Hizmetleri Dairesi Ba\u015fkanl\u0131\u011f\u0131&#8217;n\u0131n organizasyonunda Kahramanmara\u015f, Ad\u0131yaman ve Malatya&#8217;ya 2 g\u00fcnl\u00fck bir ziyaret ger\u00e7ekle\u015ftirdi. Se\u00e7er ve kooperatif ortaklar\u0131, ziyaretleri s\u0131ras\u0131nda Mersinden Kad\u0131n Kooperatifi organizasyonu ile e\u011fitim alan kad\u0131nlar\u0131n, at\u00f6lye ve mahallelerde \u00fcretmi\u015f olduklar\u0131 &#8216;Uyku Arkada\u015f\u0131&#8217; ile &#8216;Oyun Arkada\u015f\u0131&#8217;n\u0131 hay\u0131rseverler ad\u0131na \u00e7ocuklara ula\u015ft\u0131rd\u0131.<\/p>\n<p>Mersinden Kad\u0131n Kooperatifi ortaklar\u0131 taraf\u0131ndan da\u011f\u0131t\u0131lan uyku arkada\u015flar\u0131n\u0131 alan \u00e7ocuklar, oyuncaklar\u0131na s\u0131k\u0131 s\u0131k\u0131 sar\u0131ld\u0131, bayram\u0131 erkenden ya\u015fad\u0131. Ziyaretlerin ikinci g\u00fcn\u00fcnde Malatya&#8217;da \u00e7ocuklarla bulu\u015fan Se\u00e7er ve kooperatif ortaklar\u0131na, CHP Genel Ba\u015fkan Yard\u0131mc\u0131s\u0131 ve Malatya Milletvekili Veli A\u011fbaba da e\u015flik etti.<\/p>\n<p>\u00c7ocuklar uyku arkada\u015flar\u0131 sayesinde m\u0131\u015f\u0131l m\u0131\u015f\u0131l uyuyacak<\/p>\n<p>\u00c7ocuklar ve kad\u0131nlarla bir araya gelmek ve \u00e7ocuklara bayram hediyelerini vermek i\u00e7in deprem b\u00f6lgelerine giden Mersin&#8217;den Kad\u0131n Kooperatifi&#8217;nin ilk dura\u011f\u0131 Kahramanmara\u015f&#8217;\u0131n Narl\u0131 il\u00e7esi oldu. Burada hem incelemelerde bulunan hem de kad\u0131n ve \u00e7ocuklarla bir araya gelen Se\u00e7er ve kooperatif ortaklar\u0131, kad\u0131nlarla bol bol sohbet etti, dertlerini payla\u015ft\u0131. Ziyarette oyuncak da\u011f\u0131t\u0131m\u0131 da ger\u00e7ekle\u015ftiren Se\u00e7er ve kooperatif ortaklar\u0131na te\u015fekk\u00fcr eden \u00e7ocuklar, sevin\u00e7lerini sar\u0131larak g\u00f6sterdi. Narl\u0131&#8217;n\u0131n ard\u0131ndan Ad\u0131yaman&#8217;a ge\u00e7en Mersinden Kad\u0131n Kooperatifi, ziyaret ve oyuncak da\u011f\u0131t\u0131mlar\u0131n\u0131 Karaburun ile Ozan K\u00f6y\u00fc&#8217;nde s\u00fcrd\u00fcrd\u00fc. Daha sonra Ad\u0131yaman&#8217;\u0131n Harmanl\u0131 il\u00e7esinde giden Se\u00e7er ve kooperatif ortaklar\u0131, ziyaretleri s\u0131ras\u0131nda kad\u0131nlarla sohbet edip \u00e7ocuklara oyuncak da\u011f\u0131tt\u0131. Mutluluklar\u0131 g\u00f6zlerinden okunan \u00e7ocuklar da uyku arkada\u015flar\u0131 sayesinde m\u0131\u015f\u0131l m\u0131\u015f\u0131l uyuyacaklar\u0131n\u0131 s\u00f6yledi. Burada 23 Nisan \u015fiirleri de okuyan minikler, g\u00fczel anlar ya\u015fatt\u0131.<\/p>\n<p>&#8220;Kad\u0131nlar \u00fcretti, buradaki \u00e7ocuklara sevgiyle yollad\u0131lar. Biz de buna k\u00f6pr\u00fc olduk&#8221;<\/p>\n<p>Meral Se\u00e7er, Mersinden Kad\u0131n Kooperatifi olarak Mersin&#8217;deki kad\u0131nlar\u0131n \u00fcretti\u011fi oyuncaklar\u0131 23 Nisan dolay\u0131s\u0131yla deprem b\u00f6lgelerindeki \u00e7ocuklara ula\u015ft\u0131rd\u0131klar\u0131n\u0131 s\u00f6yledi. Se\u00e7er, &#8220;Biz kooperatif olarak kad\u0131nlar\u0131ma bu oyuncaklar\u0131n yap\u0131lmas\u0131n\u0131 \u00f6\u011frettik. Sonra  kad\u0131nlar\u0131m\u0131z bunlar\u0131 \u00fcrettiler. Onlar\u0131 hay\u0131rseverler sat\u0131n ald\u0131. Bu \u00e7al\u0131\u015fman\u0131n bir fark\u0131 var. Kad\u0131nlar \u00fcretti, buradaki \u00e7ocuklara sevgiyle yollad\u0131lar. Biz de buna k\u00f6pr\u00fc olduk&#8221; dedi.<\/p>\n<p>\u00c7ocuklara 23 Nisan&#8217;\u0131n kim taraf\u0131ndan kendilerine arma\u011fan edildi\u011fini soran ve &#8220;Mustafa Kemal Atat\u00fcrk&#8221; cevab\u0131n\u0131 alan Se\u00e7er, &#8220;Cumhuriyetimizi kuran Mustafa Kemal Atat\u00fcrk&#8217;t\u00fcr. \u00c7ocuklara da en b\u00fcy\u00fck bayram\u0131 Atat\u00fcrk arma\u011fan etmi\u015ftir. Biz de bu vesileyle sizlerle bir araya geldik. 23 Nisan Ulusal Egemenlik ve \u00c7ocuk Bayram\u0131&#8217;n\u0131z\u0131 kutluyorum&#8221; diye konu\u015ftu. \u00c7ocuklarla bir arada olmaktan dolay\u0131 b\u00fcy\u00fck mutluluk duydu\u011funu vurgulayan Se\u00e7er, &#8220;Zaten Mersin ile Ad\u0131yaman art\u0131k karde\u015f kent oldu. Buradaki \u00e7ocuklar oyuncaklara sar\u0131ld\u0131k\u00e7a bizi hat\u0131rlayacaklar&#8221; ifadelerine yer verdi.<\/p>\n<p>Deprem sonras\u0131 oyuncak \u00fcretimine verdiklerini aktaran Se\u00e7er, &#8220;Kad\u0131nlar &#8216;Biz deprem b\u00f6lgesi i\u00e7in \u00fcretim yapmak istiyoruz&#8217; dediler. Bu 10 bin adet oyuncak 200 kad\u0131n taraf\u0131ndan yap\u0131ld\u0131. Bu oyuncaklar bizler ve hay\u0131rseverler taraf\u0131ndan sat\u0131n al\u0131nd\u0131. Kad\u0131nlar bu oyuncaklar\u0131 sizler i\u00e7in kalpten yapt\u0131lar&#8221; diye konu\u015ftu.<\/p>\n<p>Daha sonra G\u00f6lba\u015f\u0131&#8217;na ge\u00e7en Se\u00e7er ve kooperatif ortaklar\u0131, burada da oyuncak da\u011f\u0131t\u0131m\u0131 ger\u00e7ekle\u015ftirerek \u00e7ocuklar\u0131n y\u00fczlerini g\u00fcld\u00fcrd\u00fc.<\/p>\n<p>Oyuncak da\u011f\u0131t\u0131m\u0131, ikinci g\u00fcnde Malatya&#8217;da devam etti<\/p>\n<p>Ziyaretinin ikinci g\u00fcn\u00fcnde Malatya&#8217;ya ge\u00e7en Mersinden Kad\u0131n Kooperatifi, \u00d6zalper Mahallesi&#8217;nde kurulan \u00e7ad\u0131rkentte \u00e7ocuklar ve kad\u0131nlarla bulu\u015ftu. Se\u00e7er ve kooperatif ortaklar\u0131na burada CHP Genel Ba\u015fkan Yard\u0131mc\u0131s\u0131 ve Malatya Milletvekili Veli A\u011fbaba e\u015flik etti. \u00c7ad\u0131rkentte depremzede vatanda\u015flarla sohbet eden kooperatif ortaklar\u0131 ve A\u011fbaba, ard\u0131ndan \u00e7ocuklara oyuncak da\u011f\u0131t\u0131m\u0131 ger\u00e7ekle\u015ftirip, 23 Nisan Ulusal Egemenlik ve \u00c7ocuk Bayramlar\u0131n\u0131 kutlad\u0131.<\/p>\n<p>Deprem b\u00f6lgesine gelmekten dolay\u0131 h\u00fcz\u00fcn, ancak \u00e7ocuklarla bulu\u015fmaktan dolay\u0131 da mutluluk duyduklar\u0131n\u0131 ifade eden Se\u00e7er, &#8220;Umar\u0131m en k\u0131sa s\u00fcrede yaralar iyile\u015fir ve normal hayatlar\u0131na d\u00f6nebilirler. Bunun da olaca\u011f\u0131na inan\u0131yorum. Vekilimize de bize e\u015flik etti\u011fi i\u00e7in te\u015fekk\u00fcr ediyorum&#8221; dedi.<\/p>\n<p>A\u011fbaba: &#8220;Sadece \u00e7ocuklar de\u011fil bizler de mutlu olduk&#8221;<\/p>\n<p>\u00c7ok g\u00fczel bir etkinlik ger\u00e7ekle\u015ftirildi\u011fini s\u00f6yleyen CHP&#8217;li A\u011fbaba ise, &#8220;Malatya, depremde b\u00fcy\u00fck bir y\u0131k\u0131ma u\u011frad\u0131. Bir\u00e7ok insan evini, i\u015f yerini kaybetti. Bug\u00fcn \u00e7ocuklarla bulu\u015fulmas\u0131 \u00e7ok \u00f6nemli ve g\u00fczel. Mersin halk\u0131na, Say\u0131n Meral Se\u00e7er&#8217;e ve Mersinden Kad\u0131n Kooperatifi&#8217;ne te\u015fekk\u00fcr ediyorum. Sadece \u00e7ocuklar de\u011fil bizler de mutlu olduk. Bu zor g\u00fcnlerde dayan\u0131\u015fma \u00e7ok \u00f6nemli&#8221; diye konu\u015ftu.<\/p>\n<p>Mersinden Kad\u0131n Kooperatifi, daha sonra \u00d6ren, Polat ve Esentepe mahallelerinde de \u00e7ocuklar ve kad\u0131nlarla bulu\u015ftu. \u00c7ocuklara oyuncak da\u011f\u0131tan Mersinden Kad\u0131n Kooperatifi, vatanda\u015flara &#8216;Ge\u00e7mi\u015f Olsun&#8217; dileklerini iletirken, \u00e7ocuklar\u0131n da bayram\u0131n\u0131 kutlad\u0131.<\/p>\n<p>\u00c7ocuklar oyuncaklar\u0131n\u0131 \u00e7ok sevdi<\/p>\n<p>Oyuncak alan \u00e7ocuklardan Ya\u011fmur \u00c7or, &#8220;\u00c7ok mutluyum \u015fu anda. Te\u015fekk\u00fcr ederim. \u00c7ok iyi insanlar&#8221; derken, minik Emine Cerenli de, &#8220;\u00c7ok g\u00fczel, \u00e7ok te\u015fekk\u00fcr ederiz. \u00c7ok be\u011fendim. Yapanlar\u0131n da ellerine sa\u011fl\u0131k&#8221;  diye konu\u015ftu.<\/p>\n<p>Oyunca\u011f\u0131na s\u0131k\u0131 s\u0131k\u0131 sar\u0131lan Zeynep Irmak \u00c7ot isimli minik de, geldikleri i\u00e7in Mersinden Kad\u0131n Kooperatifi te\u015fekk\u00fcr ederek, &#8220;\u00c7ok be\u011fendim oyunca\u011f\u0131m\u0131. \u00c7ok mutlu oldum. \u0130n\u015fallah ba\u015fka yerlerdeki ki\u015filere de gider&#8221; ifadelerini kulland\u0131.<\/p>\n<p>Torununa oyuncak alan Sakine \u00c7ot ise, &#8220;\u00c7ok te\u015fekk\u00fcr ederiz. G\u00f6nderenden de \u00f6n ayak olandan da Allah raz\u0131 olsun. Rabbim Mersin&#8217;e deprem g\u00f6stermesin, bizim \u00e7olu\u011fumuzu \u00e7ocu\u011fumuzu da esirgesin. Ben torunuma bir tane ald\u0131m ve \u00e7ok be\u011fendim. Yapanlar\u0131n ellerine sa\u011fl\u0131k&#8221; dedi.<\/p>\n","protected":false},"excerpt":{"rendered":"<p>Mersinden Kad\u0131n Kooperatifi Ba\u015fkan\u0131 Meral Se\u00e7er, kooperatif ortaklar\u0131 ile birlikte 23 Nisan Ulusal Egemenlik ve \u00c7ocuk Bayram\u0131 \u00f6ncesi, deprem b\u00f6lgelerindeki \u00e7ocuklar ve kad\u0131nlarla bir araya geldi. Kooperatif ortaklar\u0131 ve Se\u00e7er, &hellip; <a href=\"https:\/\/akdenizolaygazetesi.com\/?p=25331\" class=\"more-link\">Devam\u0131n\u0131 Oku&#8230;<\/a><\/p>\n","protected":false},"author":2,"featured_media":25332,"comment_status":"open","ping_status":"open","sticky":false,"template":"","format":"standard","meta":[],"categories":[8,3,5],"tags":[],"_links":{"self":[{"href":"https:\/\/akdenizolaygazetesi.com\/index.php?rest_route=\/wp\/v2\/posts\/25331"}],"collection":[{"href":"https:\/\/akdenizolaygazetesi.com\/index.php?rest_route=\/wp\/v2\/posts"}],"about":[{"href":"https:\/\/akdenizolaygazetesi.com\/index.php?rest_route=\/wp\/v2\/types\/post"}],"author":[{"embeddable":true,"href":"https:\/\/akdenizolaygazetesi.com\/index.php?rest_route=\/wp\/v2\/users\/2"}],"replies":[{"embeddable":true,"href":"https:\/\/akdenizolaygazetesi.com\/index.php?rest_route=%2Fwp%2Fv2%2Fcomments&post=25331"}],"version-history":[{"count":1,"href":"https:\/\/akdenizolaygazetesi.com\/index.php?rest_route=\/wp\/v2\/posts\/25331\/revisions"}],"predecessor-version":[{"id":25333,"href":"https:\/\/akdenizolaygazetesi.com\/index.php?rest_route=\/wp\/v2\/posts\/25331\/revisions\/25333"}],"wp:featuredmedia":[{"embeddable":true,"href":"https:\/\/akdenizolaygazetesi.com\/index.php?rest_route=\/wp\/v2\/media\/25332"}],"wp:attachment":[{"href":"https:\/\/akdenizolaygazetesi.com\/index.php?rest_route=%2Fwp%2Fv2%2Fmedia&parent=25331"}],"wp:term":[{"taxonomy":"category","embeddable":true,"href":"https:\/\/akdenizolaygazetesi.com\/index.php?rest_route=%2Fwp%2Fv2%2Fcategories&post=25331"},{"taxonomy":"post_tag","embeddable":true,"href":"https:\/\/akdenizolaygazetesi.com\/index.php?rest_route=%2Fwp%2Fv2%2Ftags&post=25331"}],"curies":[{"name":"wp","href":"https:\/\/api.w.org\/{rel}","templated":true}]}}