{"id":25334,"date":"2023-04-22T17:25:51","date_gmt":"2023-04-22T14:25:51","guid":{"rendered":"http:\/\/akdenizolaygazetesi.com\/?p=25334"},"modified":"2023-04-22T17:25:51","modified_gmt":"2023-04-22T14:25:51","slug":"baskan-abdullah-ozyigit-ramazan-bayramini-kutladi","status":"publish","type":"post","link":"https:\/\/akdenizolaygazetesi.com\/?p=25334","title":{"rendered":"Ba\u015fkan Abdullah \u00d6zyi\u011fit, Ramazan Bayram\u0131\u2019n\u0131 kutlad\u0131"},"content":{"rendered":"<p>Mersin Yeni\u015fehir Belediye Ba\u015fkan\u0131 Abdullah \u00d6zyi\u011fit, Ramazan Bayram\u0131\u2019n\u0131 yay\u0131nlad\u0131\u011f\u0131 videolu mesajla kutlad\u0131.<br \/>\nBa\u015fkan Abdullah \u00d6zyi\u011fit, yay\u0131nlad\u0131\u011f\u0131 mesaj\u0131nda \u015fu ifadeleri kulland\u0131:  \u201cYeni\u015fehir ailesinin bir par\u00e7as\u0131 olman\u0131n mutlulu\u011fu ve bu kente hizmet etmenin onuruyla sizleri sevgi ve sayg\u0131yla selaml\u0131yorum.  Aileniz ve sevdiklerinizle birlikte ge\u00e7irece\u011finiz mutlu ve huzur dolu g\u00fcnler diliyor, \u00fclkemize ve t\u00fcm insanl\u0131\u011fa bar\u0131\u015f getirmesi temennisiyle Ramazan Bayram\u0131\u2019n\u0131z\u0131 en i\u00e7ten dileklerimle kutluyorum. Bu \u00f6zel g\u00fcnlerde sevgi, sayg\u0131 ve ho\u015fg\u00f6r\u00fc duygular\u0131m\u0131z\u0131n en \u00fcst seviyede ya\u015fanmas\u0131 ve bizleri daha da birle\u015ftirmesi en b\u00fcy\u00fck arzumuz.  Ayr\u0131ca birbirimize destek olman\u0131n, payla\u015fman\u0131n ve dayan\u0131\u015fman\u0131n \u00f6nemini her zaman hat\u0131rlamal\u0131y\u0131z.  Sevdiklerinizle bir arada g\u00fczel an\u0131lar biriktirece\u011finiz nice bayramlara ula\u015fman\u0131z dile\u011fiyle, Ramazan Bayram\u0131\u2019n\u0131z\u0131 kutluyorum.\u201d <\/p>\n","protected":false},"excerpt":{"rendered":"<p>Mersin Yeni\u015fehir Belediye Ba\u015fkan\u0131 Abdullah \u00d6zyi\u011fit, Ramazan Bayram\u0131\u2019n\u0131 yay\u0131nlad\u0131\u011f\u0131 videolu mesajla kutlad\u0131. Ba\u015fkan Abdullah \u00d6zyi\u011fit, yay\u0131nlad\u0131\u011f\u0131 mesaj\u0131nda \u015fu ifadeleri kulland\u0131: \u201cYeni\u015fehir ailesinin bir par\u00e7as\u0131 olman\u0131n mutlulu\u011fu ve bu kente hizmet &hellip; <a href=\"https:\/\/akdenizolaygazetesi.com\/?p=25334\" class=\"more-link\">Devam\u0131n\u0131 Oku&#8230;<\/a><\/p>\n","protected":false},"author":2,"featured_media":25335,"comment_status":"open","ping_status":"open","sticky":false,"template":"","format":"standard","meta":[],"categories":[2,3],"tags":[],"_links":{"self":[{"href":"https:\/\/akdenizolaygazetesi.com\/index.php?rest_route=\/wp\/v2\/posts\/25334"}],"collection":[{"href":"https:\/\/akdenizolaygazetesi.com\/index.php?rest_route=\/wp\/v2\/posts"}],"about":[{"href":"https:\/\/akdenizolaygazetesi.com\/index.php?rest_route=\/wp\/v2\/types\/post"}],"author":[{"embeddable":true,"href":"https:\/\/akdenizolaygazetesi.com\/index.php?rest_route=\/wp\/v2\/users\/2"}],"replies":[{"embeddable":true,"href":"https:\/\/akdenizolaygazetesi.com\/index.php?rest_route=%2Fwp%2Fv2%2Fcomments&post=25334"}],"version-history":[{"count":1,"href":"https:\/\/akdenizolaygazetesi.com\/index.php?rest_route=\/wp\/v2\/posts\/25334\/revisions"}],"predecessor-version":[{"id":25336,"href":"https:\/\/akdenizolaygazetesi.com\/index.php?rest_route=\/wp\/v2\/posts\/25334\/revisions\/25336"}],"wp:featuredmedia":[{"embeddable":true,"href":"https:\/\/akdenizolaygazetesi.com\/index.php?rest_route=\/wp\/v2\/media\/25335"}],"wp:attachment":[{"href":"https:\/\/akdenizolaygazetesi.com\/index.php?rest_route=%2Fwp%2Fv2%2Fmedia&parent=25334"}],"wp:term":[{"taxonomy":"category","embeddable":true,"href":"https:\/\/akdenizolaygazetesi.com\/index.php?rest_route=%2Fwp%2Fv2%2Fcategories&post=25334"},{"taxonomy":"post_tag","embeddable":true,"href":"https:\/\/akdenizolaygazetesi.com\/index.php?rest_route=%2Fwp%2Fv2%2Ftags&post=25334"}],"curies":[{"name":"wp","href":"https:\/\/api.w.org\/{rel}","templated":true}]}}