{"id":25337,"date":"2023-04-22T17:27:06","date_gmt":"2023-04-22T14:27:06","guid":{"rendered":"http:\/\/akdenizolaygazetesi.com\/?p=25337"},"modified":"2023-04-22T17:27:06","modified_gmt":"2023-04-22T14:27:06","slug":"buyuksehirin-stantlarinda-bu-kez-depremzede-ureticiler-de-yer-aliyor","status":"publish","type":"post","link":"https:\/\/akdenizolaygazetesi.com\/?p=25337","title":{"rendered":"B\u00dcY\u00dcK\u015eEH\u0130R&#8217;\u0130N STANTLARINDA BU KEZ DEPREMZEDE \u00dcRET\u0130C\u0130LER DE YER ALIYOR"},"content":{"rendered":"<p>Mersin B\u00fcy\u00fck\u015fehir Belediyesi Kad\u0131n ve Aile Hizmetleri Dairesi&#8217;nin uzun s\u00fcredir y\u00fcr\u00fctt\u00fc\u011f\u00fc \u00dcretici Kad\u0131n Stantlar\u0131 projesinde stantlar bu kez depremzede \u00fcreticiler i\u00e7in kuruldu. 6 \u015eubat depremlerinde evlerinin yan\u0131 s\u0131ra i\u015f yerleri ve at\u00f6lyeleri hasar alan \u00fcreticiler, \u00fcr\u00fcnlerini B\u00fcy\u00fck\u015fehir&#8217;in Galatasaray Meydan\u0131&#8217;nda a\u00e7t\u0131\u011f\u0131 &#8216;Deprem Dayan\u0131\u015fma Pazar\u0131&#8217;nda sergileme f\u0131rsat\u0131 buluyor.<\/p>\n<p>23 Nisan&#8217;a kadar a\u00e7\u0131k olacak<\/p>\n<p>&#8216;Deprem Dayan\u0131\u015fma Pazar\u0131&#8217; olarak kurulan ve Hatay, Osmaniye, Kahramanmara\u015f gibi deprem b\u00f6lgesi olan illerden Mersin&#8217;e gelen ve B\u00fcy\u00fck\u015fehir Belediyesi&#8217;nin Ge\u00e7ici Bar\u0131nma Alanlar\u0131&#8217;nda ya\u015fayan depremzede \u00fcreticiler birbirinden g\u00fczel \u00fcr\u00fcnlerini Mersinliler i\u00e7in sergiliyor. Mersinli \u00fcreticilerle birlikte, geldikleri kentin y\u00f6resel el i\u015fi \u00fcr\u00fcnleri ve yiyeceklerini sunan depremzedeler, hem gelir elde ediyor hem de Mersinlilere kendi y\u00f6relerinin \u00fcr\u00fcnlerini tan\u0131t\u0131yorlar. Deprem Dayan\u0131\u015fma Pazar\u0131 23 Nisan&#8217;a kadar Galatasaray Meydan\u0131&#8217;nda a\u00e7\u0131k olacak.<\/p>\n<p>&#8220;Deprem Dayan\u0131\u015fma Pazar\u0131m\u0131za t\u00fcm Mersinlileri bekliyoruz&#8221;<\/p>\n<p>&#8216;Deprem Dayan\u0131\u015fma Pazar\u0131&#8217; etkinli\u011fi hakk\u0131nda bilgi veren Kad\u0131n Aile Hizmetleri Dairesi Ba\u015fkanl\u0131\u011f\u0131 g\u00f6revlisi Burcu Sert, &#8220;Bu pazar\u0131m\u0131za t\u00fcm Mersinlilerin deste\u011fini bekliyoruz. Tam da bayram ad\u0131na yak\u0131\u015f\u0131r bir etkinlikle buraday\u0131z. Hatay&#8217;dan, Osmaniye&#8217;den, Kahramanmara\u015f&#8217;tan t\u00fcm \u00fcreticilerimiz burada, Mersin yerel \u00fcreticileriyle kayna\u015fma i\u00e7erisinde bayram\u0131 ge\u00e7irece\u011fiz. T\u00fcm Mersinlileri bekliyoruz&#8221; dedi.<\/p>\n<p>&#8220;Mersin bize kucak a\u00e7t\u0131&#8221;<\/p>\n<p>Osmaniye&#8217;den gelen, ev ve d\u00fckkanlar\u0131 depremde hasar alan Emel Ayd\u0131n, &#8220;Stantta bize bu imkan\u0131 sundu\u011fu i\u00e7in Mersin B\u00fcy\u00fck\u015fehir Belediyesi&#8217;ne \u00e7ok te\u015fekk\u00fcr ediyoruz. D\u00fckkanlar\u0131m\u0131z, evlerimiz depremde b\u00fcy\u00fck hasar ald\u0131 ama Mersin bize kucak a\u00e7t\u0131. Bu \u015fekilde imkanlar sa\u011flad\u0131. T\u00fcm halk\u0131m\u0131z\u0131 da bizlere destek olmas\u0131 i\u00e7in bekliyoruz&#8221; dedi.<\/p>\n<p>&#8220;G\u00fczel bir etkinlik&#8221;<\/p>\n<p>Stantlar\u0131 gezen vatanda\u015flardan S\u00fcheyla Bezirgan, &#8220;Stantlar\u0131 g\u00fczel buldum \u00e7\u00fcnk\u00fc hepsi el eme\u011fi. Ki\u015filer kendileri haz\u0131rlay\u0131p getirmi\u015fler. Sadece hediyelik e\u015fya de\u011fil ayn\u0131 zamanda yiyecek, i\u00e7ecek k\u0131sm\u0131 da var. Belediyenin g\u00fczel bir etkinli\u011fi. Yer olarak da \u00e7ok g\u00fczel. Deniz kenar\u0131nda olmas\u0131 da \u00e7ok g\u00fczel&#8221; diye konu\u015ftu.<\/p>\n<p>Antakya&#8217;dan gelen \u00d6zg\u00fcr \u0130nan da depremde at\u00f6lyesi ve i\u015f yeri hasar alan \u00fcreticilerden. \u0130nan, \u00fcr\u00fcnlerini tan\u0131tarak, &#8220;Annemle birlikte yapm\u0131\u015f oldu\u011fumuz \u00fcr\u00fcnler el yap\u0131m\u0131 \u00fcr\u00fcnler. Amerikan servis, sepetler, suplalar ve \u00e7antalar var. Antakya&#8217;da at\u00f6lyemiz, i\u015f yerlerimiz y\u0131k\u0131ld\u0131. \u015eu an Mersin&#8217;deyiz ve Mersin B\u00fcy\u00fck\u015fehir Belediyesi&#8217;nin bize sa\u011flam\u0131\u015f oldu\u011fu standarda \u00fcr\u00fcnlerimizi sergiliyoruz. 23 Nisan g\u00fcn\u00fcne kadar buraday\u0131z, desteklerinizi bekliyoruz&#8221; ifadelerini kulland\u0131.<\/p>\n","protected":false},"excerpt":{"rendered":"<p>Mersin B\u00fcy\u00fck\u015fehir Belediyesi Kad\u0131n ve Aile Hizmetleri Dairesi&#8217;nin uzun s\u00fcredir y\u00fcr\u00fctt\u00fc\u011f\u00fc \u00dcretici Kad\u0131n Stantlar\u0131 projesinde stantlar bu kez depremzede \u00fcreticiler i\u00e7in kuruldu. 6 \u015eubat depremlerinde evlerinin yan\u0131 s\u0131ra i\u015f yerleri &hellip; <a href=\"https:\/\/akdenizolaygazetesi.com\/?p=25337\" class=\"more-link\">Devam\u0131n\u0131 Oku&#8230;<\/a><\/p>\n","protected":false},"author":2,"featured_media":25338,"comment_status":"open","ping_status":"open","sticky":false,"template":"","format":"standard","meta":[],"categories":[8,3],"tags":[],"_links":{"self":[{"href":"https:\/\/akdenizolaygazetesi.com\/index.php?rest_route=\/wp\/v2\/posts\/25337"}],"collection":[{"href":"https:\/\/akdenizolaygazetesi.com\/index.php?rest_route=\/wp\/v2\/posts"}],"about":[{"href":"https:\/\/akdenizolaygazetesi.com\/index.php?rest_route=\/wp\/v2\/types\/post"}],"author":[{"embeddable":true,"href":"https:\/\/akdenizolaygazetesi.com\/index.php?rest_route=\/wp\/v2\/users\/2"}],"replies":[{"embeddable":true,"href":"https:\/\/akdenizolaygazetesi.com\/index.php?rest_route=%2Fwp%2Fv2%2Fcomments&post=25337"}],"version-history":[{"count":1,"href":"https:\/\/akdenizolaygazetesi.com\/index.php?rest_route=\/wp\/v2\/posts\/25337\/revisions"}],"predecessor-version":[{"id":25339,"href":"https:\/\/akdenizolaygazetesi.com\/index.php?rest_route=\/wp\/v2\/posts\/25337\/revisions\/25339"}],"wp:featuredmedia":[{"embeddable":true,"href":"https:\/\/akdenizolaygazetesi.com\/index.php?rest_route=\/wp\/v2\/media\/25338"}],"wp:attachment":[{"href":"https:\/\/akdenizolaygazetesi.com\/index.php?rest_route=%2Fwp%2Fv2%2Fmedia&parent=25337"}],"wp:term":[{"taxonomy":"category","embeddable":true,"href":"https:\/\/akdenizolaygazetesi.com\/index.php?rest_route=%2Fwp%2Fv2%2Fcategories&post=25337"},{"taxonomy":"post_tag","embeddable":true,"href":"https:\/\/akdenizolaygazetesi.com\/index.php?rest_route=%2Fwp%2Fv2%2Ftags&post=25337"}],"curies":[{"name":"wp","href":"https:\/\/api.w.org\/{rel}","templated":true}]}}