{"id":25340,"date":"2023-04-22T17:28:53","date_gmt":"2023-04-22T14:28:53","guid":{"rendered":"http:\/\/akdenizolaygazetesi.com\/?p=25340"},"modified":"2023-04-22T17:28:53","modified_gmt":"2023-04-22T14:28:53","slug":"akdeniz-belediye-baskani-gultak-nusratiye-mahallesi-sakinleri-ve-esnafini-ziyaret-etti","status":"publish","type":"post","link":"https:\/\/akdenizolaygazetesi.com\/?p=25340","title":{"rendered":"AKDEN\u0130Z BELED\u0130YE BA\u015eKANI G\u00dcLTAK, NUSRAT\u0130YE MAHALLES\u0130 SAK\u0130NLER\u0130 VE ESNAFINI Z\u0130YARET ETT\u0130"},"content":{"rendered":"<p>Ba\u015fkan G\u00fcltak, h\u0131z verdi\u011fi esnaf ve vatanda\u015f ziyaretlerine, bu kez Nusratiye Mahallesi ve \u00c7akmak Caddesi ile devam etti. Akdeniz\u2019i de\u011fi\u015ftiren hizmetleri anlatan Ba\u015fkan G\u00fcltak, proje ve yat\u0131r\u0131mlar\u0131n devam etmesi; bar\u0131\u015f, karde\u015flik ve huzur ortam\u0131n\u0131n s\u00fcrmesi i\u00e7in 14 May\u0131s genel se\u00e7imlerinde destek istedi.<br \/>\nZiyaretlerinde yo\u011fun bir ilgiyle kar\u015f\u0131la\u015fan Ba\u015fkan Mustafa G\u00fcltak\u2019a, AK Parti Akdeniz \u0130l\u00e7e Ba\u015fkanl\u0131\u011f\u0131 Y\u00f6netimi ile Ba\u015fkan Yard\u0131mc\u0131lar\u0131 da e\u015flik etti. \u0130lk olarak Nusratiye Mahalle Muhtar\u0131 Mehmet Dindar\u2019\u0131 ziyaret eden Ba\u015fkan G\u00fcltak ve beraberindeki heyet, ard\u0131ndan sokaklar\u0131 tek tek gezerek mahalle sakinleri ile sohbet etti, Ramazan bayramlar\u0131n\u0131 tebrik etti.<br \/>\n\u00c7ocuklara bayram hediyeleri de unutulmad\u0131<br \/>\n\u00c7akmak Caddesi \u00fczerinde faaliyet g\u00f6steren i\u015fyerlerini de tek tek ziyaret eden Ba\u015fkan G\u00fcltak, esnaf\u0131n bayram\u0131n\u0131 da tebrik edip, bol kazan\u00e7lar diledi, \u015fik\u00e2yetleri olup olmad\u0131\u011f\u0131n\u0131 sordu, mahalleli esnaf\u0131n dile getirdi\u011fi baz\u0131 talepleri dinledi. Vatanda\u015flar\u0131n s\u0131cak ilgisiyle kar\u015f\u0131la\u015fan Ba\u015fkan G\u00fcltak, her zaman oldu\u011fu gibi \u00e7ocuklarla da yak\u0131ndan ilgilendi, onlara bayram hediyelerini teslim etti.<br \/>\n\u201cHuzurun, bar\u0131\u015f\u0131n ve karde\u015fli\u011fin s\u00fcrmesi i\u00e7in destek bekliyoruz\u201d<br \/>\nVatanda\u015flarla sohbet eden Ba\u015fkan G\u00fcltak; \u201cAkdeniz art\u0131k de\u011fi\u015fti ve bu de\u011fi\u015fim in\u015fallah aral\u0131ks\u0131z \u015fekilde devam edecek. Kentsel d\u00f6n\u00fc\u015f\u00fcm projeleri, il\u00e7emize kazand\u0131rd\u0131\u011f\u0131m\u0131z yeni spor tesisleri, gen\u00e7lerimizin e\u011fitimi ve meslek edinmelerine y\u00f6nelik projelerimizle insanlar\u0131m\u0131z art\u0131k gelece\u011fe umutla bak\u0131yor, her y\u00f6n\u00fcyle daha g\u00fczel bir il\u00e7ede \u00e7ok daha mutlu ve huzurlu ya\u015fama imk\u00e2n\u0131 buluyor. \u0130nsanlar\u0131m\u0131z art\u0131k bar\u0131\u015f, huzur ve karde\u015flik i\u00e7erisinde ya\u015f\u0131yor. Hem \u00fclkemizde hem de b\u00f6lgemizde, huzur, bar\u0131\u015f ve karde\u015fli\u011fin s\u00fcrmesi i\u00e7in de 14 May\u0131s\u2019ta yap\u0131lacak se\u00e7imlerde sizlerin k\u0131ymetli deste\u011fini bekliyoruz\u201d ifadelerini kulland\u0131.<\/p>\n","protected":false},"excerpt":{"rendered":"<p>Ba\u015fkan G\u00fcltak, h\u0131z verdi\u011fi esnaf ve vatanda\u015f ziyaretlerine, bu kez Nusratiye Mahallesi ve \u00c7akmak Caddesi ile devam etti. Akdeniz\u2019i de\u011fi\u015ftiren hizmetleri anlatan Ba\u015fkan G\u00fcltak, proje ve yat\u0131r\u0131mlar\u0131n devam etmesi; bar\u0131\u015f, &hellip; <a href=\"https:\/\/akdenizolaygazetesi.com\/?p=25340\" class=\"more-link\">Devam\u0131n\u0131 Oku&#8230;<\/a><\/p>\n","protected":false},"author":2,"featured_media":25341,"comment_status":"open","ping_status":"open","sticky":false,"template":"","format":"standard","meta":[],"categories":[3],"tags":[],"_links":{"self":[{"href":"https:\/\/akdenizolaygazetesi.com\/index.php?rest_route=\/wp\/v2\/posts\/25340"}],"collection":[{"href":"https:\/\/akdenizolaygazetesi.com\/index.php?rest_route=\/wp\/v2\/posts"}],"about":[{"href":"https:\/\/akdenizolaygazetesi.com\/index.php?rest_route=\/wp\/v2\/types\/post"}],"author":[{"embeddable":true,"href":"https:\/\/akdenizolaygazetesi.com\/index.php?rest_route=\/wp\/v2\/users\/2"}],"replies":[{"embeddable":true,"href":"https:\/\/akdenizolaygazetesi.com\/index.php?rest_route=%2Fwp%2Fv2%2Fcomments&post=25340"}],"version-history":[{"count":1,"href":"https:\/\/akdenizolaygazetesi.com\/index.php?rest_route=\/wp\/v2\/posts\/25340\/revisions"}],"predecessor-version":[{"id":25342,"href":"https:\/\/akdenizolaygazetesi.com\/index.php?rest_route=\/wp\/v2\/posts\/25340\/revisions\/25342"}],"wp:featuredmedia":[{"embeddable":true,"href":"https:\/\/akdenizolaygazetesi.com\/index.php?rest_route=\/wp\/v2\/media\/25341"}],"wp:attachment":[{"href":"https:\/\/akdenizolaygazetesi.com\/index.php?rest_route=%2Fwp%2Fv2%2Fmedia&parent=25340"}],"wp:term":[{"taxonomy":"category","embeddable":true,"href":"https:\/\/akdenizolaygazetesi.com\/index.php?rest_route=%2Fwp%2Fv2%2Fcategories&post=25340"},{"taxonomy":"post_tag","embeddable":true,"href":"https:\/\/akdenizolaygazetesi.com\/index.php?rest_route=%2Fwp%2Fv2%2Ftags&post=25340"}],"curies":[{"name":"wp","href":"https:\/\/api.w.org\/{rel}","templated":true}]}}