{"id":25343,"date":"2023-04-22T17:30:17","date_gmt":"2023-04-22T14:30:17","guid":{"rendered":"http:\/\/akdenizolaygazetesi.com\/?p=25343"},"modified":"2023-04-22T17:30:17","modified_gmt":"2023-04-22T14:30:17","slug":"iklim-ve-cevre-bilim-merkezinde-planetaryum-calismalarinin-yuzde-80i-tamamlandi","status":"publish","type":"post","link":"https:\/\/akdenizolaygazetesi.com\/?p=25343","title":{"rendered":"\u0130KL\u0130M VE \u00c7EVRE B\u0130L\u0130M MERKEZ\u0130&#8217;NDE PLANETARYUM \u00c7ALI\u015eMALARININ Y\u00dcZDE 80&#8217;\u0130 TAMAMLANDI"},"content":{"rendered":"<p>Mersin B\u00fcy\u00fck\u015fehir Belediyesi \u0130klim ve S\u0131f\u0131r At\u0131k Dairesi b\u00fcnyesinde haz\u0131rl\u0131klar\u0131 s\u00fcren &#8216;\u0130klim ve \u00c7evre Bilim Merkezi&#8217;nin &#8216;Planetaryum&#8217; k\u0131sm\u0131nda sona gelindi. \u00d6\u011frencilerin ve merakl\u0131lar\u0131n\u0131n deney d\u00fczenekleri ile bir\u00e7ok \u015feyi deneyimleyecekleri merkezde, planetaryum odas\u0131 ile de g\u00f6ky\u00fcz\u00fcne dair her \u015fey, 360 derece ve 3 boyutlu g\u00f6r\u00fcnt\u00fclenme olana\u011f\u0131na sahip olacak. Planetaryum, kapasitesi ile T\u00fcrkiye&#8217;nin en b\u00fcy\u00fck planetaryumu olacak.  K\u0131sa s\u00fcre \u00f6nce de Merkez&#8217;i ziyaret ederek incelemelerde bulunan Ba\u015fkan Se\u00e7er, Cumhuriyet&#8217;in 100. kurulu\u015f y\u0131ld\u00f6n\u00fcm\u00fc olan 29 Ekim 2023 tarihinde a\u00e7\u0131laca\u011f\u0131n\u0131n m\u00fcjdesini de vermi\u015fti.<\/p>\n<p>At\u00f6lyelerden bilimsel g\u00f6sterilere her \u015fey bu merkezde olacak<\/p>\n<p>\u00dczerinde titizlikle \u00e7al\u0131\u015f\u0131lan \u0130klim ve \u00c7evre Bilim Merkezi; ziyaret\u00e7ilerin, iklim ve \u00e7evre ad\u0131na; deneysel ve uygulamal\u0131 etkinlikleri bulabilece\u011fi, ke\u015ffetme alanlar\u0131n\u0131n olaca\u011f\u0131, farkl\u0131 konu ba\u015fl\u0131klar\u0131n\u0131 deneyimleme f\u0131rsat\u0131 bulabilecekleri ve bilimsel bak\u0131\u015f a\u00e7\u0131s\u0131 yakalayabilmelerine olanak sa\u011flayacak bir merkez olacak. \u0130\u00e7erisinde 121 interaktif deney d\u00fczene\u011fi, at\u00f6lyeler, planetaryum, fuaye, bekleme alan\u0131, bilimsel g\u00f6sterilerin yap\u0131laca\u011f\u0131 konferans salonu yer alacak. Merkez&#8217;de ayr\u0131ca bilim \u00fcr\u00fcnlerinin sat\u0131laca\u011f\u0131 bir Bilim Ma\u011fazas\u0131 ve misafirlerin dinlenebilecekleri bir Bilim Kafe de olacak.<\/p>\n<p>Birinci katta yer alacak olan planetaryumda, bilgisayarla y\u00f6nlendirilen \u00e7oklu projeksiyon cihaz\u0131 ve bal\u0131k g\u00f6z\u00fc lensi ile kubbe \u015feklinde haz\u0131rlanan bir yap\u0131n\u0131n i\u00e7inde g\u00fcne\u015fin, y\u0131ld\u0131zlar\u0131n, gezegenlerin ve di\u011fer g\u00f6k cisimlerinin 360 derecede 3 boyutlu g\u00f6r\u00fcnt\u00fcleri yans\u0131t\u0131lacak. Bu alanda, uzay bo\u015flu\u011fundaki hareketlerin ger\u00e7ek\u00e7i bir \u015fekilde sim\u00fcle edilebilmesi sa\u011flanacak. \u00c7elik konstr\u00fcks\u00fcyonlar\u0131n b\u00fcy\u00fck bir \u00e7o\u011funlu\u011funun yerle\u015ftirildi\u011fi planetaryumun y\u00fczde 80&#8217;i tamamland\u0131.<\/p>\n<p>Sevin: &#8220;121 tane interaktif deney d\u00fczene\u011fi olacak&#8221;<\/p>\n<p>\u0130klim De\u011fi\u015fikli\u011fi ve S\u0131f\u0131r At\u0131k Dairesi Ba\u015fkanl\u0131\u011f\u0131 b\u00fcnyesindeki \u0130klim ve \u00c7evre Bilim Merkezi \u015eube M\u00fcd\u00fcr\u00fc Onur Sevin, merkez hakk\u0131nda bilgi vererek, &#8220;Bilim Merkezimiz tematik bir bilim merkezi.  \u0130klim ve \u00e7evre alan\u0131nda olu\u015fan bir bilim merkezi. Bu alanda zemin kat, d\u0131\u015f alan ve birinci kat olmak \u00fczere, deney d\u00fczeneklerinden olu\u015fan ayn\u0131 zamanda yine birinci katta bir planetaryumdan olu\u015fan bir bilim merkezi. Toplamda 121 tane interaktif deney d\u00fczene\u011fi olacak. Bunlar e\u011fitmenler e\u015fli\u011finde iklim ve \u00e7evre temal\u0131 e\u011fitimlerin, mevcut kitleye aktar\u0131ld\u0131\u011f\u0131 deney d\u00fczenekleri olacak. \u0130klim ve \u00e7evre temal\u0131 olacak olan deney d\u00fczeneklerinde genel k\u00fclt\u00fcr ve robotik alanlar\u0131 da olacak. Yine yukar\u0131 kat\u0131m\u0131zda e\u011fitmenler e\u015fli\u011finde; \u00e7ocuklar\u0131n da gelen misafirlerin de interaktif olarak m\u00fcdahil olabilecekleri, d\u00f6n\u00fc\u015f alabilecekleri deney d\u00fczenekleri bulunacak&#8221; dedi.<\/p>\n<p>Merkezin daha \u00e7ok \u00f6\u011frencilere y\u00f6nelik olaca\u011f\u0131n\u0131 belirten Sevin, &#8220;Hedef kitlemiz daha \u00e7ok 6-14 ya\u015f olmakla beraber, t\u00fcm vatanda\u015flar\u0131m\u0131z\u0131 burada a\u011f\u0131rlayaca\u011f\u0131z. Hafta sonu veli-\u00f6\u011frenci beraber kat\u0131l\u0131m sa\u011flayacak. Hafta i\u00e7i daha \u00e7ok okul-bilim merkezi i\u015fbirli\u011fi olarak \u00e7al\u0131\u015faca\u011f\u0131z&#8221; dedi.<\/p>\n<p>&#8220;T\u00fcrkiye&#8217;nin en b\u00fcy\u00fck planetaryumu olacak&#8221;<\/p>\n<p>\u0130klim ve \u00c7evre Bilim Merkezi&#8217;nin i\u00e7erisinde bulunacak olan planetaryumun, kapasite olarak T\u00fcrkiye&#8217;nin en b\u00fcy\u00fc\u011f\u00fc olaca\u011f\u0131n\u0131 ifade eden Sevin, &#8220;Birinci kat\u0131m\u0131zda planetaryum olacak. Bu planetaryum asl\u0131nda bir sim\u00fclasyon sistemi olup; astronomi ve uzay bilimleri alan\u0131nda \u00f6\u011frenme, fark\u0131ndal\u0131k olu\u015fturma gibi \u00e7al\u0131\u015fmalar\u0131 aktaraca\u011f\u0131m\u0131z \u00fc\u00e7 boyutlu panoromik g\u00f6r\u00fcnt\u00fc ve ses sistemi olacak. Asl\u0131nda planetaryumumuz bitti\u011fi zaman, T\u00fcrkiye&#8217;deki en geni\u015f kapasiteye ula\u015fan planetaryum olacak. Bu \u00f6zelli\u011fiyle de T\u00fcrkiye&#8217;nin en b\u00fcy\u00fck planetaryumu olacak&#8221; diye konu\u015ftu.<\/p>\n<p>&#8220;4 at\u00f6lyemizde \u00f6\u011frencilerimize alan e\u011fitimleri verece\u011fiz&#8221;<\/p>\n<p>Sevin, merkezde bulunacak olan at\u00f6lyeler hakk\u0131nda da bilgi vererek, &#8220;Bu at\u00f6lyelerimiz &#8216;Minik Mucitler, &#8216;Robotik&#8217;, &#8216;\u0130klim ve \u00c7evre&#8217; ve &#8216;Deniz Canl\u0131lar\u0131 At\u00f6lyesi&#8217;. Bu at\u00f6lyelerimizde planlanan zamanlarda, e\u011fitmenler e\u015fli\u011finde \u00f6\u011frencilerimizle alan e\u011fitimleri, alan \u00e7al\u0131\u015fmalar\u0131 ve onlar\u0131n ufuklar\u0131n\u0131 a\u00e7abilecekleri \u00e7al\u0131\u015fmalar yapaca\u011f\u0131z. Yine birinci kat\u0131m\u0131zda bilimsel \u015fovlar\u0131n, bilimsel sahne g\u00f6sterilerinin yap\u0131laca\u011f\u0131 150 ki\u015filik bir konferans salonumuz da mevcut&#8221; ifadelerini kulland\u0131.<\/p>\n<p>Planetaryumun haz\u0131rl\u0131\u011f\u0131nda sona geldiklerini s\u00f6zlerine ekleyen Sevin, &#8220;Planetaryumumuz sona yakla\u015ft\u0131. Yak\u0131n zamanda tamamlanacak. Deney d\u00fczenekleri ve d\u0131\u015f alan \u00e7al\u0131\u015fmalar\u0131m\u0131z\u0131 ise sonbaharda tamamlamay\u0131 planl\u0131yoruz. Bilim Merkezi&#8217;ne gelen misafirlerimiz i\u00e7in temel hedefimiz, iklim ve \u00e7evre alan\u0131nda fark\u0131ndal\u0131k olu\u015fturmalar\u0131n\u0131 ve bunlar\u0131 bir ya\u015fam bi\u00e7imi haline getirmelerini sa\u011flamak&#8221; dedi.<\/p>\n","protected":false},"excerpt":{"rendered":"<p>Mersin B\u00fcy\u00fck\u015fehir Belediyesi \u0130klim ve S\u0131f\u0131r At\u0131k Dairesi b\u00fcnyesinde haz\u0131rl\u0131klar\u0131 s\u00fcren &#8216;\u0130klim ve \u00c7evre Bilim Merkezi&#8217;nin &#8216;Planetaryum&#8217; k\u0131sm\u0131nda sona gelindi. \u00d6\u011frencilerin ve merakl\u0131lar\u0131n\u0131n deney d\u00fczenekleri ile bir\u00e7ok \u015feyi deneyimleyecekleri merkezde, &hellip; <a href=\"https:\/\/akdenizolaygazetesi.com\/?p=25343\" class=\"more-link\">Devam\u0131n\u0131 Oku&#8230;<\/a><\/p>\n","protected":false},"author":2,"featured_media":25344,"comment_status":"open","ping_status":"open","sticky":false,"template":"","format":"standard","meta":[],"categories":[7,3,11],"tags":[],"_links":{"self":[{"href":"https:\/\/akdenizolaygazetesi.com\/index.php?rest_route=\/wp\/v2\/posts\/25343"}],"collection":[{"href":"https:\/\/akdenizolaygazetesi.com\/index.php?rest_route=\/wp\/v2\/posts"}],"about":[{"href":"https:\/\/akdenizolaygazetesi.com\/index.php?rest_route=\/wp\/v2\/types\/post"}],"author":[{"embeddable":true,"href":"https:\/\/akdenizolaygazetesi.com\/index.php?rest_route=\/wp\/v2\/users\/2"}],"replies":[{"embeddable":true,"href":"https:\/\/akdenizolaygazetesi.com\/index.php?rest_route=%2Fwp%2Fv2%2Fcomments&post=25343"}],"version-history":[{"count":1,"href":"https:\/\/akdenizolaygazetesi.com\/index.php?rest_route=\/wp\/v2\/posts\/25343\/revisions"}],"predecessor-version":[{"id":25345,"href":"https:\/\/akdenizolaygazetesi.com\/index.php?rest_route=\/wp\/v2\/posts\/25343\/revisions\/25345"}],"wp:featuredmedia":[{"embeddable":true,"href":"https:\/\/akdenizolaygazetesi.com\/index.php?rest_route=\/wp\/v2\/media\/25344"}],"wp:attachment":[{"href":"https:\/\/akdenizolaygazetesi.com\/index.php?rest_route=%2Fwp%2Fv2%2Fmedia&parent=25343"}],"wp:term":[{"taxonomy":"category","embeddable":true,"href":"https:\/\/akdenizolaygazetesi.com\/index.php?rest_route=%2Fwp%2Fv2%2Fcategories&post=25343"},{"taxonomy":"post_tag","embeddable":true,"href":"https:\/\/akdenizolaygazetesi.com\/index.php?rest_route=%2Fwp%2Fv2%2Ftags&post=25343"}],"curies":[{"name":"wp","href":"https:\/\/api.w.org\/{rel}","templated":true}]}}