{"id":25346,"date":"2023-04-22T17:31:49","date_gmt":"2023-04-22T14:31:49","guid":{"rendered":"http:\/\/akdenizolaygazetesi.com\/?p=25346"},"modified":"2023-04-22T17:31:49","modified_gmt":"2023-04-22T14:31:49","slug":"gultaktan-23-nisan-mesaji","status":"publish","type":"post","link":"https:\/\/akdenizolaygazetesi.com\/?p=25346","title":{"rendered":"G\u00dcLTAK\u2019TAN 23 N\u0130SAN MESAJI"},"content":{"rendered":"<p>Ba\u015fkan G\u00fcltak; Gazi Mustafa Kemal Atat\u00fcrk\u2019\u00fcn, b\u00fct\u00fcn d\u00fcnya \u00e7ocuklar\u0131na arma\u011fan etti\u011fi ilk ve tek evrensel \u00e7ocuk bayram\u0131 olan \u201c23 Nisan Ulusal Egemenlik ve \u00c7ocuk Bayram\u0131\u201d dolay\u0131s\u0131yla bir kutlama mesaj\u0131 yay\u0131mlad\u0131.<br \/>\nAkdeniz Belediye Ba\u015fkan\u0131 M. Mustafa G\u00fcltak, T\u00fcrkiye B\u00fcy\u00fck Millet Meclisi&#8217;nin (TBMM) a\u00e7\u0131l\u0131\u015f\u0131n\u0131n da 103\u2019\u00fcc\u00fc y\u0131ld\u00f6n\u00fcm\u00fc olan g\u00fcn dolay\u0131s\u0131yla yay\u0131mlad\u0131\u011f\u0131 kutlama mesaj\u0131nda, 23 Nisan 1920 tarihinin, T\u00fcrk Milleti ve Cumhuriyeti a\u00e7\u0131s\u0131ndan ta\u015f\u0131d\u0131\u011f\u0131 \u00f6neme de dikkat \u00e7ekti. 23 Nisan 1920\u2019de TBMM\u2019nin a\u00e7\u0131lmas\u0131yla yeni bir d\u00f6nem ve gelece\u011fin ba\u015flad\u0131\u011f\u0131n\u0131n alt\u0131n\u0131 \u00e7izen Ba\u015fkan G\u00fcltak, mesaj\u0131nda \u015fu ifadeleri kaydetti;<br \/>\n\u201cTarihimizin d\u00f6n\u00fcm noktalar\u0131ndan olan 23 Nisan 1920 tarihi; egemenli\u011fin milletin iradesine b\u0131rak\u0131ld\u0131\u011f\u0131, milletimizin kendi kaderini tayin hakk\u0131n\u0131 elde ederek ba\u011f\u0131ms\u0131zl\u0131\u011f\u0131n\u0131 d\u00fcnyaya ilan etti\u011fi tarihtir. Gazi Mustafa Kemal Atat\u00fcrk\u2019\u00fcn de t\u00fcm d\u00fcnya \u00e7ocuklar\u0131na arma\u011fan etti\u011fi tek evrensel bayram olan 23 Nisan, ayn\u0131 zamanda T\u00fcrkiye Cumhuriyeti\u2019nin onlara olan g\u00fcveninin bir ifadesidir.<br \/>\nGelece\u011fimizin teminat\u0131 \u00e7ocuklar\u0131m\u0131z\u0131n, ecdad\u0131m\u0131z\u0131n emaneti bu g\u00fczel \u00fclkeyi muas\u0131r medeniyetler seviyesine ta\u015f\u0131yacaklar\u0131na inan\u0131yoruz. Yar\u0131nlar\u0131m\u0131z\u0131 kuracak olan \u00e7ocuklar\u0131m\u0131za sahip \u00e7\u0131karak, onlar\u0131 sa\u011fl\u0131kl\u0131, ba\u015far\u0131l\u0131, milli, manevi ve k\u00fclt\u00fcrel de\u011ferlerine ba\u011fl\u0131 erdemli bireyler olarak yeti\u015ftirmek bizlerin en b\u00fcy\u00fck g\u00f6revidir. E\u011fitimden sa\u011fl\u0131\u011fa, spordan k\u00fclt\u00fcr ve sanata; \u00e7ocuklar\u0131m\u0131za daha g\u00fczel bir kent, \u00fclke ve d\u00fcnya in\u015fa etmek i\u00e7in \u00e7al\u0131\u015fmaya devam edece\u011fiz.<br \/>\nBu duygularla, Gazi Mustafa Kemal Atat\u00fcrk\u2019\u00fcn t\u00fcm d\u00fcnya \u00e7ocuklar\u0131na arma\u011fan etti\u011fi \u201823 Nisan Ulusal Egemenlik ve \u00c7ocuk Bayram\u0131\u2019n\u0131 i\u00e7ten dileklerimle kutluyorum. Ba\u015fta Cumhuriyetimizin Kurucusu Atat\u00fcrk olmak \u00fczere, ilk Meclisimizin k\u0131ymetli \u00fcyelerini, Milli M\u00fccadelemizin aziz \u015fehitlerini, kahraman gazilerimizi ve vatan u\u011fruna topra\u011fa d\u00fc\u015fen t\u00fcm \u015fehitlerimizi \u015f\u00fckran ve sayg\u0131yla y\u00e2d ediyorum.\u201d<\/p>\n","protected":false},"excerpt":{"rendered":"<p>Ba\u015fkan G\u00fcltak; Gazi Mustafa Kemal Atat\u00fcrk\u2019\u00fcn, b\u00fct\u00fcn d\u00fcnya \u00e7ocuklar\u0131na arma\u011fan etti\u011fi ilk ve tek evrensel \u00e7ocuk bayram\u0131 olan \u201c23 Nisan Ulusal Egemenlik ve \u00c7ocuk Bayram\u0131\u201d dolay\u0131s\u0131yla bir kutlama mesaj\u0131 yay\u0131mlad\u0131. &hellip; <a href=\"https:\/\/akdenizolaygazetesi.com\/?p=25346\" class=\"more-link\">Devam\u0131n\u0131 Oku&#8230;<\/a><\/p>\n","protected":false},"author":2,"featured_media":25347,"comment_status":"open","ping_status":"open","sticky":false,"template":"","format":"standard","meta":[],"categories":[3],"tags":[],"_links":{"self":[{"href":"https:\/\/akdenizolaygazetesi.com\/index.php?rest_route=\/wp\/v2\/posts\/25346"}],"collection":[{"href":"https:\/\/akdenizolaygazetesi.com\/index.php?rest_route=\/wp\/v2\/posts"}],"about":[{"href":"https:\/\/akdenizolaygazetesi.com\/index.php?rest_route=\/wp\/v2\/types\/post"}],"author":[{"embeddable":true,"href":"https:\/\/akdenizolaygazetesi.com\/index.php?rest_route=\/wp\/v2\/users\/2"}],"replies":[{"embeddable":true,"href":"https:\/\/akdenizolaygazetesi.com\/index.php?rest_route=%2Fwp%2Fv2%2Fcomments&post=25346"}],"version-history":[{"count":1,"href":"https:\/\/akdenizolaygazetesi.com\/index.php?rest_route=\/wp\/v2\/posts\/25346\/revisions"}],"predecessor-version":[{"id":25348,"href":"https:\/\/akdenizolaygazetesi.com\/index.php?rest_route=\/wp\/v2\/posts\/25346\/revisions\/25348"}],"wp:featuredmedia":[{"embeddable":true,"href":"https:\/\/akdenizolaygazetesi.com\/index.php?rest_route=\/wp\/v2\/media\/25347"}],"wp:attachment":[{"href":"https:\/\/akdenizolaygazetesi.com\/index.php?rest_route=%2Fwp%2Fv2%2Fmedia&parent=25346"}],"wp:term":[{"taxonomy":"category","embeddable":true,"href":"https:\/\/akdenizolaygazetesi.com\/index.php?rest_route=%2Fwp%2Fv2%2Fcategories&post=25346"},{"taxonomy":"post_tag","embeddable":true,"href":"https:\/\/akdenizolaygazetesi.com\/index.php?rest_route=%2Fwp%2Fv2%2Ftags&post=25346"}],"curies":[{"name":"wp","href":"https:\/\/api.w.org\/{rel}","templated":true}]}}