{"id":25349,"date":"2023-04-24T12:44:24","date_gmt":"2023-04-24T09:44:24","guid":{"rendered":"http:\/\/akdenizolaygazetesi.com\/?p=25349"},"modified":"2023-04-24T12:44:24","modified_gmt":"2023-04-24T09:44:24","slug":"baskan-secer-tarsusta-vatandaslarla-bayramlasti","status":"publish","type":"post","link":"https:\/\/akdenizolaygazetesi.com\/?p=25349","title":{"rendered":"BA\u015eKAN SE\u00c7ER, TARSUS&#8217;TA VATANDA\u015eLARLA BAYRAMLA\u015eTI"},"content":{"rendered":"<p>Ramazan Bayram\u0131&#8217;n\u0131n ilk g\u00fcn\u00fcn\u00fc deprem b\u00f6lgesi Ad\u0131yaman&#8217;a ay\u0131ran ve depremzede yurtta\u015flarla bir araya gelen Mersin B\u00fcy\u00fck\u015fehir Belediye Ba\u015fkan\u0131 Vahap Se\u00e7er, bayram\u0131n son g\u00fcn\u00fcnde Tarsus&#8217;ta vatanda\u015flarla bir araya geldi. Tarsu AVM&#8217;yi gezen Se\u00e7er&#8217;e, 7&#8217;den 70&#8217;e t\u00fcm Tarsuslular b\u00fcy\u00fck ilgi g\u00f6sterdi.<br \/>\nBa\u015fkan Se\u00e7er&#8217;e Tarsus program\u0131nda CHP Tarsus \u0130l\u00e7e Ba\u015fkan\u0131 Ozan Varal, B\u00fcy\u00fck\u015fehir Belediyesi Genel Sekreter Yard\u0131mc\u0131s\u0131 Serdal G\u00f6kayaz, MESK\u0130 Genel M\u00fcd\u00fcr\u00fc \u0130rfan Korkmaz, Muhtarl\u0131k \u0130\u015fleri Dairesi Ba\u015fkan\u0131 Zeki Aksoy, Zab\u0131ta Dairesi Ba\u015fkan\u0131 Fuat Tu\u011fluo\u011flu, MESK\u0130 b\u00fcrokratlar\u0131 ve Meclis \u00dcyeleri Ali Uyan ile Ali Bolta\u00e7 elik etti.<br \/>\n\u00d6zellikle gen\u00e7lerin sevgi seliyle kar\u015f\u0131la\u015fan Se\u00e7er, bir kafede oturup onlarla sohbet etti. Ba\u015fkan Se\u00e7er, gen\u00e7lere &#8220;Benden bir iste\u011finiz, \u015fikayetiniz var m\u0131?&#8221; diye sorarken, \u00f6zellikle kendileri i\u00e7in yap\u0131lan \u00e7al\u0131\u015fmalardan memnun olduklar\u0131n\u0131 belirten gen\u00e7ler ise Ba\u015fkan Se\u00e7er&#8217;e &#8220;Sizden \u00e7ok memnunuz Ba\u015fkan\u0131m. Hi\u00e7bir \u015fikayetimiz yok. Her \u015fey i\u00e7in te\u015fekk\u00fcr ederiz&#8221; cevab\u0131n\u0131 verdi.<br \/>\nVatanda\u015flar\u0131n Ramazan Bayram\u0131n\u0131 kutlayan Se\u00e7er, gelen talepleri de b\u00fcrokratlar\u0131na not ald\u0131rd\u0131.<\/p>\n","protected":false},"excerpt":{"rendered":"<p>Ramazan Bayram\u0131&#8217;n\u0131n ilk g\u00fcn\u00fcn\u00fc deprem b\u00f6lgesi Ad\u0131yaman&#8217;a ay\u0131ran ve depremzede yurtta\u015flarla bir araya gelen Mersin B\u00fcy\u00fck\u015fehir Belediye Ba\u015fkan\u0131 Vahap Se\u00e7er, bayram\u0131n son g\u00fcn\u00fcnde Tarsus&#8217;ta vatanda\u015flarla bir araya geldi. Tarsu AVM&#8217;yi &hellip; <a href=\"https:\/\/akdenizolaygazetesi.com\/?p=25349\" class=\"more-link\">Devam\u0131n\u0131 Oku&#8230;<\/a><\/p>\n","protected":false},"author":2,"featured_media":25350,"comment_status":"open","ping_status":"open","sticky":false,"template":"","format":"standard","meta":[],"categories":[2,3,5],"tags":[],"_links":{"self":[{"href":"https:\/\/akdenizolaygazetesi.com\/index.php?rest_route=\/wp\/v2\/posts\/25349"}],"collection":[{"href":"https:\/\/akdenizolaygazetesi.com\/index.php?rest_route=\/wp\/v2\/posts"}],"about":[{"href":"https:\/\/akdenizolaygazetesi.com\/index.php?rest_route=\/wp\/v2\/types\/post"}],"author":[{"embeddable":true,"href":"https:\/\/akdenizolaygazetesi.com\/index.php?rest_route=\/wp\/v2\/users\/2"}],"replies":[{"embeddable":true,"href":"https:\/\/akdenizolaygazetesi.com\/index.php?rest_route=%2Fwp%2Fv2%2Fcomments&post=25349"}],"version-history":[{"count":1,"href":"https:\/\/akdenizolaygazetesi.com\/index.php?rest_route=\/wp\/v2\/posts\/25349\/revisions"}],"predecessor-version":[{"id":25351,"href":"https:\/\/akdenizolaygazetesi.com\/index.php?rest_route=\/wp\/v2\/posts\/25349\/revisions\/25351"}],"wp:featuredmedia":[{"embeddable":true,"href":"https:\/\/akdenizolaygazetesi.com\/index.php?rest_route=\/wp\/v2\/media\/25350"}],"wp:attachment":[{"href":"https:\/\/akdenizolaygazetesi.com\/index.php?rest_route=%2Fwp%2Fv2%2Fmedia&parent=25349"}],"wp:term":[{"taxonomy":"category","embeddable":true,"href":"https:\/\/akdenizolaygazetesi.com\/index.php?rest_route=%2Fwp%2Fv2%2Fcategories&post=25349"},{"taxonomy":"post_tag","embeddable":true,"href":"https:\/\/akdenizolaygazetesi.com\/index.php?rest_route=%2Fwp%2Fv2%2Ftags&post=25349"}],"curies":[{"name":"wp","href":"https:\/\/api.w.org\/{rel}","templated":true}]}}