{"id":25370,"date":"2023-04-24T17:02:56","date_gmt":"2023-04-24T14:02:56","guid":{"rendered":"http:\/\/akdenizolaygazetesi.com\/?p=25370"},"modified":"2023-04-24T17:02:56","modified_gmt":"2023-04-24T14:02:56","slug":"toroslarda-cocuklar-ara-tatili-ve-bayrami-doyasiya-yasadi","status":"publish","type":"post","link":"https:\/\/akdenizolaygazetesi.com\/?p=25370","title":{"rendered":"TOROSLAR&#8217;DA \u00c7OCUKLAR, ARA TAT\u0130L\u0130 ve BAYRAMI DOYASIYA YA\u015eADI"},"content":{"rendered":"<p>Mersin&#8217;in merkez il\u00e7esi Toroslar Belediyesinin, \u00e7ocuklar\u0131n ara tatilini ve bayram\u0131 en g\u00fczel \u015fekilde ge\u00e7irebilmesi i\u00e7in d\u00fczenledi\u011fi Toroslar \u00c7ocuk \u015eenli\u011fi, 23 Nisan Ulusal Egemenlik ve \u00c7ocuk Bayram\u0131&#8217;n\u0131n 103&#8217;\u00fcnc\u00fc y\u0131l d\u00f6n\u00fcm\u00fcnde co\u015fkuyla sona erdi.<\/p>\n<p>Kentin d\u00f6rt bir yan\u0131ndan binlerce \u00e7ocu\u011fun aileleri ile birlikte kat\u0131ld\u0131\u011f\u0131 ve 6 g\u00fcn s\u00fcren etkinlikte Yunus Emre K\u00fclt\u00fcr Merkezi&#8217;ndeki alan t\u0131kl\u0131m t\u0131kl\u0131m doldu.<\/p>\n<p>&#8220;\u00c7\u0130ZG\u0130 D\u0130Z\u0130 KAHRAMANLARI, DEV OYUN PARKURU, E\u011e\u0130T\u0130C\u0130 ve E\u011eLENCEL\u0130 AT\u00d6LYELER \u0130LE \u00c7OCUKLARIN D\u00dcNYASINA NE\u015eE KATTILAR&#8221;<\/p>\n<p>\u00c7ocuklar, ekranlar\u0131n sevilen animasyon \u00e7izgi dizi karakterleri Rafadan Tayfa, Harika Kanatlar, Kukuli, Kelo\u011flan, Niloya ve Elif&#8217;in D\u00fc\u015fleri&#8217;nin performanslar\u0131n\u0131, Hacivat-Karag\u00f6z, sihirbaz g\u00f6sterilerini keyifle izledi.<\/p>\n<p>\u015eenlik alan\u0131nda, \u015fi\u015fme oyun gruplar\u0131, animat\u00f6rler, y\u00fcz boyama ve uzay g\u00f6zlemevi gibi birbirinden e\u011fitici ve e\u011flenceli aktiviteler de yer ald\u0131.<\/p>\n<p>\u00c7ocuklar, her g\u00fcn 3 seans olarak d\u00fczenlenen ve \u00e7izgi dizi kahramanlar\u0131n\u0131n ger\u00e7e\u011fe yak\u0131n kost\u00fcmleriyle sahneye \u00e7\u0131kan tiyatrocular\u0131n g\u00f6sterileriyle \u00e7ok mutlu oldu. G\u00f6sterilerdeki m\u00fcziklere e\u015flik eden \u00e7ocuklar\u0131n heyecan\u0131 ise g\u00f6r\u00fclmeye de\u011ferdi.<\/p>\n<p>Belediyenin bu etkinli\u011fi, hem \u00e7ocuklar\u0131n hem de anne ve babalar\u0131n b\u00fcy\u00fck be\u011fenisini toplad\u0131. \u00c7ocuklar ve aileleri, Toroslar Belediye Ba\u015fkan\u0131 Ats\u0131z Af\u015f\u0131n Y\u0131lmaz&#8217;a te\u015fekk\u00fcr ederek, masal gibi bir ara tatil d\u00f6nemi ge\u00e7irdiklerini s\u00f6yledi.<\/p>\n<p>&#8220;MERS\u0130N&#8217;\u0130N EN B\u00dcY\u00dcK \u00c7OCUK \u015eENL\u0130\u011e\u0130N\u0130, \u00c7OCUKLARIMIZLA BULU\u015eTURDUK&#8221;<\/p>\n<p>Mersin&#8217;in en b\u00fcy\u00fck \u00c7ocuk \u015eenli\u011fi&#8217;ni Toroslar&#8217;da 2&#8217;nci kez hayata ge\u00e7irdiklerini belirten Ba\u015fkan Y\u0131lmaz; &#8220;Her \u015fey \u00e7ocuklar\u0131m\u0131z\u0131n g\u00fclen y\u00fcz\u00fc ve mutlulu\u011fu i\u00e7in&#8221; dedi.<\/p>\n<p>Toroslar&#8217;da b\u00fcy\u00fck bir aile olduklar\u0131n\u0131 belirten Ba\u015fkan Y\u0131lmaz, etkinliklere kat\u0131lan t\u00fcm \u00e7ocuklara ve ailelerine te\u015fekk\u00fcr ederek; &#8220;Bayramlar, sevgi ve payla\u015fman\u0131n en g\u00fczel ifadesidir. Ara tatil ve Ramazan bayram\u0131 boyunca d\u00fczenledi\u011fimiz \u00c7ocuk \u015eenli\u011fimiz, Cumhuriyetimizin kurucusu Gazi Mustafa Kemal Atat\u00fcrk&#8217;\u00fcn \u00e7ocuklar\u0131m\u0131za arma\u011fan etti\u011fi 23 Nisan Ulusal Egemenlik ve \u00c7ocuk Bayram\u0131&#8217;nda co\u015fkuyla sona erdi. \u00c7ocuklar\u0131m\u0131z\u0131n, g\u00fclen y\u00fcz\u00fc bizi mutlu etti. Toroslar Belediyesi olarak onlar\u0131 e\u011fitici ve e\u011flenceli etkinliklerle bulu\u015fturmaya devam edece\u011fiz&#8221; diye konu\u015ftu.<\/p>\n","protected":false},"excerpt":{"rendered":"<p>Mersin&#8217;in merkez il\u00e7esi Toroslar Belediyesinin, \u00e7ocuklar\u0131n ara tatilini ve bayram\u0131 en g\u00fczel \u015fekilde ge\u00e7irebilmesi i\u00e7in d\u00fczenledi\u011fi Toroslar \u00c7ocuk \u015eenli\u011fi, 23 Nisan Ulusal Egemenlik ve \u00c7ocuk Bayram\u0131&#8217;n\u0131n 103&#8217;\u00fcnc\u00fc y\u0131l d\u00f6n\u00fcm\u00fcnde co\u015fkuyla &hellip; <a href=\"https:\/\/akdenizolaygazetesi.com\/?p=25370\" class=\"more-link\">Devam\u0131n\u0131 Oku&#8230;<\/a><\/p>\n","protected":false},"author":2,"featured_media":25371,"comment_status":"open","ping_status":"open","sticky":false,"template":"","format":"standard","meta":[],"categories":[2,3,5],"tags":[],"_links":{"self":[{"href":"https:\/\/akdenizolaygazetesi.com\/index.php?rest_route=\/wp\/v2\/posts\/25370"}],"collection":[{"href":"https:\/\/akdenizolaygazetesi.com\/index.php?rest_route=\/wp\/v2\/posts"}],"about":[{"href":"https:\/\/akdenizolaygazetesi.com\/index.php?rest_route=\/wp\/v2\/types\/post"}],"author":[{"embeddable":true,"href":"https:\/\/akdenizolaygazetesi.com\/index.php?rest_route=\/wp\/v2\/users\/2"}],"replies":[{"embeddable":true,"href":"https:\/\/akdenizolaygazetesi.com\/index.php?rest_route=%2Fwp%2Fv2%2Fcomments&post=25370"}],"version-history":[{"count":1,"href":"https:\/\/akdenizolaygazetesi.com\/index.php?rest_route=\/wp\/v2\/posts\/25370\/revisions"}],"predecessor-version":[{"id":25372,"href":"https:\/\/akdenizolaygazetesi.com\/index.php?rest_route=\/wp\/v2\/posts\/25370\/revisions\/25372"}],"wp:featuredmedia":[{"embeddable":true,"href":"https:\/\/akdenizolaygazetesi.com\/index.php?rest_route=\/wp\/v2\/media\/25371"}],"wp:attachment":[{"href":"https:\/\/akdenizolaygazetesi.com\/index.php?rest_route=%2Fwp%2Fv2%2Fmedia&parent=25370"}],"wp:term":[{"taxonomy":"category","embeddable":true,"href":"https:\/\/akdenizolaygazetesi.com\/index.php?rest_route=%2Fwp%2Fv2%2Fcategories&post=25370"},{"taxonomy":"post_tag","embeddable":true,"href":"https:\/\/akdenizolaygazetesi.com\/index.php?rest_route=%2Fwp%2Fv2%2Ftags&post=25370"}],"curies":[{"name":"wp","href":"https:\/\/api.w.org\/{rel}","templated":true}]}}