{"id":25373,"date":"2023-04-25T13:13:09","date_gmt":"2023-04-25T10:13:09","guid":{"rendered":"http:\/\/akdenizolaygazetesi.com\/?p=25373"},"modified":"2023-04-25T13:13:09","modified_gmt":"2023-04-25T10:13:09","slug":"akkuyu-ngsye-ilk-yakitin-ulasmasi-icin-geri-sayim-basladi","status":"publish","type":"post","link":"https:\/\/akdenizolaygazetesi.com\/?p=25373","title":{"rendered":"AKKUYU NGS\u2019YE \u0130LK YAKITIN ULA\u015eMASI \u0130\u00c7\u0130N GER\u0130 SAYIM BA\u015eLADI"},"content":{"rendered":"<p>T\u00fcrkiye\u2019nin ilk n\u00fckleer g\u00fc\u00e7 santrali Akkuyu N\u00fckleer G\u00fc\u00e7 Santrali\u2019ne (NGS) ilk yak\u0131t\u0131n teslim edilmesine k\u0131sa bir s\u00fcre kald\u0131. Mersin\u2019in G\u00fclnar il\u00e7esinde bulunan in\u015faat sahas\u0131nda 27 Nisan\u2019da yap\u0131lacak N\u00fckleer Yak\u0131t Teslim T\u00f6reni ile Akkuyu NGS art\u0131k bir n\u00fckleer tesis stat\u00fcs\u00fcne kavu\u015facak. Santrale ilk yak\u0131t\u0131n ula\u015facak olmas\u0131n\u0131n T\u00fcrkiye\u2019nin n\u00fckleer enerji tarihinde bir milat olaca\u011f\u0131n\u0131 belirten Siyaset Bilimi ve Uluslararas\u0131 \u0130li\u015fkiler Uzman\u0131 \u0130smail Cing\u00f6z, \u201cSaha lisans\u0131 1976 y\u0131l\u0131nda verilen ve kavu\u015fmak i\u00e7in yar\u0131m as\u0131rdan fazla bekledi\u011fimiz \u00e7ok b\u00fcy\u00fck bir hayalimiz ger\u00e7e\u011fe d\u00f6n\u00fc\u015f\u00fcyor. T\u00fcrkiye Akkuyu NGS sayesinde d\u00fcnyada \u00e7ok \u00f6nemli bir yere sahip olan n\u00fckleer kul\u00fcb\u00fcn yeni \u00fcyesi olacakt\u0131r\u201d diye konu\u015ftu.<br \/>\nCing\u00f6z, \u201cD\u00fcnyada 31 \u00fclkede n\u00fckleer g\u00fc\u00e7 ile elektrik \u00fcretimi yap\u0131ld\u0131\u011f\u0131n\u0131 g\u00f6r\u00fcyoruz. Bu \u00fclkelerin bir\u00e7o\u011fu n\u00fckleer \u00e7al\u0131\u015fmalar\u0131na T\u00fcrkiye\u2019den sonra ba\u015flam\u0131\u015ft\u0131r. Maalesef ki T\u00fcrkiye 1957\u2019lerde ba\u015flam\u0131\u015f oldu\u011fu n\u00fckleer g\u00fc\u00e7 enerji teknolojisine \u00e7e\u015fitli sebeplerden dolay\u0131 bir t\u00fcrl\u00fc ge\u00e7ememi\u015ftir. Bu a\u00e7\u0131dan bakt\u0131\u011f\u0131m\u0131zda Akkuyu NGS\u2019nin hayata ge\u00e7mesi b\u00fcy\u00fck bir \u00f6nem ta\u015f\u0131yor\u201d ifadelerini kulland\u0131.<br \/>\n\u201cN\u00fckleere sahip olmak demek g\u00fc\u00e7l\u00fc \u00fclke olmak demek\u201d<br \/>\nT\u00fcrkiye\u2019nin bu ad\u0131m\u0131 uzun y\u0131llar \u00f6nce atabilecekken engellendi\u011fini belirten Cing\u00f6z, \u015funlar\u0131 s\u00f6yledi: \u201cT\u00fcrkiye\u2019nin NGS sahibi olmas\u0131n\u0131 istemeyen lobilerin veya alg\u0131 planlay\u0131c\u0131lar\u0131n\u0131n d\u0131\u015f kaynakl\u0131 olduklar\u0131 ve yerli i\u015fbirlik\u00e7ileri vas\u0131tas\u0131yla uzun y\u0131llard\u0131r T\u00fcrkiye\u2019nin n\u00fckleer kul\u00fcbe girmesini ve b\u00f6lgesel g\u00fc\u00e7 olmas\u0131n\u0131 engellemek isteyenler oldu\u011funu anlamak zor olmasa gerek. Zira n\u00fckleere sahip olmak demek g\u00fc\u00e7l\u00fc \u00fclke olmak demektir. N\u00fckleere sahip \u00fclkeler k\u00fcresel olarak \u00fcst segmentte yer al\u0131r. N\u00fckleere sahip bir \u00fclke olmak o \u00fclkenin dostlar\u0131na g\u00fcven, d\u00fc\u015fmanlar\u0131na tehdit ve cayd\u0131r\u0131c\u0131l\u0131k vermesi demektir. D\u00fcnya enerji koridoru \u00fczerinde jeostratejik konumu ile \u00f6nemli bir yere sahip olan T\u00fcrkiye\u2019nin bir de n\u00fckleere sahip \u00fclke olarak g\u00fcc\u00fcn\u00fc artt\u0131rmas\u0131n\u0131 istemeyen emperyalist \u00fclkelerin ve emperyal lobilerin manip\u00fclasyonlar\u0131 bu zamana kadar T\u00fcrkiye\u2019nin n\u00fckleere sahip olmas\u0131n\u0131 engellemi\u015ftir.\u201d<br \/>\nT\u00fcrkiye\u2019de halen n\u00fckleere kar\u015f\u0131 \u00e7\u0131kan ve n\u00fckleer enerjinin tehlike arz etti\u011fine dair yorumlar yapan bir kesimin bulundu\u011funa dikkat \u00e7eken Cing\u00f6z, bu t\u00fcr yorumlar\u0131 \u201cy\u00fcr\u00fct\u00fclen bilin\u00e7li bir alg\u0131 operasyonunun par\u00e7as\u0131\u201d olarak de\u011ferlendirdi. \u201cT\u00fcrkiye\u2019nin n\u00fckleer teknolojilere sahip olmamas\u0131 gerekti\u011fini savunanlar\u0131n ger\u00e7ek\u00e7i olmad\u0131klar\u0131n\u0131 \u00e7evremizde, hatta s\u0131n\u0131r kom\u015fumuz olan bir\u00e7ok \u00fclkede n\u00fckleer santral bulunmas\u0131ndan bile anlayabiliriz\u201d diyen \u0130smail Cing\u00f6z, \u201cN\u00fckleerin tehlikeli oldu\u011funu, T\u00fcrkiye\u2019nin n\u00fckleer santral sahibi olmamas\u0131 gerekti\u011fini ve Akkuyu NGS\u2019nin durdurulmas\u0131 gerekti\u011fini savunanlar ya yeterli bilgiye sahip de\u011filler ya da bilin\u00e7li olarak yanl\u0131\u015f bir alg\u0131 yaratmaya \u00e7al\u0131\u015f\u0131yorlar\u201d dedi.<br \/>\n\u201cN\u00fckleerde \u00e7ok geciktik, kaybedecek zaman yok\u201d<br \/>\nT\u00fcrkiye\u2019nin Akkuyu NGS in\u015faat\u0131n\u0131 durdurmak bir yana yeni n\u00fckleer santrallerin kurulumu i\u00e7in bir an \u00f6nce somut ad\u0131mlar atmas\u0131 gerekti\u011fini belirten \u0130smail Cing\u00f6z, \u015f\u00f6yle devam etti: \u201cAkkuyu NGS\u2019de geldi\u011fimiz nokta, \u00e7ok b\u00fcy\u00fck bir ba\u015far\u0131. N\u00fckleerde \u00e7ok geciktik. Art\u0131k kaybedecek zaman\u0131m\u0131z yok. Bu yol sadece enerji arz\u0131n\u0131n \u00e7e\u015fitlili\u011fini sa\u011flamak de\u011fil, teknoloji demek, geli\u015fmi\u015flik demek, refah i\u00e7inde ya\u015fayan b\u00fcy\u00fck bir \u00fclke olmak demek. Hi\u00e7 vakit ge\u00e7irmeden yeni n\u00fckleer santral projelerinin Sinop\u2019ta, \u0130\u011fneada\u2019da veya farkl\u0131 yerlerde bir bir in\u015fa edilmesi i\u00e7in daha g\u00fc\u00e7l\u00fc ad\u0131mlar at\u0131lmal\u0131d\u0131r.\u201d<br \/>\nAvrupa\u2019da da yeni n\u00fckleer yat\u0131r\u0131mlar yolda<br \/>\nAkkuyu NGS\u2019nin in\u015fas\u0131 konusunda uzun y\u0131llar olumsuz yakla\u015f\u0131m sergileyen ve projenin iptalini isteyen Avrupa \u00fclkeleri de n\u00fckleer santralleri kapatma takvimini ask\u0131ya almaya ba\u015flad\u0131. Elektrik ihtiyac\u0131n\u0131n yakla\u015f\u0131k y\u00fczde 25&#8217;ini n\u00fckleer santrallerden kar\u015f\u0131layan Avrupa\u2019da; Bel\u00e7ika, n\u00fckleer reakt\u00f6rleri devreden \u00e7\u0131karma plan\u0131n\u0131 ertelemeye karar veren ilk \u00fclkelerden biri olurken, son 10 y\u0131ld\u0131r kademeli \u015fekilde n\u00fckleer santrallerini kapatan Almanya\u2019da bile kafalar olduk\u00e7a kar\u0131\u015f\u0131k. Bu konuda olduk\u00e7a sert tart\u0131\u015fmalar\u0131n ya\u015fand\u0131\u011f\u0131 \u00fclke bir yandan n\u00fckleerden vazge\u00e7me yolunda ad\u0131mlar atarken bir yandan da n\u00fckleer yerine k\u00f6m\u00fcre d\u00f6n\u00fc\u015f durumunda iklim de\u011fi\u015fikli\u011fi sorunu ve y\u00fcksek enerji fiyatlar\u0131 nedeniyle meydana gelebilecek riskleri konu\u015fuyor. Bu \u00fclkelerin yan\u0131 s\u0131ra Japonya, Birle\u015fik Krall\u0131k, Fransa, ABD, Kanada ve \u00c7in ba\u015fta olmak \u00fczere bir\u00e7ok \u00fclke de yeni n\u00fckleer yat\u0131r\u0131m planlar\u0131n\u0131 hayata ge\u00e7irmeye haz\u0131rlan\u0131yor. Birle\u015fik Krall\u0131k ayr\u0131ca n\u00fckleere yenilenebilir enerji kaynaklar\u0131 ile ayn\u0131 yat\u0131r\u0131m te\u015fviklerinin sa\u011flanmas\u0131, n\u00fckleerin \u00e7evresel olarak s\u00fcrd\u00fcr\u00fclebilir bir enerji s\u0131n\u0131f\u0131na al\u0131nmas\u0131 ve yeni k\u00fc\u00e7\u00fck mod\u00fcler reakt\u00f6rlerin (SMR) in\u015fas\u0131 konular\u0131n\u0131 da yak\u0131n zamanda parlamentoya sundu.<br \/>\nAyr\u0131ca Macar d\u00fc\u015f\u00fcnce kurulu\u015fu Sz\u00e1zadv\u00e9g Vakf\u0131 taraf\u0131ndan yap\u0131lan Avrupa Projesi anketi de Avrupa vatanda\u015flar\u0131n\u0131n n\u00fckleere bak\u0131\u015f\u0131n\u0131n her ge\u00e7en g\u00fcn daha olumlu bir seviyeye y\u00fckseldi\u011fini ortaya koyuyor. Buna g\u00f6re Avrupa \u00fclkelerinde enerjinin b\u00fcy\u00fck \u00e7o\u011funlu\u011funun n\u00fckleerden kar\u015f\u0131lanmas\u0131 gerekti\u011fini d\u00fc\u015f\u00fcnenlerin oran\u0131 2022 y\u0131l\u0131nda bir \u00f6nceki y\u0131la g\u00f6re y\u00fczde 14 oran\u0131nda artarak y\u00fczde 40\u2019a y\u00fckseldi. N\u00fckleer kar\u015f\u0131t\u0131 se\u00e7menlerin oran\u0131 ise y\u00fczde 26\u2019dan y\u00fczde 15&#8217;e d\u00fc\u015ft\u00fc.<br \/>\nGeli\u015fmi\u015f \u00fclkelerin n\u00fckleer ser\u00fcveni T\u00fcrkiye\u2019ye \u00f6rnek olabilir<br \/>\nUzmanlara g\u00f6re de \u00fclkeler enerji karmas\u0131nda n\u00fckleere yer ay\u0131rd\u0131k\u00e7a sosyal ve ekonomik refah seviyeleri y\u00fckseliyor. Siyaset Bilimi ve Uluslararas\u0131 \u0130li\u015fkiler Uzman\u0131 \u0130smail Cing\u00f6z, bu konuda \u015funlar\u0131 s\u00f6yledi: \u201cT\u00fcrkiye ile ayn\u0131 y\u0131llarda n\u00fckleer ser\u00fcvenini ba\u015flatm\u0131\u015f olan G\u00fcney Kore, \u015fu an elektri\u011finin yakla\u015f\u0131k \u00fc\u00e7te birini n\u00fckleerden sa\u011flamaktad\u0131r ve uzun y\u0131llar boyunca edindi\u011fi tecr\u00fcbe sayesinde kendi n\u00fckleer teknolojilerini \u00fcreten, n\u00fckleer santral in\u015fa eden bir \u00fclke seviyesine gelmi\u015ftir. G\u00fcney Kore bu teknolojileri hem kendi \u00fclkesinde elektrik \u00fcretmek i\u00e7in kullanmakta, hem de \u00fclke d\u0131\u015f\u0131na bu teknolojileri ihra\u00e7 etmektedir. \u00d6rne\u011fin \u015fu anda 20 milyar dolarl\u0131k bir s\u00f6zle\u015fme kapsam\u0131nda Birle\u015fik Arap Emirlikleri&#8217;nin ilk n\u00fckleer enerji santralinin in\u015fas\u0131nda yer al\u0131yor. N\u00fckleer enerji G\u00fcney Kore i\u00e7in stratejik bir \u00f6ncelikti, geli\u015fmi\u015fli\u011fini de bu teknolojiye bor\u00e7lu. Mart 2022&#8217;de se\u00e7ilen Ba\u015fkan Yoon Suk-yeol 2030 y\u0131l\u0131nda elektri\u011fin en az %30&#8217;unun n\u00fckleerden sa\u011flanmas\u0131 hedefini koydu. Bizler de ayn\u0131 d\u00f6nemlerde T\u00fcrkiye\u2019yi n\u00fckleer teknoloji ile tan\u0131\u015ft\u0131rm\u0131\u015f olsayd\u0131k \u015fu an G\u00fcney Kore benzeri bir pozisyonda olabilir, kendi teknolojimizi ihra\u00e7 edebilirdik. T\u00fcrkiye\u2019nin hayali olan Akkuyu bu nedenle de bizim i\u00e7in b\u00fcy\u00fck bir \u00f6nem ta\u015f\u0131maktad\u0131r. Bir ba\u015fka \u00f6rnek ise Fransa\u2026 T\u00fcrkiye\u2019nin n\u00fckleer i\u00e7in ad\u0131m att\u0131\u011f\u0131 y\u0131llarda Fransa\u2019da bu konuyla ilgili en ufak bir \u00e7al\u0131\u015fma bile yoktu. Oysa bug\u00fcn Fransa, \u00e7ok d\u00fc\u015f\u00fck \u00fcretim maliyeti nedeniyle d\u00fcnyan\u0131n en b\u00fcy\u00fck net elektrik ihracat\u00e7\u0131s\u0131d\u0131r ve bundan y\u0131lda 3 milyar Euro\u2019nun \u00fczerinde kazan\u00e7 elde etmektedir. Elektri\u011finin yakla\u015f\u0131k y\u00fczde 70&#8217;ini n\u00fckleer enerjiden elde edilmektedir. N\u00fckleer enerji \u015fu anda Fransa&#8217;daki t\u00fcm fosil yak\u0131t santrallerinin yerini alm\u0131\u015f durumda ve tekrarlayan petrol fiyat\u0131 istikrars\u0131zl\u0131klar\u0131n\u0131n Frans\u0131z ekonomisi \u00fczerindeki k\u00f6t\u00fc etkilerini \u00f6nemli \u00f6l\u00e7\u00fcde azalt\u0131yor. Fransa\u2019da havac\u0131l\u0131k ve otomobilden sonra en b\u00fcy\u00fck \u00fc\u00e7\u00fcnc\u00fc sekt\u00f6r\u00fc n\u00fckleer sanayi olu\u015fturuyor. \u00dclkenin ticaret dengesine y\u0131lda 6 milyar Euro katk\u0131da bulunuyor. 2500 \u015firket ve 220.000 do\u011frudan ve dolayl\u0131 istihdam ile Fransa&#8217;n\u0131n enerji ba\u011f\u0131ms\u0131zl\u0131\u011f\u0131na, b\u00f6lgesel kalk\u0131nmas\u0131na ve istihdam\u0131na katk\u0131da bulunan bir end\u00fcstri. Bu veriler tabii ki 40 y\u0131ll\u0131k bir n\u00fckleer ge\u00e7mi\u015fi simgeliyor. Ama bunlara bakmak bile do\u011fru yolda ilerlersek n\u00fckleer enerjili gelece\u011fimizin nas\u0131l olaca\u011f\u0131n\u0131 g\u00f6steriyor. Ayn\u0131 \u015fekilde \u0130sve\u00e7, \u00fcretti\u011fi elektri\u011fin y\u00fczde 40\u2019\u0131n\u0131, Bel\u00e7ika yar\u0131s\u0131n\u0131 n\u00fckleer reakt\u00f6rlerden elde ediyor. Kanada\u2019da bu oran \u015fu anda y\u00fczde 15 civar\u0131nda. \u0130spanya ise elektrik ihtiyac\u0131n\u0131n yakla\u015f\u0131k 5\u2019te 1\u2019ini kar\u015f\u0131layan 7 n\u00fckleer reakt\u00f6re sahip. \u00d6zetle Avrupa\u2019ya bakt\u0131\u011f\u0131m\u0131zda toplamda 103 reakt\u00f6r\u00fcn operasyonda oldu\u011funu ve Avrupa\u2019n\u0131n elektri\u011finin y\u00fczde 25\u2019lik k\u0131sm\u0131n\u0131 n\u00fckleerden elde etti\u011fini g\u00f6r\u00fcyoruz. B\u00fct\u00fcn bu rakamlar n\u00fckleerin geli\u015fmi\u015f \u00fclkelerin elektrik ihtiyac\u0131n\u0131 kar\u015f\u0131lamada ne denli \u00f6nemli bir yere sahip oldu\u011funu ortaya koyuyor. T\u00fcrkiye de n\u00fckleere ili\u015fkin \u00e7al\u0131\u015fmalar\u0131n\u0131 erkenden ba\u015flatsayd\u0131 biz de bu tablodaki yerimizi alabilirdik. Akkuyu NGS\u2019nin ne kadar stratejik ve kilit bir yat\u0131r\u0131m oldu\u011funu b\u00f6ylece bir kez daha anlayabiliriz.\u201d<br \/>\n\u201cAkkuyu NGS bir okul vazifesi g\u00f6recek\u201d<br \/>\nCing\u00f6z, Akkuyu NGS\u2019nin T\u00fcrkiye\u2019nin gelecekte in\u015fa edece\u011fi n\u00fckleer santrallerinde \u00e7al\u0131\u015facak insan kaynaklar\u0131n\u0131n ilk yeti\u015fti\u011fi yer olarak da tarihe ge\u00e7ece\u011fini belirterek \u015funlar\u0131 s\u00f6yledi: \u201cAkkuyu NGS\u2019de yeti\u015fecek ve deneyim kazanacak T\u00fcrk n\u00fckleer m\u00fchendislerin bayra\u011f\u0131 daha ileri seviyelere ta\u015f\u0131yabilecek imk\u00e2n ve kabiliyetlere sahip olacaklar\u0131 unutulmamal\u0131d\u0131r. Santral, T\u00fcrkiye\u2019nin n\u00fckleer ser\u00fcveninde adeta bir okul vazifesi g\u00f6recektir. Burada yeti\u015fecek ve deneyim kazanacak T\u00fcrk m\u00fchendisler yeni n\u00fckleer yat\u0131r\u0131mlara \u00f6nc\u00fcl\u00fck edeceklerdir. Dolay\u0131s\u0131yla T\u00fcrkiye karar al\u0131c\u0131 mekanizmalar\u0131 ve halk\u0131n yeni NGS kurulumlar\u0131 i\u00e7in hem kendine olan g\u00fcvenleri artacak hem de n\u00fckleer konusundaki olumsuz \u00f6nyarg\u0131 ve \u00e7ekinceleri giderilmi\u015f olacakt\u0131r. Santral ayn\u0131 zamanda T\u00fcrkiye\u2019nin gelecekte b\u00f6lgesel bir g\u00fc\u00e7 olmas\u0131 a\u00e7\u0131s\u0131ndan \u00f6nemli bir mihenk ta\u015f\u0131 olacakt\u0131r. Akkuyu NGS ile yakla\u015f\u0131k 68 y\u0131ll\u0131k n\u00fckleer enerji hayalini ger\u00e7ekle\u015ftirmeye haz\u0131rlan\u0131yoruz. Elektrik ihtiyac\u0131m\u0131z\u0131n yakla\u015f\u0131k y\u00fczde 10\u2019unu kar\u015f\u0131layacak proje, iklim de\u011fi\u015fikli\u011fiyle m\u00fccadeleden yeni nesil teknolojilerin geli\u015fimine, enerji ba\u011f\u0131ms\u0131zl\u0131\u011f\u0131ndan istihdama kadar say\u0131s\u0131z katk\u0131 ile \u00fclke ekonomisinin itici g\u00fcc\u00fc olacak. Akkuyu NGS\u2019de \u015fu anda bildi\u011fimiz kadar\u0131yla 200\u2019\u00fcn \u00fczerinde Rusya\u2019da \u00e7ok y\u00f6nl\u00fc e\u011fitim alarak yeti\u015fmi\u015f T\u00fcrk n\u00fckleer m\u00fchendis bulunuyor. \u00c7ok say\u0131da \u00f6\u011frenci de Rusya\u2019da bu alanda e\u011fitim g\u00f6rmeye devam ediyor. \u0130leriki a\u015famada T\u00fcrkiye\u2019nin n\u00fckleer teknolojiye sahip olmas\u0131 i\u00e7in kilometre ta\u015f\u0131 g\u00f6revi g\u00f6recek olan bu n\u00fckleer uzmanlar\u0131 Akkuyu sayesinde yeti\u015fmeye ba\u015flad\u0131. Akkuyu\u2019nun in\u015faat a\u015famas\u0131ndan itibaren yeti\u015fmeye ba\u015flayan bu T\u00fcrk m\u00fchendisler, ilerleyen zamanlarda T\u00fcrkiye\u2019nin yeni n\u00fckleer at\u0131l\u0131mlar\u0131nda \u00f6nemli g\u00f6revler \u00fcstlenecek, lokomotif olacakt\u0131r. G\u00fc\u00e7l\u00fc \u00fclke olman\u0131n yolu, enerjide ve teknolojide g\u00fc\u00e7l\u00fc olmak demektir. D\u0131\u015fa ba\u011f\u0131ml\u0131l\u0131\u011f\u0131n olmamas\u0131, minimuma d\u00fc\u015f\u00fcr\u00fclmesi demektir.\u201d <\/p>\n","protected":false},"excerpt":{"rendered":"<p>T\u00fcrkiye\u2019nin ilk n\u00fckleer g\u00fc\u00e7 santrali Akkuyu N\u00fckleer G\u00fc\u00e7 Santrali\u2019ne (NGS) ilk yak\u0131t\u0131n teslim edilmesine k\u0131sa bir s\u00fcre kald\u0131. Mersin\u2019in G\u00fclnar il\u00e7esinde bulunan in\u015faat sahas\u0131nda 27 Nisan\u2019da yap\u0131lacak N\u00fckleer Yak\u0131t Teslim &hellip; <a href=\"https:\/\/akdenizolaygazetesi.com\/?p=25373\" class=\"more-link\">Devam\u0131n\u0131 Oku&#8230;<\/a><\/p>\n","protected":false},"author":2,"featured_media":25374,"comment_status":"open","ping_status":"open","sticky":false,"template":"","format":"standard","meta":[],"categories":[3,11],"tags":[],"_links":{"self":[{"href":"https:\/\/akdenizolaygazetesi.com\/index.php?rest_route=\/wp\/v2\/posts\/25373"}],"collection":[{"href":"https:\/\/akdenizolaygazetesi.com\/index.php?rest_route=\/wp\/v2\/posts"}],"about":[{"href":"https:\/\/akdenizolaygazetesi.com\/index.php?rest_route=\/wp\/v2\/types\/post"}],"author":[{"embeddable":true,"href":"https:\/\/akdenizolaygazetesi.com\/index.php?rest_route=\/wp\/v2\/users\/2"}],"replies":[{"embeddable":true,"href":"https:\/\/akdenizolaygazetesi.com\/index.php?rest_route=%2Fwp%2Fv2%2Fcomments&post=25373"}],"version-history":[{"count":1,"href":"https:\/\/akdenizolaygazetesi.com\/index.php?rest_route=\/wp\/v2\/posts\/25373\/revisions"}],"predecessor-version":[{"id":25375,"href":"https:\/\/akdenizolaygazetesi.com\/index.php?rest_route=\/wp\/v2\/posts\/25373\/revisions\/25375"}],"wp:featuredmedia":[{"embeddable":true,"href":"https:\/\/akdenizolaygazetesi.com\/index.php?rest_route=\/wp\/v2\/media\/25374"}],"wp:attachment":[{"href":"https:\/\/akdenizolaygazetesi.com\/index.php?rest_route=%2Fwp%2Fv2%2Fmedia&parent=25373"}],"wp:term":[{"taxonomy":"category","embeddable":true,"href":"https:\/\/akdenizolaygazetesi.com\/index.php?rest_route=%2Fwp%2Fv2%2Fcategories&post=25373"},{"taxonomy":"post_tag","embeddable":true,"href":"https:\/\/akdenizolaygazetesi.com\/index.php?rest_route=%2Fwp%2Fv2%2Ftags&post=25373"}],"curies":[{"name":"wp","href":"https:\/\/api.w.org\/{rel}","templated":true}]}}