{"id":25376,"date":"2023-04-25T13:16:25","date_gmt":"2023-04-25T10:16:25","guid":{"rendered":"http:\/\/akdenizolaygazetesi.com\/?p=25376"},"modified":"2023-04-25T13:16:25","modified_gmt":"2023-04-25T10:16:25","slug":"mersin-orman-bolge-mudurlugunde-bayramlasma-2","status":"publish","type":"post","link":"https:\/\/akdenizolaygazetesi.com\/?p=25376","title":{"rendered":"Mersin Orman B\u00f6lge M\u00fcd\u00fcrl\u00fc\u011f\u00fcnde Bayramla\u015fma"},"content":{"rendered":"<p>Mersin Orman B\u00f6lge M\u00fcd\u00fcr\u00fc Mustafa Yal\u00e7\u0131n, Ramazan Bayram\u0131 dolay\u0131s\u0131yla b\u00f6lge m\u00fcd\u00fcrl\u00fc\u011f\u00fcm\u00fcz sosyal tesislerinde ger\u00e7ekle\u015fen bayramla\u015fma merasiminde personelle bir araya geldi.<\/p>\n<p>Kamu sendikalar\u0131 memur ve i\u015f\u00e7i temsilcileri, B\u00f6lge M\u00fcd\u00fcr Yard\u0131mc\u0131lar\u0131m\u0131z Mehmet Fulin, Ya\u015far Yaman Sa\u011flam ve Ali Ki\u015fi, \u015fube m\u00fcd\u00fcrleri, i\u015fletme m\u00fcd\u00fcr\u00fc, fidanl\u0131k m\u00fcd\u00fcr\u00fc ve personelin kat\u0131l\u0131m\u0131yla b\u00f6lge m\u00fcd\u00fcrl\u00fc\u011f\u00fcm\u00fcz sosyal tesislerinde bayramla\u015fma yap\u0131ld\u0131.  <\/p>\n<p>Bayramla\u015fma program\u0131nda birli\u011fe, beraberli\u011fe, karde\u015fli\u011fe ve bayramlar\u0131n g\u00fczelli\u011fine dair yapm\u0131\u015f oldu\u011fu konu\u015fmas\u0131nda B\u00f6lge M\u00fcd\u00fcr\u00fc Yal\u00e7\u0131n \u201cZorlu ge\u00e7irdi\u011fimiz 6 \u015eubat deprem felaketinin ard\u0131ndan, rahmet ve bereket ay\u0131 olan Ramazan\u2019\u0131 hep beraber idrak ettik. Bu y\u0131l buruk ya\u015fad\u0131\u011f\u0131m\u0131z Ramazan Bayram\u0131n\u0131n, t\u00fcm insanlar\u0131 birbirlerine daha \u00e7ok yakla\u015ft\u0131rmas\u0131na, darg\u0131nl\u0131klar\u0131n ortadan kalkmas\u0131na, karde\u015flik ve dostluk duygular\u0131n\u0131n daha da kuvvetlenmesi gerekti\u011fine inan\u0131yorum. B\u00fcy\u00fck deprem felaketinde hayat\u0131n\u0131 kaybeden vatanda\u015flar\u0131m\u0131za Allah\u2019tan rahmet kederli ailelerine ba\u015fsa\u011fl\u0131\u011f\u0131, yaral\u0131lar\u0131m\u0131za acil \u015fifalar dilerim. Yang\u0131n d\u00f6nemine yakla\u015ft\u0131\u011f\u0131m\u0131z bug\u00fcnlerde her kademedeki personelin g\u00f6revleriyle ilgili konularda daha hassas davranmalar\u0131n\u0131 rica ediyorum. Ramazan Bayram\u0131n\u0131n sizin, ailenizin ve insanl\u0131\u011f\u0131n hayr\u0131na vesile olmas\u0131n\u0131 diliyor hepinizi sayg\u0131yla selaml\u0131yorum\u201d dedi.   <\/p>\n<p>B\u00f6lge M\u00fcd\u00fcr\u00fcm\u00fcz\u00fcn yapm\u0131\u015f oldu\u011fu konu\u015fma sonras\u0131nda sunulan ikramlar ve yap\u0131lan sohbetlerle program sona erdi.<\/p>\n","protected":false},"excerpt":{"rendered":"<p>Mersin Orman B\u00f6lge M\u00fcd\u00fcr\u00fc Mustafa Yal\u00e7\u0131n, Ramazan Bayram\u0131 dolay\u0131s\u0131yla b\u00f6lge m\u00fcd\u00fcrl\u00fc\u011f\u00fcm\u00fcz sosyal tesislerinde ger\u00e7ekle\u015fen bayramla\u015fma merasiminde personelle bir araya geldi. Kamu sendikalar\u0131 memur ve i\u015f\u00e7i temsilcileri, B\u00f6lge M\u00fcd\u00fcr Yard\u0131mc\u0131lar\u0131m\u0131z Mehmet &hellip; <a href=\"https:\/\/akdenizolaygazetesi.com\/?p=25376\" class=\"more-link\">Devam\u0131n\u0131 Oku&#8230;<\/a><\/p>\n","protected":false},"author":2,"featured_media":25377,"comment_status":"open","ping_status":"open","sticky":false,"template":"","format":"standard","meta":[],"categories":[2,3],"tags":[],"_links":{"self":[{"href":"https:\/\/akdenizolaygazetesi.com\/index.php?rest_route=\/wp\/v2\/posts\/25376"}],"collection":[{"href":"https:\/\/akdenizolaygazetesi.com\/index.php?rest_route=\/wp\/v2\/posts"}],"about":[{"href":"https:\/\/akdenizolaygazetesi.com\/index.php?rest_route=\/wp\/v2\/types\/post"}],"author":[{"embeddable":true,"href":"https:\/\/akdenizolaygazetesi.com\/index.php?rest_route=\/wp\/v2\/users\/2"}],"replies":[{"embeddable":true,"href":"https:\/\/akdenizolaygazetesi.com\/index.php?rest_route=%2Fwp%2Fv2%2Fcomments&post=25376"}],"version-history":[{"count":1,"href":"https:\/\/akdenizolaygazetesi.com\/index.php?rest_route=\/wp\/v2\/posts\/25376\/revisions"}],"predecessor-version":[{"id":25378,"href":"https:\/\/akdenizolaygazetesi.com\/index.php?rest_route=\/wp\/v2\/posts\/25376\/revisions\/25378"}],"wp:featuredmedia":[{"embeddable":true,"href":"https:\/\/akdenizolaygazetesi.com\/index.php?rest_route=\/wp\/v2\/media\/25377"}],"wp:attachment":[{"href":"https:\/\/akdenizolaygazetesi.com\/index.php?rest_route=%2Fwp%2Fv2%2Fmedia&parent=25376"}],"wp:term":[{"taxonomy":"category","embeddable":true,"href":"https:\/\/akdenizolaygazetesi.com\/index.php?rest_route=%2Fwp%2Fv2%2Fcategories&post=25376"},{"taxonomy":"post_tag","embeddable":true,"href":"https:\/\/akdenizolaygazetesi.com\/index.php?rest_route=%2Fwp%2Fv2%2Ftags&post=25376"}],"curies":[{"name":"wp","href":"https:\/\/api.w.org\/{rel}","templated":true}]}}