{"id":25379,"date":"2023-04-25T13:19:05","date_gmt":"2023-04-25T10:19:05","guid":{"rendered":"http:\/\/akdenizolaygazetesi.com\/?p=25379"},"modified":"2023-04-25T13:19:05","modified_gmt":"2023-04-25T10:19:05","slug":"buyuksehirin-kursiyerleri-is-hayatina-1-adim-onde-basliyor","status":"publish","type":"post","link":"https:\/\/akdenizolaygazetesi.com\/?p=25379","title":{"rendered":"B\u00dcY\u00dcK\u015eEH\u0130R&#8217;\u0130N KURS\u0130YERLER\u0130 \u0130\u015e HAYATINA 1 ADIM \u00d6NDE BA\u015eLIYOR"},"content":{"rendered":"<p>Mersin B\u00fcy\u00fck\u015fehir Belediye Ba\u015fkan\u0131 Vahap Se\u00e7er \u00f6nc\u00fcl\u00fc\u011f\u00fcnde kurulan Kariyer Merkezi, i\u015f arayanlara istihdam kap\u0131lar\u0131n\u0131 aralamaya devam ediyor. Kariyer Merkezi&#8217;ne ba\u015fvuranlardan 1384&#8217;\u00fc kad\u0131n ve 3 bin 195&#8217;i erkek olmak \u00fczere, bug\u00fcne kadar toplam 4 bin 579 vatanda\u015f i\u015f sahibi oldu. Kariyer Merkezi&#8217;nin fark yaratan projelerinden biri olan &#8216;Yetenek D\u00f6n\u00fc\u015f\u00fcm Projesi&#8217;ne ba\u015fvuran 34&#8217;\u00fc kad\u0131n ve 31&#8217;i erkek olmak \u00fczere, toplam 65 ki\u015fi de istihdama kat\u0131ld\u0131.<br \/>\nMersin B\u00fcy\u00fck\u015fehir Belediyesi Kariyer Merkezi&#8217;nin \u00f6nc\u00fcl\u00fck etti\u011fi &#8216;Yetenek D\u00f6n\u00fc\u015f\u00fcm Projesi&#8217;nin, turizm alan\u0131nda ger\u00e7ekle\u015ftirdi\u011fi mesleki e\u011fitime kat\u0131lan ve Kariyer Merkezi&#8217;nin i\u015f birlik\u00e7isi oldu\u011fu Mersin Divan Otel&#8217;de e\u011fitim g\u00f6ren Serhat La\u015fer Can Duman, Mert \u00dcst\u00fcn ve Tu\u011f\u00e7e B\u00fcte, e\u011fitim ald\u0131klar\u0131 otelde Kariyer Merkezi sayesinde i\u015f imkan\u0131 buldu.<br \/>\n\u00dcst\u00fcn: &#8220;E\u011fitimin ard\u0131ndan m\u00fclakata \u00e7a\u011f\u0131r\u0131ld\u0131k ve hemen istihdam edildik&#8221;<br \/>\nServis Eleman\u0131 sertifikasyon program\u0131na kat\u0131lan ve \u015fu anda Mersin Divan Otel&#8217;de garson olarak g\u00f6rev alan 19 ya\u015f\u0131ndaki Mert \u00dcst\u00fcn, Kariyer Merkezi&#8217;ne ba\u015fvurma s\u00fcrecini anlatarak, &#8220;Ekim ay\u0131nda instagramdan bir etkinlik oldu\u011funu g\u00f6rd\u00fcm. Mersin Kariyer Merkezi&#8217;nin &#8216;Yetenek D\u00f6n\u00fc\u015f\u00fcm Projesi&#8217;,  program\u0131na ba\u015fvurdum. Asl\u0131nda \u00e7ok beklentim yoktu, \u00e7\u00fcnk\u00fc \u00e7ok ba\u015fvuru olmu\u015ftu. Fakat sonras\u0131nda programa se\u00e7ildi\u011fimi \u00f6\u011frendim&#8221; dedi.<br \/>\nE\u011fitimin hemen ard\u0131ndan m\u00fclakata \u00e7a\u011f\u0131r\u0131ld\u0131\u011f\u0131n\u0131 ve bunun kendisini \u00e7ok mutlu etti\u011fini s\u00f6yleyen \u00dcst\u00fcn, &#8220;Divan Mersin&#8217;de 192 saatlik bir e\u011fitim ald\u0131k. E\u011fitim bittikten sonra, bizlere istihdam sa\u011flanaca\u011f\u0131 s\u00f6ylendi. Bir m\u00fclakat ger\u00e7ekle\u015ftirdik. M\u00fclakattan sonra bizlere istihdam sa\u011fland\u0131. Ben ve birka\u00e7 arkada\u015f\u0131m, \u015fu an Divan Mersin&#8217;de \u00e7al\u0131\u015fmaktay\u0131z. Burada bir\u00e7ok yeni insanla tan\u0131\u015ft\u0131m. Ayn\u0131 zamanda buraya gelen turistler ve misafirlerle sohbet imk\u00e2n\u0131m oldu. E\u011fitimden ald\u0131klar\u0131m\u0131n yan\u0131nda, bir\u00e7ok \u015fey \u00f6\u011frenmeye de devam ediyorum&#8221; ifadelerini kulland\u0131.<br \/>\n&#8220;\u0130\u015f hayat\u0131na 1-0 \u00f6nde ba\u015flad\u0131k&#8221;<br \/>\n&#8216;Yetenek D\u00f6n\u00fc\u015f\u00fcm Projesi&#8217; ile i\u015f hayat\u0131na 1-0 \u00f6nde ba\u015flad\u0131\u011f\u0131n\u0131 vurgulayan \u00dcst\u00fcn, &#8220;Ger\u00e7ekten bana istihdam konusunda \u00e7ok b\u00fcy\u00fck bir fayda sa\u011flad\u0131. Servis komisi e\u011fitiminin d\u0131\u015f\u0131nda, yine ayn\u0131 \u015fekilde kat hizmetleri gibi bir\u00e7ok e\u011fitim veriliyor. Kariyer Merkezi&#8217;nin verdi\u011fi bu e\u011fitimlerin faydal\u0131 oldu\u011funu, ger\u00e7ekten takdir edilmesi gerekti\u011fini d\u00fc\u015f\u00fcn\u00fcyorum. B\u00fcy\u00fck\u015fehir Belediyesi&#8217;ne ve Kariyer Merkezi&#8217;ne \u00e7ok te\u015fekk\u00fcr ediyorum. Bizlere \u00e7ok b\u00fcy\u00fck katk\u0131lar sa\u011flad\u0131&#8221; diye konu\u015ftu.<\/p>\n<p>Duman: &#8220;Ald\u0131\u011f\u0131m\u0131z kursun bize \u00e7ok b\u00fcy\u00fck faydalar\u0131 oldu&#8221;<br \/>\nAyn\u0131 otelde garson olarak \u00e7al\u0131\u015fan Serhat La\u015fer Can Duman ise, Kariyer Merkezi&#8217;nin kendilerine b\u00fcy\u00fck fayda sa\u011flad\u0131\u011f\u0131n\u0131 ve ald\u0131klar\u0131 donan\u0131ml\u0131 e\u011fitim sayesinde kolayca i\u015f bulabildiklerini vurgulayarak, &#8220;Yakla\u015f\u0131k 2 ay s\u00fcren bir e\u011fitim ald\u0131k. Bu s\u00fcre\u00e7te Kariyer Merkezi bize \u00e7ok yard\u0131mc\u0131 oldu. Divan Mersin&#8217;de e\u011fitimimizi ald\u0131k. \u00c7ok donan\u0131ml\u0131 bir e\u011fitim ald\u0131k. Kurs bitiminde burada bir g\u00f6r\u00fc\u015fme sa\u011flad\u0131k ve yakla\u015f\u0131k 2 g\u00fcn sonra i\u015fe ba\u015flad\u0131k. Ald\u0131\u011f\u0131m\u0131z kursun bize \u00e7ok b\u00fcy\u00fck faydalar\u0131 oldu. Burada \u00f6nde ba\u015flad\u0131k diyebilirim&#8221; dedi.<br \/>\n&#8220;Burada ald\u0131\u011f\u0131m\u0131z 2 ayl\u0131k e\u011fitimde, sanki y\u0131llard\u0131r \u00e7al\u0131\u015f\u0131yormu\u015f gibi bir bilgi ve deneyime sahip olduk&#8221; diyen Duman, &#8220;Bunun bize \u00e7ok b\u00fcy\u00fck art\u0131lar\u0131 oldu. \u00c7\u00fcnk\u00fc i\u00e7inde bulundu\u011fumuz s\u00fcre\u00e7te, i\u015f bulmak ger\u00e7ekten \u00e7ok zor. Ben Kariyer Merkezi&#8217;yle s\u00fcrekli ileti\u015fim halindeydim. A\u00e7\u0131lan etkinlikler i\u00e7in s\u00fcrekli Kariyer Merkezi binas\u0131na gidiyordum ve g\u00f6r\u00fc\u015fmeler sa\u011fl\u0131yordum. Oradan bana SMS geldi ve ayn\u0131 g\u00fcn gidip ba\u015fvuru yapt\u0131m&#8221; diye konu\u015ftu.<br \/>\nB\u00fcte: &#8220;Burada \u00e7al\u0131\u015f\u0131p evimi ge\u00e7indiriyorum&#8221;<br \/>\nOtelde kat g\u00f6revlisi olarak g\u00f6rev yapan Tu\u011f\u00e7e B\u00fcte de, &#8216;Yetenek D\u00f6n\u00fc\u015f\u00fcm Projesi&#8217;ni sosyal medyadan g\u00f6rd\u00fc\u011f\u00fcn\u00fc ve i\u015f bulabilmek umuduyla hemen ba\u015fvuru yapt\u0131\u011f\u0131n\u0131, ald\u0131\u011f\u0131 e\u011fitim sonucunda da h\u0131zl\u0131ca i\u015f bulabildi\u011fini belirtti. Ba\u015fvuru ve kurs s\u00fcrecini anlatan B\u00fcte, &#8220;Online ba\u015fvuru yapt\u0131m. Ba\u015fvurudan sonra arad\u0131lar, m\u00fclakata \u00e7a\u011f\u0131rd\u0131lar. M\u00fclakata geldim, se\u00e7ildim. Kursa ba\u015flad\u0131ktan sonra e\u011fitim ba\u015flad\u0131. Daha sonra burada i\u015fe ba\u015flad\u0131m. Hepsine \u00e7ok te\u015fekk\u00fcr ediyorum. Benim i\u00e7in her \u015fey g\u00fczeldi&#8221; ifadelerine yer verdi. Kariyer Merkezi sayesinde buldu\u011fu i\u015finden \u00e7ok memnun oldu\u011funu s\u00f6zlerine ekleyen B\u00fcte, &#8220;Hemen olmas\u0131, e\u011fitimin g\u00fczel ge\u00e7mesi \u00e7ok g\u00fczel bir \u015fey. Halen g\u00f6r\u00fc\u015f\u00fcyoruz. Hepsine \u00e7ok te\u015fekk\u00fcr ediyorum. G\u00fczel bir duygu, burada \u00e7al\u0131\u015f\u0131p evimi ge\u00e7indiriyorum. Kariyer Merkezi bana bir aile&#8221; dedi.<\/p>\n","protected":false},"excerpt":{"rendered":"<p>Mersin B\u00fcy\u00fck\u015fehir Belediye Ba\u015fkan\u0131 Vahap Se\u00e7er \u00f6nc\u00fcl\u00fc\u011f\u00fcnde kurulan Kariyer Merkezi, i\u015f arayanlara istihdam kap\u0131lar\u0131n\u0131 aralamaya devam ediyor. Kariyer Merkezi&#8217;ne ba\u015fvuranlardan 1384&#8217;\u00fc kad\u0131n ve 3 bin 195&#8217;i erkek olmak \u00fczere, bug\u00fcne &hellip; <a href=\"https:\/\/akdenizolaygazetesi.com\/?p=25379\" class=\"more-link\">Devam\u0131n\u0131 Oku&#8230;<\/a><\/p>\n","protected":false},"author":2,"featured_media":25380,"comment_status":"open","ping_status":"open","sticky":false,"template":"","format":"standard","meta":[],"categories":[2,3],"tags":[],"_links":{"self":[{"href":"https:\/\/akdenizolaygazetesi.com\/index.php?rest_route=\/wp\/v2\/posts\/25379"}],"collection":[{"href":"https:\/\/akdenizolaygazetesi.com\/index.php?rest_route=\/wp\/v2\/posts"}],"about":[{"href":"https:\/\/akdenizolaygazetesi.com\/index.php?rest_route=\/wp\/v2\/types\/post"}],"author":[{"embeddable":true,"href":"https:\/\/akdenizolaygazetesi.com\/index.php?rest_route=\/wp\/v2\/users\/2"}],"replies":[{"embeddable":true,"href":"https:\/\/akdenizolaygazetesi.com\/index.php?rest_route=%2Fwp%2Fv2%2Fcomments&post=25379"}],"version-history":[{"count":1,"href":"https:\/\/akdenizolaygazetesi.com\/index.php?rest_route=\/wp\/v2\/posts\/25379\/revisions"}],"predecessor-version":[{"id":25381,"href":"https:\/\/akdenizolaygazetesi.com\/index.php?rest_route=\/wp\/v2\/posts\/25379\/revisions\/25381"}],"wp:featuredmedia":[{"embeddable":true,"href":"https:\/\/akdenizolaygazetesi.com\/index.php?rest_route=\/wp\/v2\/media\/25380"}],"wp:attachment":[{"href":"https:\/\/akdenizolaygazetesi.com\/index.php?rest_route=%2Fwp%2Fv2%2Fmedia&parent=25379"}],"wp:term":[{"taxonomy":"category","embeddable":true,"href":"https:\/\/akdenizolaygazetesi.com\/index.php?rest_route=%2Fwp%2Fv2%2Fcategories&post=25379"},{"taxonomy":"post_tag","embeddable":true,"href":"https:\/\/akdenizolaygazetesi.com\/index.php?rest_route=%2Fwp%2Fv2%2Ftags&post=25379"}],"curies":[{"name":"wp","href":"https:\/\/api.w.org\/{rel}","templated":true}]}}