{"id":25389,"date":"2023-04-25T13:26:43","date_gmt":"2023-04-25T10:26:43","guid":{"rendered":"http:\/\/akdenizolaygazetesi.com\/?p=25389"},"modified":"2023-04-25T13:26:43","modified_gmt":"2023-04-25T10:26:43","slug":"mersin-itfaiyesinden-tuncelideki-arama-kurtarma-calismalarina-destek","status":"publish","type":"post","link":"https:\/\/akdenizolaygazetesi.com\/?p=25389","title":{"rendered":"MERS\u0130N \u0130TFA\u0130YES\u0130NDEN TUNCEL\u0130&#8217;DEK\u0130 ARAMA KURTARMA \u00c7ALI\u015eMALARINA DESTEK"},"content":{"rendered":"<p>Mersin B\u00fcy\u00fck\u015fehir Belediyesi \u0130tfaiye Dairesi Ba\u015fkanl\u0131\u011f\u0131 Afet, Arama ve Kurtarma \u015eube M\u00fcd\u00fcrl\u00fc\u011f\u00fcne ba\u011fl\u0131 ekipler, Tunceli&#8217;de otomobilin Munzur \u00c7ay\u0131na d\u00fc\u015fmesi sonucu kaybolan 3 gen\u00e7 i\u00e7in ba\u015flat\u0131lan arama \u00e7al\u0131\u015fmalar\u0131na destek olmak \u00fczere Tunceli&#8217;ye gitti.<br \/>\nDiyarbak\u0131r&#8217;dan gezmek i\u00e7in Tunceli&#8217;ye giden ve i\u00e7erisinde Azat Demiral (21), Mehmet Can Demiral (22) ve Baran Aslan Ta\u015f&#8217;\u0131n (22) bulundu\u011fu otomobil, 4 g\u00fcn \u00f6nce s\u00fcr\u00fcc\u00fcs\u00fcn\u00fcn h\u00e2kimiyetini kaybetmesi sonucu Munzur \u00c7ay\u0131na yuvarland\u0131. Kaza sonras\u0131 3 gen\u00e7 i\u00e7in arama kurtarma \u00e7al\u0131\u015fmalar\u0131 ba\u015flat\u0131ld\u0131.<br \/>\nYakla\u015f\u0131k bin ki\u015filik ekiple 55 kilometrelik alanda yap\u0131lan arama \u00e7al\u0131\u015fmalar\u0131 devam ederken, Mersin B\u00fcy\u00fck\u015fehir Belediyesi \u0130tfaiye Dairesi Ba\u015fkanl\u0131\u011f\u0131 Afet, Arama ve Kurtarma \u015eube M\u00fcd\u00fcrl\u00fc\u011f\u00fc&#8217;nde g\u00f6rev alan Sualt\u0131 ve Su \u00dcst\u00fc Kurtarma Amiri Kas\u0131m Y\u0131ld\u0131z, Bot Kaptan\u0131 \u00d6ztekin Solak, Dalg\u0131\u00e7 Ferdi Dogru\u00f6z ve Dalg\u0131\u00e7 Ozan Ka\u00e7ar olmak \u00fczere toplam 4 personel, kaybolan 3 gen\u00e7 i\u00e7in ba\u015flat\u0131lan arama kurtarma \u00e7al\u0131\u015fmalar\u0131na destek olmak \u00fczere b\u00f6lgeye gitti.<br \/>\n\u015eu ana kadar yap\u0131lan \u00e7al\u0131\u015fmalarda herhangi bir sonuca ula\u015f\u0131lamazken, B\u00fcy\u00fck\u015fehir \u0130tfaiyesi ekipleri, \u00e7al\u0131\u015fmalara destek vermeye devam ediyor.<\/p>\n","protected":false},"excerpt":{"rendered":"<p>Mersin B\u00fcy\u00fck\u015fehir Belediyesi \u0130tfaiye Dairesi Ba\u015fkanl\u0131\u011f\u0131 Afet, Arama ve Kurtarma \u015eube M\u00fcd\u00fcrl\u00fc\u011f\u00fcne ba\u011fl\u0131 ekipler, Tunceli&#8217;de otomobilin Munzur \u00c7ay\u0131na d\u00fc\u015fmesi sonucu kaybolan 3 gen\u00e7 i\u00e7in ba\u015flat\u0131lan arama \u00e7al\u0131\u015fmalar\u0131na destek olmak \u00fczere &hellip; <a href=\"https:\/\/akdenizolaygazetesi.com\/?p=25389\" class=\"more-link\">Devam\u0131n\u0131 Oku&#8230;<\/a><\/p>\n","protected":false},"author":2,"featured_media":25390,"comment_status":"open","ping_status":"open","sticky":false,"template":"","format":"standard","meta":[],"categories":[2,3],"tags":[],"_links":{"self":[{"href":"https:\/\/akdenizolaygazetesi.com\/index.php?rest_route=\/wp\/v2\/posts\/25389"}],"collection":[{"href":"https:\/\/akdenizolaygazetesi.com\/index.php?rest_route=\/wp\/v2\/posts"}],"about":[{"href":"https:\/\/akdenizolaygazetesi.com\/index.php?rest_route=\/wp\/v2\/types\/post"}],"author":[{"embeddable":true,"href":"https:\/\/akdenizolaygazetesi.com\/index.php?rest_route=\/wp\/v2\/users\/2"}],"replies":[{"embeddable":true,"href":"https:\/\/akdenizolaygazetesi.com\/index.php?rest_route=%2Fwp%2Fv2%2Fcomments&post=25389"}],"version-history":[{"count":1,"href":"https:\/\/akdenizolaygazetesi.com\/index.php?rest_route=\/wp\/v2\/posts\/25389\/revisions"}],"predecessor-version":[{"id":25391,"href":"https:\/\/akdenizolaygazetesi.com\/index.php?rest_route=\/wp\/v2\/posts\/25389\/revisions\/25391"}],"wp:featuredmedia":[{"embeddable":true,"href":"https:\/\/akdenizolaygazetesi.com\/index.php?rest_route=\/wp\/v2\/media\/25390"}],"wp:attachment":[{"href":"https:\/\/akdenizolaygazetesi.com\/index.php?rest_route=%2Fwp%2Fv2%2Fmedia&parent=25389"}],"wp:term":[{"taxonomy":"category","embeddable":true,"href":"https:\/\/akdenizolaygazetesi.com\/index.php?rest_route=%2Fwp%2Fv2%2Fcategories&post=25389"},{"taxonomy":"post_tag","embeddable":true,"href":"https:\/\/akdenizolaygazetesi.com\/index.php?rest_route=%2Fwp%2Fv2%2Ftags&post=25389"}],"curies":[{"name":"wp","href":"https:\/\/api.w.org\/{rel}","templated":true}]}}