{"id":25398,"date":"2023-04-25T16:29:52","date_gmt":"2023-04-25T13:29:52","guid":{"rendered":"http:\/\/akdenizolaygazetesi.com\/?p=25398"},"modified":"2023-04-25T16:29:52","modified_gmt":"2023-04-25T13:29:52","slug":"23-nisan-cocuk-bayraminda-millet-bahcesinde-bulusan-yuzlerce-cocuk-doyasiya-eglendi","status":"publish","type":"post","link":"https:\/\/akdenizolaygazetesi.com\/?p=25398","title":{"rendered":"23 Nisan \u00c7ocuk Bayram\u0131\u2019nda Millet Bah\u00e7esi\u2019nde bulu\u015fan y\u00fczlerce \u00e7ocuk doyas\u0131ya e\u011flendi"},"content":{"rendered":"<p>Akdeniz Belediyesi, \u201c23 Nisan Ulusal Egemenlik ve \u00c7ocuk Bayram\u0131\u201d dolay\u0131s\u0131yla u\u00e7urtma \u015fenli\u011fi d\u00fczenledi. Millet Bah\u00e7esi sahil etab\u0131nda d\u00fczenlenen etkinlikte bir araya gelen \u00e7ocuklar aileleriyle birlikte e\u011flenceli dakikalar ge\u00e7irdi.<br \/>\nAkdeniz Belediyesi K\u00fclt\u00fcr ve Sosyal \u0130\u015fler M\u00fcd\u00fcrl\u00fc\u011f\u00fc\u2019n\u00fcn \u201c23 Nisan Ulusal Egemenlik ve \u00c7ocuk Bayram\u0131\u201d ve TBMM\u2019nin a\u00e7\u0131l\u0131\u015f\u0131n\u0131n 103\u2019\u00fcnc\u00fc y\u0131l\u0131 etkinlikleri kapsam\u0131nda d\u00fczenledi\u011fi U\u00e7urtma \u015eenli\u011fi y\u00fczlerce \u00e7ocu\u011fu bir araya getirdi. Ellerinde T\u00fcrk bayraklar\u0131yla Akdeniz\u2019in farkl\u0131 mahallelerinden gelip Mersin Millet Bah\u00e7esi\u2019nde bir araya gelen y\u00fczlerce \u00e7ocuk u\u00e7urtma u\u00e7urdu. Sihirbazl\u0131k, y\u00fcz boyama, m\u00fczik, oyun gruplar\u0131 ve farkl\u0131 aktivitelere kat\u0131lan \u00e7ocuklar, g\u00fcn\u00fcn anlam ve \u00f6nemine dair \u015fiirler okudu, anne ve babalar\u0131yla birlikte doyas\u0131ya e\u011flenerek unutamayacaklar\u0131 bir g\u00fcn ya\u015fad\u0131.<br \/>\n\u201c\u00c7ocuklar mutlu, anneler mutlu\u201d<br \/>\nRenkli ve e\u011flenceli bulu\u015fmada, Millet Bah\u00e7esi\u2019ni dolduran \u00e7ocuklar ve ebeveynlere hitap ederek bayramlar\u0131n\u0131 kutlayan Akdeniz Belediye Ba\u015fkan\u0131 M. Mustafa G\u00fcltak; \u201cT\u00fcrkiye\u2019nin en g\u00fczel millet bah\u00e7elerinden birindeyiz. 23 Nisan\u2019\u0131n hemen ertesinde, \u00e7ocuklar\u0131m\u0131z ve ailelerimizle birlikteyiz. G\u00fczel bir u\u00e7urtma \u015fenli\u011fi d\u00fczenledik, \u00e7ocuklar\u0131m\u0131z\u0131n g\u00f6n\u00fcllerince e\u011flenece\u011fi stantlar a\u00e7t\u0131k. Hava g\u00fczel, mek\u00e2n g\u00fczel\u2026 Anneler mutlu, \u00e7ocuklar mutlu, bizler de mutluyuz. Bu vesileyle gelece\u011fimiz olan sevgili \u00e7ocuklar\u0131m\u0131z\u0131n \u201823 Nisan Ulusal Egemenlik ve \u00c7ocuk Bayram\u0131\u2019n\u0131 bir kez daha tebrik ediyorum\u201d diye konu\u015ftu.<br \/>\n\u201cHer \u015feyin en g\u00fczeline lay\u0131ks\u0131n\u0131z\u201d<br \/>\nBa\u015fkan G\u00fcltak, Akdeniz\u2019de bar\u0131\u015f\u0131, huzuru ve karde\u015fli\u011fi tesis ettiklerinin de alt\u0131n\u0131 \u00e7izerek \u015f\u00f6yle konu\u015ftu; \u201cBug\u00fcn Akdeniz\u2019de hangi mahalleye giderseniz gidin kavga yok. Bar\u0131\u015f var, karde\u015flik var. Herkes e\u015fit; T\u00fcrk\u00fc, K\u00fcrd\u00fc, Alevi\u2019si, S\u00fcnni\u2019si, Zaza\u2019s\u0131, Roman\u0131, Giritlisi\u2026 Herkes e\u015fit. Her yere e\u015fit hizmet veriyoruz ve vermeye de devam edece\u011fiz. Akdeniz\u2019e ilk kez bir et\u00fct merkezi a\u00e7t\u0131k. Portatif havuzlar a\u00e7\u0131p \u00e7ocuklar\u0131m\u0131za y\u00fczme \u00f6\u011frettik. Anneleri, \u015fehir d\u0131\u015f\u0131 gezilerine g\u00f6nderdik. \u00c7ay Mahallesi\u2019nde ilk kez kentsel d\u00f6n\u00fc\u015f\u00fcm projesinin bitmesini sa\u011flad\u0131k. Bu hizmetlerin hi\u00e7biri daha \u00f6nce yoktu. Hizmet ve projelerimiz artarak devam edecek. \u00c7\u00fcnk\u00fc sizler her \u015feyin en g\u00fczeline lay\u0131ks\u0131n\u0131z.\u201d<\/p>\n","protected":false},"excerpt":{"rendered":"<p>Akdeniz Belediyesi, \u201c23 Nisan Ulusal Egemenlik ve \u00c7ocuk Bayram\u0131\u201d dolay\u0131s\u0131yla u\u00e7urtma \u015fenli\u011fi d\u00fczenledi. Millet Bah\u00e7esi sahil etab\u0131nda d\u00fczenlenen etkinlikte bir araya gelen \u00e7ocuklar aileleriyle birlikte e\u011flenceli dakikalar ge\u00e7irdi. Akdeniz Belediyesi &hellip; <a href=\"https:\/\/akdenizolaygazetesi.com\/?p=25398\" class=\"more-link\">Devam\u0131n\u0131 Oku&#8230;<\/a><\/p>\n","protected":false},"author":2,"featured_media":25399,"comment_status":"open","ping_status":"open","sticky":false,"template":"","format":"standard","meta":[],"categories":[2,3,5],"tags":[],"_links":{"self":[{"href":"https:\/\/akdenizolaygazetesi.com\/index.php?rest_route=\/wp\/v2\/posts\/25398"}],"collection":[{"href":"https:\/\/akdenizolaygazetesi.com\/index.php?rest_route=\/wp\/v2\/posts"}],"about":[{"href":"https:\/\/akdenizolaygazetesi.com\/index.php?rest_route=\/wp\/v2\/types\/post"}],"author":[{"embeddable":true,"href":"https:\/\/akdenizolaygazetesi.com\/index.php?rest_route=\/wp\/v2\/users\/2"}],"replies":[{"embeddable":true,"href":"https:\/\/akdenizolaygazetesi.com\/index.php?rest_route=%2Fwp%2Fv2%2Fcomments&post=25398"}],"version-history":[{"count":1,"href":"https:\/\/akdenizolaygazetesi.com\/index.php?rest_route=\/wp\/v2\/posts\/25398\/revisions"}],"predecessor-version":[{"id":25400,"href":"https:\/\/akdenizolaygazetesi.com\/index.php?rest_route=\/wp\/v2\/posts\/25398\/revisions\/25400"}],"wp:featuredmedia":[{"embeddable":true,"href":"https:\/\/akdenizolaygazetesi.com\/index.php?rest_route=\/wp\/v2\/media\/25399"}],"wp:attachment":[{"href":"https:\/\/akdenizolaygazetesi.com\/index.php?rest_route=%2Fwp%2Fv2%2Fmedia&parent=25398"}],"wp:term":[{"taxonomy":"category","embeddable":true,"href":"https:\/\/akdenizolaygazetesi.com\/index.php?rest_route=%2Fwp%2Fv2%2Fcategories&post=25398"},{"taxonomy":"post_tag","embeddable":true,"href":"https:\/\/akdenizolaygazetesi.com\/index.php?rest_route=%2Fwp%2Fv2%2Ftags&post=25398"}],"curies":[{"name":"wp","href":"https:\/\/api.w.org\/{rel}","templated":true}]}}