{"id":25401,"date":"2023-04-26T12:47:44","date_gmt":"2023-04-26T09:47:44","guid":{"rendered":"http:\/\/akdenizolaygazetesi.com\/?p=25401"},"modified":"2023-04-26T12:47:44","modified_gmt":"2023-04-26T09:47:44","slug":"itfaiye-eri-alimi-icin-uygulamali-sinav-basladi","status":"publish","type":"post","link":"https:\/\/akdenizolaygazetesi.com\/?p=25401","title":{"rendered":"\u0130TFA\u0130YE ER\u0130 ALIMI \u0130\u00c7\u0130N UYGULAMALI SINAV BA\u015eLADI"},"content":{"rendered":"<p>Mersin B\u00fcy\u00fck\u015fehir Belediyesi&#8217;nin \u0130tfaiye Dairesi Ba\u015fkanl\u0131\u011f\u0131&#8217;nda g\u00f6revlendirilmek \u00fczere al\u0131m\u0131n\u0131 ger\u00e7ekle\u015ftirilece\u011fi 100 memur i\u00e7in yaz\u0131l\u0131 s\u0131nav yap\u0131ld\u0131. Uygulamal\u0131 s\u0131navlar ise Mersin B\u00fcy\u00fck\u015fehir Belediyesi&#8217;nin Ata E\u011fitim Merkezi&#8217;nde s\u00fcr\u00fcyor.<br \/>\n\u0130tfaiye Dairesi&#8217;ni g\u00fc\u00e7lendirerek, olas\u0131 olaylara en etkin \u015fekilde m\u00fcdahale edebilmek ad\u0131na al\u0131m\u0131 yap\u0131lacak 100 itfaiye eri i\u00e7in yo\u011fun talep vard\u0131. Online ve y\u00fcz y\u00fcze ba\u015fvurular\u0131n de\u011ferlendirilmeye al\u0131nmas\u0131n\u0131n ard\u0131ndan, kriterlere uyan adaylar i\u00e7in yaz\u0131l\u0131 s\u0131nav yap\u0131ld\u0131. 24 Nisan&#8217;da Yeni\u015fehir Atat\u00fcrk K\u00fclt\u00fcr Merkezi&#8217;nde yap\u0131lan yaz\u0131l\u0131 s\u0131nava 450 ki\u015fi kat\u0131ld\u0131.<br \/>\nUygulamal\u0131 s\u0131nav 5 May\u0131s&#8217;a kadar s\u00fcrecek<br \/>\nYaz\u0131l\u0131 s\u0131nav\u0131n ard\u0131ndan 450 aday uygulamal\u0131 s\u0131nava girmeye ba\u015flad\u0131. Her g\u00fcn ortalama 60 aday\u0131n kat\u0131laca\u011f\u0131 uygulamal\u0131 s\u0131nav 5 May\u0131s&#8217;a kadar s\u00fcrecek. Ata E\u011fitim Merkezi&#8217;nde olu\u015fturulan parkurlarda adaylar saat 09.00-12.00 ve 13.30-17.00 saatleri aras\u0131nda s\u0131nava tabi tutuluyor. Adaylar uygulamal\u0131 s\u0131nava alfabetik s\u0131raya g\u00f6re \u00e7a\u011f\u0131r\u0131l\u0131yor.<br \/>\nUygulamal\u0131 s\u0131nav hakk\u0131nda bilgi veren \u0130tfaiye Dairesi Ba\u015fkan\u0131 Bahtiyar Ayd\u0131n, &#8220;Kurdu\u011fumuz 15 istasyonda 100 personelin hangi \u015fartlarda olmas\u0131 gerekti\u011fini test edece\u011fiz. Bu test s\u00fcresi i\u00e7erisinde adaylar\u0131m\u0131z\u0131n s\u00fcreleri belli. Kad\u0131n arkada\u015flar\u0131m\u0131za, erkek arkada\u015flar\u0131m\u0131za ba\u015far\u0131lar diliyoruz. Bu 500 ki\u015fiden 100 tane personelimizin bu parkuru tamamlayarak bizim aram\u0131za kat\u0131laca\u011f\u0131n\u0131 d\u00fc\u015f\u00fcn\u00fcyorum. \u0130n\u015fallah hepsine hay\u0131rl\u0131 olur&#8221; dedi.<br \/>\nUygulamal\u0131 s\u0131nav 15 parkurdan olu\u015fuyor<br \/>\nToroslar&#8217;da bulunan Ata E\u011fitim Merkezi&#8217;nde yap\u0131lan uygulamal\u0131 s\u0131navda, parkuru; erkek adaylar i\u00e7in 03:10 dakika ve alt\u0131nda, kad\u0131n aday i\u00e7in ise 03:20 dakika ve alt\u0131nda tamamlayanlar 100 puan alacak. Aday\u0131n uygulama parkur s\u00fcresinin salise k\u0131sm\u0131 50 ve \u00fcst\u00fc olanlar yukar\u0131ya, 50&#8217;nin alt\u0131nda olanlar a\u015fa\u011f\u0131ya yuvarlanacak.<br \/>\nParkurlar 30 metrelik d\u00fcz ko\u015fu, d\u00fcz takla, lastikten ge\u00e7me, denge tahtas\u0131, k\u00f6p\u00fck bidonu ta\u015f\u0131ma, kuleye lastik \u00e7ekme, \u015f\u0131nav, kuleye t\u0131rman\u0131\u015f, balyoz kullanma, t\u00fcnel ge\u00e7me, manken ta\u015f\u0131ma, karanl\u0131k oda, engel atlama, hortum ta\u015f\u0131ma ve hedefe su at\u0131\u015f\u0131ndan olu\u015fuyor.<br \/>\nAtamaya esas puan\u0131n hesaplanmas\u0131; yaz\u0131l\u0131 s\u0131nav\u0131n y\u00fczde 40&#8217;\u0131, uygulamal\u0131 s\u0131nav\u0131n y\u00fczde 60&#8217;\u0131 al\u0131narak olu\u015fturulacak. S\u0131navda ba\u015far\u0131l\u0131 say\u0131lmak i\u00e7in 100 tam puan \u00fczerinden en az 60 puan al\u0131nmas\u0131 \u015fart\u0131 aran\u0131yor.<\/p>\n","protected":false},"excerpt":{"rendered":"<p>Mersin B\u00fcy\u00fck\u015fehir Belediyesi&#8217;nin \u0130tfaiye Dairesi Ba\u015fkanl\u0131\u011f\u0131&#8217;nda g\u00f6revlendirilmek \u00fczere al\u0131m\u0131n\u0131 ger\u00e7ekle\u015ftirilece\u011fi 100 memur i\u00e7in yaz\u0131l\u0131 s\u0131nav yap\u0131ld\u0131. Uygulamal\u0131 s\u0131navlar ise Mersin B\u00fcy\u00fck\u015fehir Belediyesi&#8217;nin Ata E\u011fitim Merkezi&#8217;nde s\u00fcr\u00fcyor. \u0130tfaiye Dairesi&#8217;ni g\u00fc\u00e7lendirerek, olas\u0131 &hellip; <a href=\"https:\/\/akdenizolaygazetesi.com\/?p=25401\" class=\"more-link\">Devam\u0131n\u0131 Oku&#8230;<\/a><\/p>\n","protected":false},"author":2,"featured_media":25402,"comment_status":"open","ping_status":"open","sticky":false,"template":"","format":"standard","meta":[],"categories":[2,3,5],"tags":[],"_links":{"self":[{"href":"https:\/\/akdenizolaygazetesi.com\/index.php?rest_route=\/wp\/v2\/posts\/25401"}],"collection":[{"href":"https:\/\/akdenizolaygazetesi.com\/index.php?rest_route=\/wp\/v2\/posts"}],"about":[{"href":"https:\/\/akdenizolaygazetesi.com\/index.php?rest_route=\/wp\/v2\/types\/post"}],"author":[{"embeddable":true,"href":"https:\/\/akdenizolaygazetesi.com\/index.php?rest_route=\/wp\/v2\/users\/2"}],"replies":[{"embeddable":true,"href":"https:\/\/akdenizolaygazetesi.com\/index.php?rest_route=%2Fwp%2Fv2%2Fcomments&post=25401"}],"version-history":[{"count":1,"href":"https:\/\/akdenizolaygazetesi.com\/index.php?rest_route=\/wp\/v2\/posts\/25401\/revisions"}],"predecessor-version":[{"id":25403,"href":"https:\/\/akdenizolaygazetesi.com\/index.php?rest_route=\/wp\/v2\/posts\/25401\/revisions\/25403"}],"wp:featuredmedia":[{"embeddable":true,"href":"https:\/\/akdenizolaygazetesi.com\/index.php?rest_route=\/wp\/v2\/media\/25402"}],"wp:attachment":[{"href":"https:\/\/akdenizolaygazetesi.com\/index.php?rest_route=%2Fwp%2Fv2%2Fmedia&parent=25401"}],"wp:term":[{"taxonomy":"category","embeddable":true,"href":"https:\/\/akdenizolaygazetesi.com\/index.php?rest_route=%2Fwp%2Fv2%2Fcategories&post=25401"},{"taxonomy":"post_tag","embeddable":true,"href":"https:\/\/akdenizolaygazetesi.com\/index.php?rest_route=%2Fwp%2Fv2%2Ftags&post=25401"}],"curies":[{"name":"wp","href":"https:\/\/api.w.org\/{rel}","templated":true}]}}