{"id":25404,"date":"2023-04-26T12:49:10","date_gmt":"2023-04-26T09:49:10","guid":{"rendered":"http:\/\/akdenizolaygazetesi.com\/?p=25404"},"modified":"2023-04-26T12:49:10","modified_gmt":"2023-04-26T09:49:10","slug":"gencler-istedi-baskan-secer-mujdeyi-verdi","status":"publish","type":"post","link":"https:\/\/akdenizolaygazetesi.com\/?p=25404","title":{"rendered":"GEN\u00c7LER \u0130STED\u0130, BA\u015eKAN SE\u00c7ER M\u00dcJDEY\u0130 VERD\u0130"},"content":{"rendered":"<p>Hayata ge\u00e7irdi\u011fi projeler ile gen\u00e7lerin b\u00fcy\u00fck be\u011fenisini toplayan Ba\u015fkan Vahap Se\u00e7er, kentin bir eksi\u011fini daha tamaml\u0131yor. \u00d6zellikle gen\u00e7lerden gelen yo\u011fun talebi de\u011ferlendiren Mersin B\u00fcy\u00fck\u015fehir Belediye Ba\u015fkan\u0131 Vahap Se\u00e7er, yap\u0131m\u0131 devam eden Babil Su Sporlar\u0131 Merkezi&#8217;nin projesini inceleyip, Haziran ay\u0131nda a\u00e7\u0131laca\u011f\u0131n\u0131n m\u00fcjdesini verdi.<\/p>\n<p>Mersin B\u00fcy\u00fck\u015fehir Belediye Ba\u015fkan\u0131 Vahap Se\u00e7er, B\u00fcy\u00fck\u015fehir&#8217;in Mersin&#8217;e kazand\u0131raca\u011f\u0131 hizmetlerden biri olan Babil Su Sporlar\u0131 Merkezi&#8217;ne teknik gezi ger\u00e7ekle\u015ftirdi. Merkezin in\u015fas\u0131n\u0131n s\u00fcrd\u00fc\u011f\u00fc alanda incelemelerde bulunan Se\u00e7er, teknik ekipten bilgi ald\u0131.<\/p>\n<p>&#8220;Burada gen\u00e7lerimiz \u00e7ok g\u00fczel vakit ge\u00e7irecek&#8221;<br \/>\n\u0130ncelemesinin ard\u0131ndan proje hakk\u0131nda a\u00e7\u0131klama yapan Ba\u015fkan Vahap Se\u00e7er, uzun s\u00fcredir vatanda\u015flar\u0131n bu y\u00f6nde talepleri oldu\u011funu belirterek &#8220;Mersin sahil kenti ancak su sporlar\u0131 yapmaya imkan tan\u0131yan bir alan\u0131m\u0131z yok. Uzun s\u00fcredir vatanda\u015flar\u0131n talebi olan tesisleri nihayetinde yap\u0131yoruz ve Haziran ay\u0131nda da hizmete alaca\u011f\u0131z. K\u00fclt\u00fcr Park&#8217;\u0131n Mezitli deresiyle birle\u015fti\u011fi noktada Babil Sitesi&#8217;nin \u00f6n\u00fcndeki alana Yelken Kul\u00fcp ve Kano K\u00fcrek Kul\u00fcb\u00fc olmak \u00fczere iki ayr\u0131 \u00fcniteden olu\u015fan bir tesis yap\u0131l\u0131yor&#8221; dedi.<\/p>\n<p>Tesislerin denize b\u00fct\u00fcnle\u015fecek bir \u00e7al\u0131\u015fma olaca\u011f\u0131n\u0131 ifade eden Ba\u015fkan Se\u00e7er &#8220;Burada denizle b\u00fct\u00fcnle\u015febilecek tesis ve su sporlar\u0131na imkan sa\u011flayacak b\u00fct\u00fcn m\u00fc\u015ftemilatlar olacak. Vatanda\u015flar\u0131m\u0131z, gen\u00e7lerimiz buray\u0131 yelken i\u00e7in kullanabilecek. Kano, k\u00fcrek i\u00e7in, r\u00fczgar s\u00f6rf\u00fc i\u00e7in kullanabilecek. Su kaya\u011f\u0131, dal\u0131\u015f e\u011fitimleri, cankurtaran e\u011fitimleri i\u00e7in kullanabilecek, hatta bu e\u011fitimleri Belediye olarak bizler verece\u011fiz. \u0130lgili bakanl\u0131kla irtibatl\u0131 halde sertifikal\u0131, gen\u00e7lerimize bu e\u011fitimleri de verme imkan\u0131m\u0131z olacak. Burada gen\u00e7lerimiz \u00e7ok g\u00fczel vakit ge\u00e7irecek. Deniz, tesisler, ye\u015fillik, \u00e7i\u00e7ekler.. muazzam bir alan haline getirece\u011fiz. Haziran ay\u0131nda gen\u00e7lerimizin hizmetine sunaca\u011f\u0131z&#8221; ifadelerini kulland\u0131.<\/p>\n<p>Babil Su Sporlar\u0131 Merkezi hakk\u0131nda..<br \/>\n\u00d6zellikle gen\u00e7leri deniz ve su sporlar\u0131 ile bulu\u015fturacak Babil Su Sporlar\u0131 Merkezi&#8217;nde; yelken, kano, k\u00fcrek, su kaya\u011f\u0131 ve r\u00fczgar s\u00f6rf\u00fc gibi su sporlar\u0131n\u0131n yan\u0131 s\u0131ra, Gen\u00e7lik ve Spor Bakanl\u0131\u011f\u0131 onayl\u0131, sertifikal\u0131 dal\u0131\u015f ve cankurtaranl\u0131k e\u011fitimleri de verilecek.<\/p>\n<p>Binlerce gencin ve vatanda\u015f\u0131n faydalanaca\u011f\u0131 Babil Su Sporlar\u0131 Merkezi&#8217;nde 120 metrekare kapal\u0131 alana sahip Kano K\u00fcrek Kul\u00fcb\u00fc, 110 metrekare kapal\u0131 alana sahip Yelken Kul\u00fcb\u00fc olacak. Kano K\u00fcrek kul\u00fcb\u00fc i\u00e7erisinde kanolara uygun \u00f6l\u00e7\u00fclerde depo ve kano idari binas\u0131, Yelken Kul\u00fcb\u00fc i\u00e7erisinde ise depo, kad\u0131n-erkek soyunma odalar\u0131, du\u015flar ve tuvaletler bulunacak.<\/p>\n","protected":false},"excerpt":{"rendered":"<p>Hayata ge\u00e7irdi\u011fi projeler ile gen\u00e7lerin b\u00fcy\u00fck be\u011fenisini toplayan Ba\u015fkan Vahap Se\u00e7er, kentin bir eksi\u011fini daha tamaml\u0131yor. \u00d6zellikle gen\u00e7lerden gelen yo\u011fun talebi de\u011ferlendiren Mersin B\u00fcy\u00fck\u015fehir Belediye Ba\u015fkan\u0131 Vahap Se\u00e7er, yap\u0131m\u0131 devam &hellip; <a href=\"https:\/\/akdenizolaygazetesi.com\/?p=25404\" class=\"more-link\">Devam\u0131n\u0131 Oku&#8230;<\/a><\/p>\n","protected":false},"author":2,"featured_media":25405,"comment_status":"open","ping_status":"open","sticky":false,"template":"","format":"standard","meta":[],"categories":[3,5,10],"tags":[],"_links":{"self":[{"href":"https:\/\/akdenizolaygazetesi.com\/index.php?rest_route=\/wp\/v2\/posts\/25404"}],"collection":[{"href":"https:\/\/akdenizolaygazetesi.com\/index.php?rest_route=\/wp\/v2\/posts"}],"about":[{"href":"https:\/\/akdenizolaygazetesi.com\/index.php?rest_route=\/wp\/v2\/types\/post"}],"author":[{"embeddable":true,"href":"https:\/\/akdenizolaygazetesi.com\/index.php?rest_route=\/wp\/v2\/users\/2"}],"replies":[{"embeddable":true,"href":"https:\/\/akdenizolaygazetesi.com\/index.php?rest_route=%2Fwp%2Fv2%2Fcomments&post=25404"}],"version-history":[{"count":1,"href":"https:\/\/akdenizolaygazetesi.com\/index.php?rest_route=\/wp\/v2\/posts\/25404\/revisions"}],"predecessor-version":[{"id":25406,"href":"https:\/\/akdenizolaygazetesi.com\/index.php?rest_route=\/wp\/v2\/posts\/25404\/revisions\/25406"}],"wp:featuredmedia":[{"embeddable":true,"href":"https:\/\/akdenizolaygazetesi.com\/index.php?rest_route=\/wp\/v2\/media\/25405"}],"wp:attachment":[{"href":"https:\/\/akdenizolaygazetesi.com\/index.php?rest_route=%2Fwp%2Fv2%2Fmedia&parent=25404"}],"wp:term":[{"taxonomy":"category","embeddable":true,"href":"https:\/\/akdenizolaygazetesi.com\/index.php?rest_route=%2Fwp%2Fv2%2Fcategories&post=25404"},{"taxonomy":"post_tag","embeddable":true,"href":"https:\/\/akdenizolaygazetesi.com\/index.php?rest_route=%2Fwp%2Fv2%2Ftags&post=25404"}],"curies":[{"name":"wp","href":"https:\/\/api.w.org\/{rel}","templated":true}]}}