{"id":25407,"date":"2023-04-26T12:50:46","date_gmt":"2023-04-26T09:50:46","guid":{"rendered":"http:\/\/akdenizolaygazetesi.com\/?p=25407"},"modified":"2023-04-26T12:50:46","modified_gmt":"2023-04-26T09:50:46","slug":"buyuksehir-ogrencilerin-meslek-seciminde-de-yaninda","status":"publish","type":"post","link":"https:\/\/akdenizolaygazetesi.com\/?p=25407","title":{"rendered":"B\u00dcY\u00dcK\u015eEH\u0130R, \u00d6\u011eRENC\u0130LER\u0130N MESLEK SE\u00c7\u0130M\u0130NDE DE YANINDA"},"content":{"rendered":"<p>Mersin B\u00fcy\u00fck\u015fehir Belediyesi Sosyal Hizmetler Dairesi Ba\u015fkanl\u0131\u011f\u0131 b\u00fcnyesindeki E\u011fitim ve \u00d6\u011fretimi Destekleme Kurs Merkezleri&#8217;nde \u00fcniversite s\u0131nav\u0131na haz\u0131rlanan \u00f6\u011frencilere y\u00f6nelik, Meslek Tan\u0131t\u0131m Semineri d\u00fczenlendi. Kongre ve Sergi Saray\u0131&#8217;nda d\u00fczenlenen seminerde, alan\u0131nda uzman ki\u015filer taraf\u0131ndan mesleklerin i\u00e7eri\u011fi ve alanlar\u0131 anlat\u0131ld\u0131, \u00f6\u011frenciler de tercih etmeyi d\u00fc\u015f\u00fcnd\u00fckleri meslekler hakk\u0131nda merak ettiklerini \u00f6\u011frenme f\u0131rsat\u0131 yakalad\u0131.<br \/>\nMerkez, Tarsus, Erdemli ve Silifke kurs merkezi \u00f6\u011frencilerinin kat\u0131ld\u0131\u011f\u0131 seminerde, E\u011fitim ve \u00d6\u011fretimi Destekleme Kurs Merkezi&#8217;nde Rehber \u00d6\u011fretmen olarak g\u00f6rev yapan Gamze \u00d6zdemir, \u00f6\u011frencilere b\u00f6l\u00fcmlerin puan ve s\u0131ralamas\u0131 gibi 2022 y\u0131l\u0131na ait say\u0131sal verileri,  meslekler i\u00e7in gereken nitelikler, okutulan dersler, \u00e7al\u0131\u015fma alanlar\u0131, mezunlar\u0131n kazand\u0131klar\u0131 unvanlar\u0131 anlatt\u0131. Ard\u0131ndan eczac\u0131, di\u015f hekimi, psikolog, mimar, avukat vb. meslek gruplar\u0131ndan uzmanlar, mesleki deneyimlerini ve kazan\u0131mlar\u0131n\u0131 \u00f6\u011frencilerle payla\u015farak \u00f6\u011frencilerin sorular\u0131n\u0131 cevaplad\u0131.<br \/>\nKaraku\u015f: &#8220;Meslekler hakk\u0131nda merak ettikleri \u015feyleri, mesle\u011fin uzmanlar\u0131ndan \u00f6\u011frendiler&#8221;<br \/>\nB\u00fcy\u00fck\u015fehir Belediyesi Sosyal Hizmetler Dairesi E\u011fitim Hizmetleri \u015eube M\u00fcd\u00fcr\u00fc Cem Karaku\u015f, \u00f6\u011frencilere e\u011fitim deste\u011fi vermenin yan\u0131 s\u0131ra rehberlik hizmetleri de verdiklerini belirterek, &#8220;Tarsus, Akdeniz, Halkkent, Erdemli ve Silifke YKS Kurs Merkezi \u00f6\u011frencilerimize, Meslek Tan\u0131t\u0131m Semineri d\u00fczenledik. Burada, alan\u0131nda uzman ve meslek odalar\u0131n\u0131n temsilcileriyle bir araya geldik. Meslek odalar\u0131n\u0131n temsilcileri, \u00f6\u011frencilerimizin merak etti\u011fi sorulara cevap verdiler&#8221; dedi.<br \/>\nYakla\u015fan s\u0131nav \u00f6ncesi bu t\u00fcr etkinliklerin \u00e7ok daha \u00f6nem kazand\u0131\u011f\u0131na dikkat \u00e7eken Karaku\u015f, &#8220;Etkinli\u011fimiz \u00f6\u011frencilerimizin motivasyonlar\u0131n\u0131 art\u0131r\u0131rken, merak ettikleri meslekleri uzmanlar\u0131ndan \u00f6\u011frendiler. Birebir g\u00f6r\u00fc\u015fmelerin \u00e7ok faydal\u0131 oldu\u011funa inan\u0131yoruz. Meslek tan\u0131t\u0131m seminerlerimizi, alan\u0131nda uzman rehberlik birimimizle her y\u0131l d\u00fczenli bir \u015fekilde yap\u0131yoruz. Bundan sonra da s\u0131nav s\u00fcrecinde, \u00f6\u011frencilerimizin motivasyonlar\u0131n\u0131 art\u0131r\u0131c\u0131 etkinlikler yapmaya devam edece\u011fiz&#8221; ifadelerine yer verdi.<br \/>\n &#8220;Bu etkinlikler bizim i\u00e7in \u00e7ok yararl\u0131&#8221;<br \/>\nSeminere kat\u0131lan Merkez E\u011fitim ve \u00d6\u011fretimi Destekleme Kurs Merkezi \u00f6\u011frencilerinden Yasemin T\u00f6nde, bu t\u00fcr etkinliklerin, kendilerine uygun meslek belirlemede olduk\u00e7a faydal\u0131 oldu\u011funu belirtti. Akl\u0131ndaki soru i\u015faretlerini seminer sayesinde giderdi\u011fini s\u00f6yleyen T\u00f6nde, &#8220;Ben hem\u015firelik istiyorum. \u0130stedi\u011fim meslek hakk\u0131nda, baz\u0131 teredd\u00fctlerim vard\u0131. Burada hem\u015fireli\u011fin hem art\u0131lar\u0131n\u0131 hem eksilerini g\u00f6rd\u00fcm. Son aylarday\u0131z ve motivemiz d\u00fc\u015f\u00fcyor. Fakat bu seminer sayesinde, daha motive bir \u015fekilde son d\u00fczl\u00fc\u011f\u00fc halledebilece\u011fimi d\u00fc\u015f\u00fcn\u00fcyorum. Bu etkinlikler s\u00fcrekli yap\u0131l\u0131yor ve bizim s\u00fcrekli din\u00e7 kalmam\u0131z\u0131 sa\u011fl\u0131yor&#8221; dedi.<br \/>\nB\u00fcy\u00fck\u015fehir&#8217;in bilgilendirici ve motive edici etkinliklerine s\u00fcrekli kat\u0131ld\u0131\u011f\u0131n\u0131 s\u00f6yleyen T\u00f6nde, &#8220;Bu sene s\u00fcrekli bir psikolojik \u00e7\u00f6k\u00fcnt\u00fcde oluyoruz. Bunun i\u00e7in bu etkinlikler bizim \u00e7ok yarar\u0131m\u0131za oluyor. \u00c7\u00fcnk\u00fc \u00e7ok s\u0131k motive olmam\u0131z\u0131 sa\u011fl\u0131yorlar ve \u00e7ok enerjik bir \u015fekilde devam ediyoruz hayat\u0131m\u0131z. Bizim i\u00e7in \u00e7ok yararl\u0131&#8221; diye konu\u015ftu.<br \/>\n&#8220;\u0130stedi\u011fimiz meslekler i\u00e7in akl\u0131m\u0131zdaki sorular\u0131 sorduk&#8221;<br \/>\nHalkkent E\u011fitim ve \u00d6\u011fretimi Destekleme Kurs Merkezi \u00f6\u011frencilerinden Polat \u00d6ztoprak ise, seminer sayesinde hedefledi\u011fi meslek hakk\u0131nda daha fazla bilgi sahibi oldu\u011funu s\u00f6yleyerek, &#8220;Seminerde, istedi\u011fimiz meslekler i\u00e7in akl\u0131m\u0131zdaki sorular\u0131 sorduk. Her sene yap\u0131l\u0131yor bu etkinlikler, biz de memnunuz. \u0130leride polis olmak istiyorum. Psikolojik y\u00f6nden, s\u0131nava haz\u0131rl\u0131k y\u00f6n\u00fcnden olduk\u00e7a etkili oldu bizim i\u00e7in&#8221; dedi.<br \/>\n&#8220;Yapamayaca\u011f\u0131m\u0131 sand\u0131\u011f\u0131m \u00e7o\u011fu mesle\u011fi, yapabilece\u011fimi \u00f6\u011frendim&#8221;<br \/>\nMerkez \u00f6\u011frencilerinden Beren Sak\u0131n da, seminerin kendisine \u00e7ok yard\u0131mc\u0131 oldu\u011funu vurgulayarak, &#8220;\u015eu ana kadar kafamda \u00e7ok fazla meslek de\u011fi\u015fimi ya\u015fam\u0131\u015ft\u0131m. \u00c7\u00fcnk\u00fc tam olarak bana ne kataca\u011f\u0131n\u0131, ne olarak \u00e7al\u0131\u015fmam gerekti\u011fini ve benim i\u00e7in hangisinin uygun oldu\u011funu bilmiyordum. Bu seminer sayesinde emin oldum. \u015eu an hedeflerimi ba\u015fka bir \u015fekilde y\u00f6nlendirdim. \u015eu son kalan d\u00fczl\u00fckte, daha verimli bir \u015fekilde \u00e7al\u0131\u015faca\u011f\u0131m\u0131 d\u00fc\u015f\u00fcn\u00fcyorum. Yapamayaca\u011f\u0131m\u0131 sand\u0131\u011f\u0131m \u00e7o\u011fu mesle\u011fi, asl\u0131nda kendimi tartarak yapabilece\u011fimi \u00f6\u011frendim. Daha verimli bir \u00e7al\u0131\u015fma sergilemem gerekti\u011fini \u00f6\u011frendim. O y\u00fczden kendimi daha mutlu hissediyorum&#8221; ifadelerini kulland\u0131.<br \/>\nB\u00fcy\u00fck\u015fehir&#8217;in etkinliklerine s\u00fcrekli kat\u0131ld\u0131\u011f\u0131n\u0131 da s\u00f6yleyen Sak\u0131n, &#8220;\u00c7\u00fcnk\u00fc bu \u00e7al\u0131\u015fma temposunda, s\u00fcrekli masa ba\u015f\u0131nda oturmak insan\u0131 ger\u00e7ekten \u00e7ok s\u0131k\u0131yor. Ama bu etkinlikler, en az\u0131ndan bir hava almam\u0131z\u0131 sa\u011fl\u0131yor&#8221; dedi.<\/p>\n","protected":false},"excerpt":{"rendered":"<p>Mersin B\u00fcy\u00fck\u015fehir Belediyesi Sosyal Hizmetler Dairesi Ba\u015fkanl\u0131\u011f\u0131 b\u00fcnyesindeki E\u011fitim ve \u00d6\u011fretimi Destekleme Kurs Merkezleri&#8217;nde \u00fcniversite s\u0131nav\u0131na haz\u0131rlanan \u00f6\u011frencilere y\u00f6nelik, Meslek Tan\u0131t\u0131m Semineri d\u00fczenlendi. Kongre ve Sergi Saray\u0131&#8217;nda d\u00fczenlenen seminerde, alan\u0131nda &hellip; <a href=\"https:\/\/akdenizolaygazetesi.com\/?p=25407\" class=\"more-link\">Devam\u0131n\u0131 Oku&#8230;<\/a><\/p>\n","protected":false},"author":2,"featured_media":25408,"comment_status":"open","ping_status":"open","sticky":false,"template":"","format":"standard","meta":[],"categories":[2,3],"tags":[],"_links":{"self":[{"href":"https:\/\/akdenizolaygazetesi.com\/index.php?rest_route=\/wp\/v2\/posts\/25407"}],"collection":[{"href":"https:\/\/akdenizolaygazetesi.com\/index.php?rest_route=\/wp\/v2\/posts"}],"about":[{"href":"https:\/\/akdenizolaygazetesi.com\/index.php?rest_route=\/wp\/v2\/types\/post"}],"author":[{"embeddable":true,"href":"https:\/\/akdenizolaygazetesi.com\/index.php?rest_route=\/wp\/v2\/users\/2"}],"replies":[{"embeddable":true,"href":"https:\/\/akdenizolaygazetesi.com\/index.php?rest_route=%2Fwp%2Fv2%2Fcomments&post=25407"}],"version-history":[{"count":1,"href":"https:\/\/akdenizolaygazetesi.com\/index.php?rest_route=\/wp\/v2\/posts\/25407\/revisions"}],"predecessor-version":[{"id":25409,"href":"https:\/\/akdenizolaygazetesi.com\/index.php?rest_route=\/wp\/v2\/posts\/25407\/revisions\/25409"}],"wp:featuredmedia":[{"embeddable":true,"href":"https:\/\/akdenizolaygazetesi.com\/index.php?rest_route=\/wp\/v2\/media\/25408"}],"wp:attachment":[{"href":"https:\/\/akdenizolaygazetesi.com\/index.php?rest_route=%2Fwp%2Fv2%2Fmedia&parent=25407"}],"wp:term":[{"taxonomy":"category","embeddable":true,"href":"https:\/\/akdenizolaygazetesi.com\/index.php?rest_route=%2Fwp%2Fv2%2Fcategories&post=25407"},{"taxonomy":"post_tag","embeddable":true,"href":"https:\/\/akdenizolaygazetesi.com\/index.php?rest_route=%2Fwp%2Fv2%2Ftags&post=25407"}],"curies":[{"name":"wp","href":"https:\/\/api.w.org\/{rel}","templated":true}]}}