{"id":25413,"date":"2023-04-26T12:53:58","date_gmt":"2023-04-26T09:53:58","guid":{"rendered":"http:\/\/akdenizolaygazetesi.com\/?p=25413"},"modified":"2023-04-26T12:53:58","modified_gmt":"2023-04-26T09:53:58","slug":"mahalle-sakinlerinin-bir-hayali-daha-gercege-donusuyor","status":"publish","type":"post","link":"https:\/\/akdenizolaygazetesi.com\/?p=25413","title":{"rendered":"Mahalle sakinlerinin bir hayali daha ger\u00e7e\u011fe d\u00f6n\u00fc\u015f\u00fcyor"},"content":{"rendered":"<p>Akdeniz Belediyesi\u2019nin, Karaduvar Mahallesi\u2019nde denizin hemen kenar\u0131nda vatanda\u015flara kazand\u0131rd\u0131\u011f\u0131; meydan\u0131, y\u00fcr\u00fcy\u00fc\u015f ve bisiklet yoluyla bitti\u011finde 18 d\u00f6n\u00fcml\u00fck alana sahip park ve ye\u015fil alanda yenileme \u00e7al\u0131\u015fmalar\u0131 s\u00fcr\u00fcyor. Sahil boyuna yap\u0131lan parkta ekipler, son olarak \u00e7ocuk oyun gruplar\u0131 ve spor aletlerinin montaj\u0131n\u0131 ger\u00e7ekle\u015ftirdi.<br \/>\nSahil kenar\u0131nda ikinci etap yenileme \u00e7al\u0131\u015fmalar\u0131 s\u00fcr\u00fcyor<br \/>\nAkdeniz Belediyesi\u2019nin son olarak 3\u2019\u00fcnc\u00fcs\u00fcn\u00fc organize etti\u011fi \u201cGeleneksel Bal\u0131k Festivali\u201d sayesinde ad\u0131n\u0131 t\u00fcm T\u00fcrkiye\u2019nin bildi\u011fi Karaduvar Mahallesi sahilinde ba\u015flatt\u0131\u011f\u0131 2\u2019nci etap yenileme \u00e7al\u0131\u015fmas\u0131 s\u00fcr\u00fcyor. Fen \u0130\u015fleri ile Park ve Bah\u00e7eler M\u00fcd\u00fcrl\u00fc\u011f\u00fc ekiplerinin hummal\u0131 bir \u015fekilde \u00e7al\u0131\u015fma yapt\u0131\u011f\u0131, yakla\u015f\u0131k 18 d\u00f6n\u00fcm alan \u00fczerinde alana sahip b\u00f6lgede, bin metrekare geni\u015fli\u011finde bir meydan, 4 kilometre uzunlu\u011funda y\u00fcr\u00fcy\u00fc\u015f yolu ile vatanda\u015flar i\u00e7in sahile giri\u015f yeri yap\u0131ld\u0131. \u00c7al\u0131\u015fmalar bitti\u011finde Karaduvar sakinleri, toplamda 21 d\u00f6n\u00fcm\u00fc a\u015fan bir ye\u015fil alana sahip olacak.<br \/>\nKamelya ve banklardan sonra spor ve oyun gruplar\u0131 da yerle\u015ftirildi<br \/>\nDeniz kenar\u0131nda piknik yapmak isteyen mahalle sakinleri ve di\u011fer mahallelerden gelen vatanda\u015flar i\u00e7in de sahile kamelya ve banklar konuldu. Ekiplerin aral\u0131ks\u0131z s\u00fcren \u00e7al\u0131\u015fmalar\u0131 kapsam\u0131nda park alan\u0131na son olarak bir\u00e7ok oyun grubu ile spor aletleri yerle\u015ftirilip montaj\u0131 yap\u0131ld\u0131. Oyun gruplar\u0131n\u0131 g\u00f6ren k\u00fc\u00e7\u00fck \u00e7ocuklar, g\u00f6n\u00fcllerince e\u011flenirken; Karaduvar sakinleri, mahallenin \u00e7ehresini de\u011fi\u015ftirecek hizmetten duyduklar\u0131 memnuniyeti dile getirip Akdeniz Belediye Ba\u015fkan\u0131 Mustafa G\u00fcltak ve ekiplere te\u015fekk\u00fcr etti.<br \/>\n\u201cVatanda\u015flar\u0131m\u0131z\u0131n bir hayalini daha ger\u00e7e\u011fe d\u00f6n\u00fc\u015ft\u00fcr\u00fcyoruz\u201d<br \/>\n\u00c7al\u0131\u015fmalar\u0131n aral\u0131ks\u0131z s\u00fcrd\u00fc\u011f\u00fc sahilde, ge\u00e7en g\u00fcnlerde inceleme yapan Akdeniz Belediye Ba\u015fkan\u0131 M. Mustafa G\u00fcltak, daha \u00f6nce at\u0131l vaziyette olan alan\u0131 Milli Emlak\u2019tan kiralay\u0131p Akdeniz\u2019e yeniden kazand\u0131rmaktan mutluluk duyduklar\u0131n\u0131 belirterek; \u201cBir taraf\u0131m\u0131z deniz, di\u011fer taraf\u0131m\u0131z park ve ye\u015fil alan. Ba\u015fta Karaduvarl\u0131lar olmak \u00fczere Akdenizli vatanda\u015flar\u0131m\u0131z\u0131n bir hayalini daha ger\u00e7e\u011fe d\u00f6n\u00fc\u015ft\u00fcr\u00fcyoruz. Park\u0131m\u0131z\u0131n, Adnan Menderes Bulvar\u0131\u2019na alternatif bir yer olaca\u011f\u0131na da inan\u0131yorum. Tabi sadece Karaduvarl\u0131lar\u0131n de\u011fil, t\u00fcm Mersinlilerin, \u00e7ocuklar\u0131yla birlikte gelip dinlenebilece\u011fi, e\u011flenip denizin keyfini s\u00fcrebilecekleri, bal\u0131k avlay\u0131p piknik yapabilecekleri bir ye\u015fil alan\u0131 il\u00e7emize ve vatanda\u015flar\u0131m\u0131za kazand\u0131raca\u011f\u0131z\u201d diye konu\u015ftu.<\/p>\n","protected":false},"excerpt":{"rendered":"<p>Akdeniz Belediyesi\u2019nin, Karaduvar Mahallesi\u2019nde denizin hemen kenar\u0131nda vatanda\u015flara kazand\u0131rd\u0131\u011f\u0131; meydan\u0131, y\u00fcr\u00fcy\u00fc\u015f ve bisiklet yoluyla bitti\u011finde 18 d\u00f6n\u00fcml\u00fck alana sahip park ve ye\u015fil alanda yenileme \u00e7al\u0131\u015fmalar\u0131 s\u00fcr\u00fcyor. Sahil boyuna yap\u0131lan parkta &hellip; <a href=\"https:\/\/akdenizolaygazetesi.com\/?p=25413\" class=\"more-link\">Devam\u0131n\u0131 Oku&#8230;<\/a><\/p>\n","protected":false},"author":2,"featured_media":25414,"comment_status":"open","ping_status":"open","sticky":false,"template":"","format":"standard","meta":[],"categories":[1,2,3],"tags":[],"_links":{"self":[{"href":"https:\/\/akdenizolaygazetesi.com\/index.php?rest_route=\/wp\/v2\/posts\/25413"}],"collection":[{"href":"https:\/\/akdenizolaygazetesi.com\/index.php?rest_route=\/wp\/v2\/posts"}],"about":[{"href":"https:\/\/akdenizolaygazetesi.com\/index.php?rest_route=\/wp\/v2\/types\/post"}],"author":[{"embeddable":true,"href":"https:\/\/akdenizolaygazetesi.com\/index.php?rest_route=\/wp\/v2\/users\/2"}],"replies":[{"embeddable":true,"href":"https:\/\/akdenizolaygazetesi.com\/index.php?rest_route=%2Fwp%2Fv2%2Fcomments&post=25413"}],"version-history":[{"count":1,"href":"https:\/\/akdenizolaygazetesi.com\/index.php?rest_route=\/wp\/v2\/posts\/25413\/revisions"}],"predecessor-version":[{"id":25415,"href":"https:\/\/akdenizolaygazetesi.com\/index.php?rest_route=\/wp\/v2\/posts\/25413\/revisions\/25415"}],"wp:featuredmedia":[{"embeddable":true,"href":"https:\/\/akdenizolaygazetesi.com\/index.php?rest_route=\/wp\/v2\/media\/25414"}],"wp:attachment":[{"href":"https:\/\/akdenizolaygazetesi.com\/index.php?rest_route=%2Fwp%2Fv2%2Fmedia&parent=25413"}],"wp:term":[{"taxonomy":"category","embeddable":true,"href":"https:\/\/akdenizolaygazetesi.com\/index.php?rest_route=%2Fwp%2Fv2%2Fcategories&post=25413"},{"taxonomy":"post_tag","embeddable":true,"href":"https:\/\/akdenizolaygazetesi.com\/index.php?rest_route=%2Fwp%2Fv2%2Ftags&post=25413"}],"curies":[{"name":"wp","href":"https:\/\/api.w.org\/{rel}","templated":true}]}}