{"id":25419,"date":"2023-04-26T12:56:28","date_gmt":"2023-04-26T09:56:28","guid":{"rendered":"http:\/\/akdenizolaygazetesi.com\/?p=25419"},"modified":"2023-04-26T12:56:28","modified_gmt":"2023-04-26T09:56:28","slug":"mahalle-mutfaklari-yeniden-mersinlilerin-hizmetinde","status":"publish","type":"post","link":"https:\/\/akdenizolaygazetesi.com\/?p=25419","title":{"rendered":"MAHALLE MUTFAKLARI YEN\u0130DEN MERS\u0130NL\u0130LER\u0130N H\u0130ZMET\u0130NDE"},"content":{"rendered":"<p>Mersin B\u00fcy\u00fck\u015fehir Belediyesi&#8217;nin, 6 \u015eubat depremlerinin ard\u0131ndan depremzede vatanda\u015flara yemek deste\u011fi sa\u011flamak amac\u0131yla ara verdi\u011fi Mahalle Mutfaklar\u0131 hizmeti, Mersinli vatanda\u015flar i\u00e7in yeniden hizmete girdi.<br \/>\nSosyal Hizmetler Dairesi taraf\u0131ndan dar gelirli vatanda\u015flara sa\u011fl\u0131kl\u0131 ve ucuz \u00f6\u011f\u00fcn sa\u011flamak amac\u0131yla hizmet veren Mahalle Mutfaklar\u0131, deprem b\u00f6lgesindeki depremzedelere yemek deste\u011fi sa\u011fland\u0131\u011f\u0131 i\u00e7in bir s\u00fcre Mersinlilere hizmet verememi\u015fti. Yeniden hizmete al\u0131nan Mahalle Mutfaklar\u0131 21&#8217;i Mersin Merkez&#8217;de, 14&#8217;\u00fc Tarsus&#8217;ta ve 3&#8217;\u00fc Erdemli&#8217;de olmak \u00fczere 38 noktada vatanda\u015flara 3 \u00e7e\u015fit yeme\u011fi 6 TL&#8217;den ula\u015ft\u0131rmaya devam edecek.<br \/>\n&#8220;Mahalle Mutfa\u011f\u0131 6 TL gibi sembolik bir \u00fccretle yeniden hizmete ba\u015flad\u0131&#8221;<br \/>\nMersin B\u00fcy\u00fck\u015fehir Belediyesi Sosyal Hizmetler Dairesi Ba\u015fkanl\u0131\u011f\u0131&#8217;nda Psikolog olarak g\u00f6rev yapan Buket \u00c7ankaya, konuyla ilgili bilgi vererek, &#8220;Mersin B\u00fcy\u00fck\u015fehir Belediyesi olarak depremzedeler i\u00e7in il i\u00e7i ve il d\u0131\u015f\u0131nda kurdu\u011fumuz mutfaklar ve mobil mutfaklarla depremin ilk g\u00fcn\u00fcnden bu yana depremzede vatanda\u015flar\u0131m\u0131z\u0131n yan\u0131nda olmaya \u00e7al\u0131\u015ft\u0131k. \u0130l i\u00e7i ve il d\u0131\u015f\u0131 yemek say\u0131m\u0131z g\u00fcnl\u00fck 33 bine ula\u015ft\u0131. Toplamda 2 milyondan fazla ikram\u0131m\u0131z oldu. Deprem sebebiyle ilimize gelen depremzedelere belediyemizce olu\u015fturulan yerle\u015fim alanlar\u0131nda yemek yapmaya devam edece\u011fiz. Karde\u015f \u015fehrimiz Ad\u0131yaman&#8217;da da mutfak hizmetimiz hala faaliyet y\u00fcr\u00fctmekte. Bug\u00fcn itibariyle Mahalle Mutfa\u011f\u0131m\u0131z t\u00fcm halk\u0131m\u0131za 6 TL gibi sembolik bir \u00fccretle yeniden hizmete ba\u015flam\u0131\u015ft\u0131r&#8221; dedi.<br \/>\n&#8220;Bu da\u011f\u0131t\u0131m in\u015fallah t\u00fcm \u00fclke y\u00f6netimine \u00f6rnek olur&#8221;<br \/>\nMahalle Mutfa\u011f\u0131&#8217;ndan uzun s\u00fcredir yararland\u0131\u011f\u0131n\u0131 ve kendileri i\u00e7in \u00e7ok \u00f6nemli bir hizmet oldu\u011funu ifade eden Do\u011fan Ko\u00e7ak, &#8220;Bu da\u011f\u0131t\u0131m in\u015fallah t\u00fcm \u00fclke y\u00f6netimine \u00f6rnek olur ve in\u015fallah b\u00f6yle yemek da\u011f\u0131t\u0131m\u0131n\u0131 t\u00fcm \u00fclkede yayg\u0131nla\u015ft\u0131r\u0131rlar. Ama buradaki lezzeti tutturmak \u015fart\u0131yla. Bu kadar uygun olmas\u0131 laz\u0131m. Ya\u015fayabilmemiz i\u00e7in bunlar gerekiyor, yoksa ya\u015fam \u015fans\u0131m\u0131z yok&#8221; ifadelerini kulland\u0131.<br \/>\n&#8220;Zor \u015fartlarda ya\u015fayan aileler i\u00e7in \u00e7ok g\u00fczel bir hizmet&#8221;<br \/>\n\u00c7ocuklar\u0131n\u0131n \u00fcniversitede okudu\u011funu s\u00f6yleyen Suna Bekta\u015f, Mahalle Mutfa\u011f\u0131&#8217;n\u0131n aile b\u00fct\u00e7esine \u00f6nemli katk\u0131 sa\u011flad\u0131\u011f\u0131n\u0131 belirterek, &#8220;Zor \u015fartlarda ya\u015fayan aileler i\u00e7in \u00e7ok g\u00fczel bir hizmet. \u015eu an benim 2 \u00e7ocu\u011fum \u00fcniversitede okuyor. G\u00fczel bir hizmet, te\u015fekk\u00fcr ederim&#8221; diye konu\u015ftu.<br \/>\n&#8220;6 TL&#8217;ye 3 \u00e7e\u015fit yemek bulunmaz&#8221;<br \/>\nMahalle Mutfa\u011f\u0131 kuruldu\u011fu g\u00fcnden bu yana yemek ald\u0131\u011f\u0131n\u0131 ifade eden Aynur Demir, &#8220;\u00c7ok g\u00fczel bir \u015fey. Bizim gibi dar gelen insanlara iyi bir \u015fey. Memnunuz. Ben ba\u015flad\u0131\u011f\u0131ndan beri al\u0131yorum. \u00c7ok g\u00fczel. Hem uygun. 6 TL&#8217;ye 3 \u00e7e\u015fit yemek bulunmaz&#8221; ifadelerini kulland\u0131.<br \/>\nNeriman \u015eahin, &#8220;Buras\u0131 a\u00e7\u0131ld\u0131\u011f\u0131ndan beri al\u0131yoruz. \u00c7ok uygun, biz memnunuz. \u00c7ok g\u00fczel yemek yap\u0131yorlar. S\u00fcper bir yemek&#8221; derken, ayn\u0131 hane halk\u0131ndan Gizem \u015eahin ise, g\u0131da fiyatlar\u0131n\u0131n \u00e7ok y\u00fckseldi\u011fi son g\u00fcnlerde b\u00f6yle bir hizmetin \u00f6neminin artt\u0131\u011f\u0131n\u0131 belirterek, &#8220;Bu hizmetten \u00e7ok memnunum. Belediye Ba\u015fkan\u0131m\u0131z \u00e7ok g\u00fczel hizmetler veriyor. Ekmek, yemek olay\u0131 \u00e7ok g\u00fczel&#8221; dedi.<\/p>\n","protected":false},"excerpt":{"rendered":"<p>Mersin B\u00fcy\u00fck\u015fehir Belediyesi&#8217;nin, 6 \u015eubat depremlerinin ard\u0131ndan depremzede vatanda\u015flara yemek deste\u011fi sa\u011flamak amac\u0131yla ara verdi\u011fi Mahalle Mutfaklar\u0131 hizmeti, Mersinli vatanda\u015flar i\u00e7in yeniden hizmete girdi. Sosyal Hizmetler Dairesi taraf\u0131ndan dar gelirli &hellip; <a href=\"https:\/\/akdenizolaygazetesi.com\/?p=25419\" class=\"more-link\">Devam\u0131n\u0131 Oku&#8230;<\/a><\/p>\n","protected":false},"author":2,"featured_media":25420,"comment_status":"open","ping_status":"open","sticky":false,"template":"","format":"standard","meta":[],"categories":[2,3,5],"tags":[],"_links":{"self":[{"href":"https:\/\/akdenizolaygazetesi.com\/index.php?rest_route=\/wp\/v2\/posts\/25419"}],"collection":[{"href":"https:\/\/akdenizolaygazetesi.com\/index.php?rest_route=\/wp\/v2\/posts"}],"about":[{"href":"https:\/\/akdenizolaygazetesi.com\/index.php?rest_route=\/wp\/v2\/types\/post"}],"author":[{"embeddable":true,"href":"https:\/\/akdenizolaygazetesi.com\/index.php?rest_route=\/wp\/v2\/users\/2"}],"replies":[{"embeddable":true,"href":"https:\/\/akdenizolaygazetesi.com\/index.php?rest_route=%2Fwp%2Fv2%2Fcomments&post=25419"}],"version-history":[{"count":1,"href":"https:\/\/akdenizolaygazetesi.com\/index.php?rest_route=\/wp\/v2\/posts\/25419\/revisions"}],"predecessor-version":[{"id":25421,"href":"https:\/\/akdenizolaygazetesi.com\/index.php?rest_route=\/wp\/v2\/posts\/25419\/revisions\/25421"}],"wp:featuredmedia":[{"embeddable":true,"href":"https:\/\/akdenizolaygazetesi.com\/index.php?rest_route=\/wp\/v2\/media\/25420"}],"wp:attachment":[{"href":"https:\/\/akdenizolaygazetesi.com\/index.php?rest_route=%2Fwp%2Fv2%2Fmedia&parent=25419"}],"wp:term":[{"taxonomy":"category","embeddable":true,"href":"https:\/\/akdenizolaygazetesi.com\/index.php?rest_route=%2Fwp%2Fv2%2Fcategories&post=25419"},{"taxonomy":"post_tag","embeddable":true,"href":"https:\/\/akdenizolaygazetesi.com\/index.php?rest_route=%2Fwp%2Fv2%2Ftags&post=25419"}],"curies":[{"name":"wp","href":"https:\/\/api.w.org\/{rel}","templated":true}]}}