{"id":25423,"date":"2023-04-27T12:36:04","date_gmt":"2023-04-27T09:36:04","guid":{"rendered":"http:\/\/akdenizolaygazetesi.com\/?p=25423"},"modified":"2023-04-27T12:36:40","modified_gmt":"2023-04-27T09:36:40","slug":"akdeniz-belediye-baskani-gultak-kirsal-mahallelere-cikarma-yapti","status":"publish","type":"post","link":"https:\/\/akdenizolaygazetesi.com\/?p=25423","title":{"rendered":"AKDEN\u0130Z BELED\u0130YE BA\u015eKANI G\u00dcLTAK, KIRSAL MAHALLELERE \u00c7IKARMA YAPTI"},"content":{"rendered":"<p>Akdeniz Belediye Ba\u015fkan\u0131 M. Mustafa G\u00fcltak, beraberinde AK Parti Mersin Milletvekili Aday\u0131 Ali K\u0131ratl\u0131, AK Parti Akdeniz \u0130l\u00e7e Ba\u015fkan\u0131 Emin Gen\u00e7, Belediye Meclis \u00fcyeleri, Kad\u0131n ve Gen\u00e7lik Kollar\u0131 y\u00f6neticileri ve muhtarlarla birlikte k\u0131rsal mahalleleri ziyaret etti. Ba\u015fkan G\u00fcltak, Akdeniz\u2019de de\u011fi\u015fim ve d\u00f6n\u00fc\u015f\u00fcm\u00fcn s\u00fcrmesi i\u00e7in 14 May\u0131s\u2019ta yap\u0131lacak genel se\u00e7imlerde vatanda\u015flardan destek istedi.<br \/>\nBa\u015fkan G\u00fcltak ve beraberindeki heyetin yo\u011fun ilgi g\u00f6rd\u00fc\u011f\u00fc ve kurban kesilerek kar\u015f\u0131land\u0131\u011f\u0131 bulu\u015fmalarda, 1 g\u00fcn i\u00e7inde Demirhisar, K\u00fcrk\u00e7\u00fc, A\u015fa\u011f\u0131 ve Yukar\u0131 Burhan, Yanpar, Parmakkurdu, Pu\u011fkaracada\u011f, Hebilli, Esenli, I\u011fd\u0131r, Akdam ve Bekirde mahalleleri ziyaret edildi. Heyet; Akdeniz\u2019in tar\u0131msal \u00fcretiminin a\u011f\u0131rl\u0131kta oldu\u011fu mahallelerde \u00fcreticilerle de bir araya geldi. Ba\u015fkan G\u00fcltak, mahalle ziyaretlerinde k\u00fc\u00e7\u00fck \u00e7ocuklar\u0131 da unutmay\u0131p hediyelerle onlar\u0131 sevindirdi.<br \/>\nAkdeniz\u2019in de\u011fi\u015fimi; hizmet, proje ve yat\u0131r\u0131mlar\u0131n s\u00fcrmesi i\u00e7in destek istedi<br \/>\nHer mahallede vatanda\u015flara hitap eden Ba\u015fkan G\u00fcltak; g\u00f6reve geldi\u011fi 4 y\u0131lda Akdeniz\u2019i de\u011fi\u015ftiren hizmet ve projeleri \u00f6zetledi. \u201cYak\u0131n ge\u00e7mi\u015fte ter\u00f6r, sokak olaylar\u0131 ve uyu\u015fturucu ile g\u00fcndeme gelen Akdeniz\u2019de art\u0131k bar\u0131\u015f, karde\u015flik, huzur ve ho\u015fg\u00f6r\u00fc h\u00e2kim\u201d diyen Ba\u015fkan G\u00fcltak; \u201cAkdeniz\u2019de birilerinin hayalini dahi kuramayaca\u011f\u0131 hizmet, proje ve yat\u0131r\u0131mlar getirdik.<br \/>\nBa\u015fta \u00c7ay ve Bar\u0131\u015f mahalleleri kentsel d\u00f6n\u00fc\u015f\u00fcm projeleri, spora y\u00f6nelik yat\u0131r\u0131mlar, \u00fcniversiteye haz\u0131rlanan gen\u00e7lerimiz i\u00e7in \u00fccretsiz et\u00fct merkezi olmak \u00fczere, Akdeniz\u2019i d\u00f6n\u00fc\u015ft\u00fcren ve gelece\u011fe haz\u0131rlayan hizmet ve projelere imza att\u0131k. Kad\u0131nlar\u0131 farkl\u0131 illerimizde g\u00fcn\u00fcbirlik gezilere g\u00f6t\u00fcr\u00fcyoruz.<br \/>\nElbette bu hizmetler, Cumhurba\u015fkan\u0131m\u0131z Say\u0131n Recep Tayyip Erdo\u011fan\u2019\u0131n destekleri sayesinde ger\u00e7ekle\u015fti. Akdeniz\u2019in d\u00f6n\u00fc\u015f\u00fcm\u00fcn\u00fcn s\u00fcrmesi ve siz de\u011ferli vatanda\u015flar\u0131m\u0131za hak etti\u011finiz hizmetleri ve kent ya\u015fam\u0131n\u0131 sunabilmemiz i\u00e7in sizlerin deste\u011fine ihtiyac\u0131m\u0131z var. Bu anlamda 14 May\u0131s\u2019ta yap\u0131lacak se\u00e7imlerde en do\u011fru karar\u0131 verece\u011finize inan\u0131yorum\u201d ifadelerini kulland\u0131.<br \/>\n\u201cMersin\u2019in t\u00fcm sorunlar\u0131na h\u00e2kimim\u201d<br \/>\nAK Parti Mersin Milletvekili Aday\u0131 Ali K\u0131ratl\u0131 da mahalle sakinlerine hitab\u0131nda, g\u00f6sterdikleri yo\u011fun ilgi ve tevecc\u00fch nedeniyle \u015f\u00fckranlar\u0131n\u0131 sundu. T\u00fcrkiye\u2019nin de\u011fi\u015fimi ve gelece\u011fe emin ad\u0131mlarla ilerlemesi i\u00e7in AK Parti iktidar\u0131n\u0131n s\u00fcrmesi gerekti\u011finin alt\u0131n\u0131 \u00e7izen K\u0131ratl\u0131; \u201cBen sizlerden biriyim; bir Y\u00f6r\u00fck evlad\u0131, sizler gibi bir \u00e7ift\u00e7i ve \u00fcreticiyim. Dolay\u0131s\u0131yla Mersin\u2019in b\u00fct\u00fcn sorun ve s\u0131k\u0131nt\u0131lar\u0131na h\u00e2kimim ve 7\/24 sizlerin hizmetinde olaca\u011f\u0131m. \u0130nsanlar\u0131m\u0131z aras\u0131nda asla ay\u0131r\u0131m yapmayaca\u011f\u0131z. Mersin olarak \u00e7ok \u015fansl\u0131y\u0131z. Say\u0131n Bakan\u0131m\u0131z ile birlikte mega projelerimize ba\u015flayarak \u00fclkemizde oldu\u011fu gibi Mersin\u2019de de \u015fahlan\u0131\u015f d\u00f6nemimiz ba\u015fl\u0131yor.<br \/>\nBu vesileyle, \u00fclkemizin en \u00f6nemli se\u00e7imlerinden birinin yap\u0131laca\u011f\u0131 14 May\u0131s\u2019ta; sizlerden biri, i\u00e7inizden biri olarak desteklerinizi bekliyorum. 15 May\u0131s sabah\u0131ndan itibaren de durmadan, yorulmadan projelerimizi hayata ge\u00e7irece\u011fiz ve Mersin i\u00e7in var g\u00fcc\u00fcm\u00fczle \u00e7al\u0131\u015faca\u011f\u0131z\u201d ifadelerini kulland\u0131.<\/p>\n","protected":false},"excerpt":{"rendered":"<p>Akdeniz Belediye Ba\u015fkan\u0131 M. Mustafa G\u00fcltak, beraberinde AK Parti Mersin Milletvekili Aday\u0131 Ali K\u0131ratl\u0131, AK Parti Akdeniz \u0130l\u00e7e Ba\u015fkan\u0131 Emin Gen\u00e7, Belediye Meclis \u00fcyeleri, Kad\u0131n ve Gen\u00e7lik Kollar\u0131 y\u00f6neticileri ve &hellip; <a href=\"https:\/\/akdenizolaygazetesi.com\/?p=25423\" class=\"more-link\">Devam\u0131n\u0131 Oku&#8230;<\/a><\/p>\n","protected":false},"author":2,"featured_media":25425,"comment_status":"open","ping_status":"open","sticky":false,"template":"","format":"standard","meta":[],"categories":[2,3],"tags":[],"_links":{"self":[{"href":"https:\/\/akdenizolaygazetesi.com\/index.php?rest_route=\/wp\/v2\/posts\/25423"}],"collection":[{"href":"https:\/\/akdenizolaygazetesi.com\/index.php?rest_route=\/wp\/v2\/posts"}],"about":[{"href":"https:\/\/akdenizolaygazetesi.com\/index.php?rest_route=\/wp\/v2\/types\/post"}],"author":[{"embeddable":true,"href":"https:\/\/akdenizolaygazetesi.com\/index.php?rest_route=\/wp\/v2\/users\/2"}],"replies":[{"embeddable":true,"href":"https:\/\/akdenizolaygazetesi.com\/index.php?rest_route=%2Fwp%2Fv2%2Fcomments&post=25423"}],"version-history":[{"count":2,"href":"https:\/\/akdenizolaygazetesi.com\/index.php?rest_route=\/wp\/v2\/posts\/25423\/revisions"}],"predecessor-version":[{"id":25426,"href":"https:\/\/akdenizolaygazetesi.com\/index.php?rest_route=\/wp\/v2\/posts\/25423\/revisions\/25426"}],"wp:featuredmedia":[{"embeddable":true,"href":"https:\/\/akdenizolaygazetesi.com\/index.php?rest_route=\/wp\/v2\/media\/25425"}],"wp:attachment":[{"href":"https:\/\/akdenizolaygazetesi.com\/index.php?rest_route=%2Fwp%2Fv2%2Fmedia&parent=25423"}],"wp:term":[{"taxonomy":"category","embeddable":true,"href":"https:\/\/akdenizolaygazetesi.com\/index.php?rest_route=%2Fwp%2Fv2%2Fcategories&post=25423"},{"taxonomy":"post_tag","embeddable":true,"href":"https:\/\/akdenizolaygazetesi.com\/index.php?rest_route=%2Fwp%2Fv2%2Ftags&post=25423"}],"curies":[{"name":"wp","href":"https:\/\/api.w.org\/{rel}","templated":true}]}}