{"id":25430,"date":"2023-04-27T12:39:17","date_gmt":"2023-04-27T09:39:17","guid":{"rendered":"http:\/\/akdenizolaygazetesi.com\/?p=25430"},"modified":"2023-04-27T12:39:17","modified_gmt":"2023-04-27T09:39:17","slug":"iyi-parti-ve-mhp-adaylarindan-mtosbye-ziyaret","status":"publish","type":"post","link":"https:\/\/akdenizolaygazetesi.com\/?p=25430","title":{"rendered":"\u0130Y\u0130 Parti ve MHP adaylar\u0131ndan MTOSB&#8217;ye ziyaret"},"content":{"rendered":"<p>14 May\u0131s&#8217;ta ger\u00e7ekle\u015fecek olan genel se\u00e7imler \u00f6ncesi \u0130Y\u0130 Parti Mersin Milletvekili Adaylar\u0131 Ayd\u0131n Enes Seydanl\u0131o\u011flu ve Mehmet Yunus Seven, Milliyet\u00e7i Hareket Partisi (MHP) Mersin Milletvekili Aday\u0131 Dr. Levent Uysal, Mersin Tarsus Organize Sanayi B\u00f6lgesi&#8217;ni ziyaret ederek Ba\u015fkan Sabri Tekli, Denetim Kurulu \u00dcyesi Hasan Y\u0131ld\u0131r\u0131m ve MTOSB B\u00f6lge M\u00fcd\u00fcr\u00fc Halil Y\u0131lmaz ile bir araya geldi.<\/p>\n<p>Yakla\u015fan genel se\u00e7imler \u00f6ncesi MHP Mersin 1. S\u0131ra Milletvekili Aday\u0131 Dr. Levent Uysal, Model Fabrika ve Yenilik Merkezi&#8217;ni ziyaret ederek MTOSB Ba\u015fkan\u0131 Sabri Tekli ile bir araya geldi. \u00d6zel \u015ei\u015fecam Mesleki ve Anadolu Lisesi robot tak\u0131m\u0131 \u00f6\u011frencilerinin de yer ald\u0131\u011f\u0131 ziyarette Dr. Uysal \u00f6\u011frencilerle sohbet ederek akabinde Ba\u015fkan Tekli ile birlikte MTOSB s\u0131n\u0131rlar\u0131 i\u00e7erisinde k\u0131sa bir inceleme yapt\u0131.<\/p>\n<p>Ard\u0131ndan \u0130Y\u0130 Parti Mersin 2. S\u0131ra Milletvekili Aday\u0131 Ayd\u0131n Enes Seydanl\u0131o\u011flu ve 11. S\u0131ra Milletvekili Aday\u0131 Mehmet Yunus Seven ile bir araya gelen Ba\u015fkan Tekli, heyete ilk olarak \u00d6zel \u015ei\u015fecam Mesleki ve Teknik Anadolu Lisesi&#8217;ni sonra da Model Fabrika ve Yenilik Merkezi&#8217;ni gezdirdi.<\/p>\n<p>Ger\u00e7ekle\u015ftirilen ziyarette konu\u015fan MTOSB Ba\u015fkan\u0131 Sabri Tekli, \u00dcniversite-Sanayi i\u015fbirli\u011finin her ge\u00e7en g\u00fcn artt\u0131\u011f\u0131n\u0131 belirterek, Model Fabrika ve \u0130novasyon Merkezi&#8217;nin b\u00f6lgede faaliyet g\u00f6steren yat\u0131r\u0131mc\u0131lara ciddi bir verim sa\u011flad\u0131\u011f\u0131n\u0131 s\u00f6yledi. Tekli, &#8220;\u00dclkemizde \u00fcniversite sanayi i\u015fbirli\u011fi her ge\u00e7en g\u00fcn art\u0131yor. Biz gen\u00e7lerimizden sanayiyi yerinde g\u00f6rerek deneyimlemelerini bekliyoruz. \u00dclkemizi ileriye ta\u015f\u0131yacak olan, sanayimizi geli\u015ftirecek, teknolojiye y\u00f6n verecek olan onlar. Bu ba\u011flamda gen\u00e7lerimizin kendilerini geli\u015ftirmeleri ve sanayi kavramlar\u0131n\u0131 yerinde \u00f6\u011frenmeleri i\u00e7in onlara bir\u00e7ok avantajlar sa\u011fl\u0131yoruz. Mersin&#8217;de bizim de y\u00f6netiminde bulundu\u011fumuz Teknopark \u00f6zellikle Ar-Ge&#8217;ye \u00f6nem veren firmalar\u0131m\u0131z\u0131n geli\u015fimine b\u00fcy\u00fck katk\u0131 sa\u011fl\u0131yor. Sanayide Ar-Ge \u00e7ok \u00f6nemli. Bir \u00e7ok firmam\u0131z kendi Ar-Ge merkezlerini kurarak ileriye d\u00f6n\u00fck yenilik\u00e7i \u00fcr\u00fcnleri pazara kazand\u0131rma \u00e7abas\u0131ndalar. Bu anlamda da inovasyonun \u00f6nemi bir kez daha \u00f6n plana \u00e7\u0131k\u0131yor. Geli\u015fen teknolojiye ayak uydurabilen, yenilik\u00e7i \u00fcr\u00fcnler geli\u015ftirebilen, e-ticareti iyi kullanabilen firmalar\u0131m\u0131z pazar pay\u0131n\u0131 artt\u0131r\u0131yor. Ayn\u0131 zamanda inovatif \u00fcr\u00fcnlerini fuarlar arac\u0131l\u0131\u011f\u0131 ile d\u0131\u015f pazara ta\u015f\u0131yabilen firmalar\u0131m\u0131z \u00fclkemizin ihracat\u0131n\u0131 artt\u0131rarak d\u0131\u015f ticaret a\u00e7\u0131\u011f\u0131n\u0131n azalmas\u0131na, \u00fclkeye d\u00f6viz girmesine katk\u0131da bulunuyorlar. Biz t\u00fcm bunlar\u0131 firmalar\u0131m\u0131z i\u00e7in tasarlarken b\u00f6lgemizde e\u011fitim veren \u00d6zel \u015ei\u015fecam Mesleki ve Teknik Anadolu Lisemiz ile kalifiye eleman yeti\u015ftirmeye gayret ediyor, Model Fabrika ve \u0130novasyon Merkezimiz ile de b\u00f6lgemizde faaliyet g\u00f6steren yat\u0131r\u0131mc\u0131lar\u0131m\u0131za, beyaz yakal\u0131lar\u0131m\u0131za verdi\u011fimiz e\u011fitimler ile i\u015fletmelerini daha inovatif kullanmalar\u0131n\u0131 sa\u011fl\u0131yoruz&#8221; ifadelerini kulland\u0131.<\/p>\n","protected":false},"excerpt":{"rendered":"<p>14 May\u0131s&#8217;ta ger\u00e7ekle\u015fecek olan genel se\u00e7imler \u00f6ncesi \u0130Y\u0130 Parti Mersin Milletvekili Adaylar\u0131 Ayd\u0131n Enes Seydanl\u0131o\u011flu ve Mehmet Yunus Seven, Milliyet\u00e7i Hareket Partisi (MHP) Mersin Milletvekili Aday\u0131 Dr. Levent Uysal, Mersin &hellip; <a href=\"https:\/\/akdenizolaygazetesi.com\/?p=25430\" class=\"more-link\">Devam\u0131n\u0131 Oku&#8230;<\/a><\/p>\n","protected":false},"author":2,"featured_media":25431,"comment_status":"open","ping_status":"open","sticky":false,"template":"","format":"standard","meta":[],"categories":[8,2,3],"tags":[],"_links":{"self":[{"href":"https:\/\/akdenizolaygazetesi.com\/index.php?rest_route=\/wp\/v2\/posts\/25430"}],"collection":[{"href":"https:\/\/akdenizolaygazetesi.com\/index.php?rest_route=\/wp\/v2\/posts"}],"about":[{"href":"https:\/\/akdenizolaygazetesi.com\/index.php?rest_route=\/wp\/v2\/types\/post"}],"author":[{"embeddable":true,"href":"https:\/\/akdenizolaygazetesi.com\/index.php?rest_route=\/wp\/v2\/users\/2"}],"replies":[{"embeddable":true,"href":"https:\/\/akdenizolaygazetesi.com\/index.php?rest_route=%2Fwp%2Fv2%2Fcomments&post=25430"}],"version-history":[{"count":1,"href":"https:\/\/akdenizolaygazetesi.com\/index.php?rest_route=\/wp\/v2\/posts\/25430\/revisions"}],"predecessor-version":[{"id":25432,"href":"https:\/\/akdenizolaygazetesi.com\/index.php?rest_route=\/wp\/v2\/posts\/25430\/revisions\/25432"}],"wp:featuredmedia":[{"embeddable":true,"href":"https:\/\/akdenizolaygazetesi.com\/index.php?rest_route=\/wp\/v2\/media\/25431"}],"wp:attachment":[{"href":"https:\/\/akdenizolaygazetesi.com\/index.php?rest_route=%2Fwp%2Fv2%2Fmedia&parent=25430"}],"wp:term":[{"taxonomy":"category","embeddable":true,"href":"https:\/\/akdenizolaygazetesi.com\/index.php?rest_route=%2Fwp%2Fv2%2Fcategories&post=25430"},{"taxonomy":"post_tag","embeddable":true,"href":"https:\/\/akdenizolaygazetesi.com\/index.php?rest_route=%2Fwp%2Fv2%2Ftags&post=25430"}],"curies":[{"name":"wp","href":"https:\/\/api.w.org\/{rel}","templated":true}]}}