{"id":2544,"date":"2020-11-04T18:23:03","date_gmt":"2020-11-04T15:23:03","guid":{"rendered":"http:\/\/mersinekonomipolitikagazetesi.com\/?p=2544"},"modified":"2020-11-04T18:23:03","modified_gmt":"2020-11-04T15:23:03","slug":"dava-kazanilirsa-mersin-kazanacak","status":"publish","type":"post","link":"https:\/\/akdenizolaygazetesi.com\/?p=2544","title":{"rendered":"\u2018DAVA KAZANILIRSA  MERS\u0130N KAZANACAK\u2019"},"content":{"rendered":"<p>Akkuyu Yer Lisans\u0131 \u0130ptal Davas\u0131 d\u00fcn Mersin 2. \u0130dare Mahkemesinde  g\u00f6r\u00fcld\u00fc. Mersin Tabip odas\u0131, N\u00fckleer Kar\u015f\u0131t\u0131 Platform ve CHP Mersin Milletvekili Av. Alpay Antmen davaya kat\u0131ld\u0131.<\/p>\n<p>CHP Mersin Milletvekili Alpay Antmen, 1976\u2019da verilen yer lisans\u0131n\u0131n g\u00fcncellenmesi nedeniyle g\u00f6r\u00fclen duru\u015fmaya kat\u0131ld\u0131.<br \/>\nAntmen, \u00c7ED raporunun al\u0131nmad\u0131\u011f\u0131n\u0131 ifade etti. Antmen: \u201c\u00c7ED rapor al\u0131nmadan bunun yap\u0131lmamas\u0131 gerekiyor. Dosya karar i\u00e7in heyet taraf\u0131ndan inceleme al\u0131nd\u0131. E\u011fer iptal karar\u0131 verilirse n\u00fckleer santral yap\u0131lamaz. E\u011fer davay\u0131 kazan\u0131rsak; Akkuyu kazanacak, Mersin kazanacak, yani T\u00fcrkiye kazanacak\u201d dedi.<br \/>\n\u00a0<br \/>\nYer lisans\u0131n\u0131n iptal edilmesini s\u00f6yleyen Antmen Mersin\u2019de n\u00fckleer santral yap\u0131m\u0131n\u0131n durdurulmas\u0131n\u0131 istediklerini belirtti. CHP\u2019li Vekil \u201cAkkuyu, yak\u0131t ve teknoloji a\u00e7\u0131s\u0131ndan da T\u00fcrkiye\u2019yi d\u0131\u015far\u0131ya daha fazla ba\u011f\u0131ml\u0131 hale getiren bir tesis. Kullan\u0131lacak yak\u0131t \u00e7ubuklar\u0131n\u0131n ithal edilmek durumunday\u0131z. Yar\u0131n \u00fclkeler aras\u0131 olas\u0131 bir kriz durumunda \u2018yak\u0131t, malzeme yok\u2019 dedikleri anda ne olaca\u011f\u0131 belli de\u011fil. Yap\u0131lmas\u0131 planlanan santrali tamamen yabanc\u0131lar\u0131n eline b\u0131rakm\u0131\u015f durumdalar. \u00a0\u0130nsan\u0131m\u0131z, do\u011fam\u0131z, \u00e7evremiz ve Mersinimiz \u00e7ok b\u00fcy\u00fck tehlike alt\u0131nda. Akkuyu\u2019da yap\u0131lacak n\u00fckleer santralin do\u011fam\u0131za, insan\u0131m\u0131za, \u00fclke \u00e7\u0131karlar\u0131na ve kamu yarar\u0131na uygun olmad\u0131\u011f\u0131n\u0131 s\u00f6yledik, s\u00f6ylemeye devam ediyoruz. Bu santralin yap\u0131m\u0131 derhal durdurulmal\u0131d\u0131r. Davay\u0131 sonuna kadar takip edecek ve Mersin i\u00e7in m\u00fccadelemizi sonuna kadar s\u00fcrd\u00fcrece\u011fiz. Biz \u2018Mersin\u2019de hakimler var\u2019 demek istiyoruz\u201d diyerek s\u00f6zlerini noktalad\u0131.\u00a0<\/p>\n","protected":false},"excerpt":{"rendered":"<p>Akkuyu Yer Lisans\u0131 \u0130ptal Davas\u0131 d\u00fcn Mersin 2. \u0130dare Mahkemesinde g\u00f6r\u00fcld\u00fc. Mersin Tabip odas\u0131, N\u00fckleer Kar\u015f\u0131t\u0131 Platform ve CHP Mersin Milletvekili Av. Alpay Antmen davaya kat\u0131ld\u0131. CHP Mersin Milletvekili Alpay &hellip; <a href=\"https:\/\/akdenizolaygazetesi.com\/?p=2544\" class=\"more-link\">Devam\u0131n\u0131 Oku&#8230;<\/a><\/p>\n","protected":false},"author":1,"featured_media":0,"comment_status":"open","ping_status":"open","sticky":false,"template":"","format":"standard","meta":[],"categories":[],"tags":[],"_links":{"self":[{"href":"https:\/\/akdenizolaygazetesi.com\/index.php?rest_route=\/wp\/v2\/posts\/2544"}],"collection":[{"href":"https:\/\/akdenizolaygazetesi.com\/index.php?rest_route=\/wp\/v2\/posts"}],"about":[{"href":"https:\/\/akdenizolaygazetesi.com\/index.php?rest_route=\/wp\/v2\/types\/post"}],"author":[{"embeddable":true,"href":"https:\/\/akdenizolaygazetesi.com\/index.php?rest_route=\/wp\/v2\/users\/1"}],"replies":[{"embeddable":true,"href":"https:\/\/akdenizolaygazetesi.com\/index.php?rest_route=%2Fwp%2Fv2%2Fcomments&post=2544"}],"version-history":[{"count":0,"href":"https:\/\/akdenizolaygazetesi.com\/index.php?rest_route=\/wp\/v2\/posts\/2544\/revisions"}],"wp:attachment":[{"href":"https:\/\/akdenizolaygazetesi.com\/index.php?rest_route=%2Fwp%2Fv2%2Fmedia&parent=2544"}],"wp:term":[{"taxonomy":"category","embeddable":true,"href":"https:\/\/akdenizolaygazetesi.com\/index.php?rest_route=%2Fwp%2Fv2%2Fcategories&post=2544"},{"taxonomy":"post_tag","embeddable":true,"href":"https:\/\/akdenizolaygazetesi.com\/index.php?rest_route=%2Fwp%2Fv2%2Ftags&post=2544"}],"curies":[{"name":"wp","href":"https:\/\/api.w.org\/{rel}","templated":true}]}}