{"id":25443,"date":"2023-04-27T16:32:27","date_gmt":"2023-04-27T13:32:27","guid":{"rendered":"http:\/\/akdenizolaygazetesi.com\/?p=25443"},"modified":"2023-04-27T16:32:27","modified_gmt":"2023-04-27T13:32:27","slug":"akdeniz-belediye-baskani-gultak-halk-bulusmalarina-devam-ediyor","status":"publish","type":"post","link":"https:\/\/akdenizolaygazetesi.com\/?p=25443","title":{"rendered":"AKDEN\u0130Z BELED\u0130YE BA\u015eKANI G\u00dcLTAK, HALK BULU\u015eMALARINA DEVAM ED\u0130YOR"},"content":{"rendered":"<p>Mahalle ve esnaf ziyaretlerini s\u00fcrd\u00fcren Ba\u015fkan G\u00fcltak, bu kez \u015eevket S\u00fcmer, G\u00fcndo\u011fdu ve \u00dc\u00e7 Ocak mahallelerine misafir oldu. Ziyaretlere AK Parti Mersin milletvekili aday\u0131 Ali K\u0131ratl\u0131, AK Parti Akdeniz \u0130l\u00e7e Ba\u015fkan\u0131 Emin Gen\u00e7 ile gen\u00e7lik ve kad\u0131n kollar\u0131 y\u00f6neticileri de kat\u0131ld\u0131. \u0130lk olarak mahalle muhtarlar\u0131 ile bir araya gelen Ba\u015fkan G\u00fcltak ve beraberindeki heyet, talep ve \u00f6nerileri dinledi. Heyet, ard\u0131ndan da esnaf ve vatanda\u015flarla bulu\u015ftu.  Halk\u0131n s\u0131cak ilgisiyle kar\u015f\u0131la\u015fan Ba\u015fkan G\u00fcltak, Akdeniz&#8217;i 4 y\u0131l i\u00e7inde de\u011fi\u015ftirip gelece\u011fe haz\u0131rlayan hizmet, proje ve yat\u0131r\u0131mlardan bahsetti.<br \/>\nAkdeniz&#8217;de art\u0131k bar\u0131\u015f\u0131n, huzurun ve karde\u015fli\u011fin h\u00fck\u00fcm s\u00fcrd\u00fc\u011f\u00fcn\u00fc ifade eden Ba\u015fkan G\u00fcltak, gerek bar\u0131\u015f ve huzur ortam\u0131n\u0131n, gerekse de hizmet, proje ve yat\u0131r\u0131mlar\u0131n h\u0131zl\u0131 ve kesintisiz devam etmesi i\u00e7in 14 May\u0131s genel se\u00e7imlerinde Cumhurba\u015fkan\u0131 Recep Tayyip Erdo\u011fan ve milletvekili adaylar\u0131na destek istedi&#8230;<br \/>\nAkdeniz Belediyesi&#8217;nin il\u00e7eye kazand\u0131rd\u0131\u011f\u0131 142. Cadde \u00fczerindeki pazarc\u0131 esnaf\u0131 ile de bulu\u015fan Ba\u015fkan G\u00fcltak ve beraberindeki heyet, sat\u0131\u015f yapan esnaf ile al\u0131\u015fveri\u015fe \u00e7\u0131kan mahalle sakinleri ile s\u0131cak ve samimi bir \u015fekilde sohbet etti. Ba\u015fkan G\u00fcltak, kimi esnaf\u0131n dile getirdi\u011fi s\u0131k\u0131nt\u0131lar\u0131n acilen \u00e7\u00f6z\u00fclmesi i\u00e7in de ilgili birim m\u00fcd\u00fcrlerine talimat verdi.<br \/>\nHer zaman oldu\u011fu gibi \u00e7ocuklarla da yak\u0131ndan ilgilenen Ba\u015fkan G\u00fcltak, \u00e7e\u015fitli hediyeler ve oyuncaklarla onlar\u0131n da g\u00f6nl\u00fcn\u00fc kazand\u0131.<br \/>\nAkdeniz Belediye Ba\u015fkan\u0131 Mustafa G\u00fcltak, g\u00fcn i\u00e7erisinde kanaat \u00f6nderleri ile de bir araya geldi. T\u00fcrkiye&#8217;nin \u00e7ok \u00f6nemli bir se\u00e7imden ge\u00e7ti\u011fini vurgulayan Ba\u015fkan G\u00fcltak, her y\u00f6n\u00fcyle gelece\u011fe emin ad\u0131mlarla ilerleyen bir \u00fclke i\u00e7in 14 May\u0131s genel se\u00e7imlerinde Cumhurba\u015fkan\u0131 Recep Tayyip Erdo\u011fan&#8217;a ve milletvekili adaylar\u0131na destek verilmesi \u00e7a\u011fr\u0131s\u0131nda bulundu&#8230;<\/p>\n","protected":false},"excerpt":{"rendered":"<p>Mahalle ve esnaf ziyaretlerini s\u00fcrd\u00fcren Ba\u015fkan G\u00fcltak, bu kez \u015eevket S\u00fcmer, G\u00fcndo\u011fdu ve \u00dc\u00e7 Ocak mahallelerine misafir oldu. Ziyaretlere AK Parti Mersin milletvekili aday\u0131 Ali K\u0131ratl\u0131, AK Parti Akdeniz \u0130l\u00e7e &hellip; <a href=\"https:\/\/akdenizolaygazetesi.com\/?p=25443\" class=\"more-link\">Devam\u0131n\u0131 Oku&#8230;<\/a><\/p>\n","protected":false},"author":2,"featured_media":25444,"comment_status":"open","ping_status":"open","sticky":false,"template":"","format":"standard","meta":[],"categories":[2,3],"tags":[],"_links":{"self":[{"href":"https:\/\/akdenizolaygazetesi.com\/index.php?rest_route=\/wp\/v2\/posts\/25443"}],"collection":[{"href":"https:\/\/akdenizolaygazetesi.com\/index.php?rest_route=\/wp\/v2\/posts"}],"about":[{"href":"https:\/\/akdenizolaygazetesi.com\/index.php?rest_route=\/wp\/v2\/types\/post"}],"author":[{"embeddable":true,"href":"https:\/\/akdenizolaygazetesi.com\/index.php?rest_route=\/wp\/v2\/users\/2"}],"replies":[{"embeddable":true,"href":"https:\/\/akdenizolaygazetesi.com\/index.php?rest_route=%2Fwp%2Fv2%2Fcomments&post=25443"}],"version-history":[{"count":1,"href":"https:\/\/akdenizolaygazetesi.com\/index.php?rest_route=\/wp\/v2\/posts\/25443\/revisions"}],"predecessor-version":[{"id":25445,"href":"https:\/\/akdenizolaygazetesi.com\/index.php?rest_route=\/wp\/v2\/posts\/25443\/revisions\/25445"}],"wp:featuredmedia":[{"embeddable":true,"href":"https:\/\/akdenizolaygazetesi.com\/index.php?rest_route=\/wp\/v2\/media\/25444"}],"wp:attachment":[{"href":"https:\/\/akdenizolaygazetesi.com\/index.php?rest_route=%2Fwp%2Fv2%2Fmedia&parent=25443"}],"wp:term":[{"taxonomy":"category","embeddable":true,"href":"https:\/\/akdenizolaygazetesi.com\/index.php?rest_route=%2Fwp%2Fv2%2Fcategories&post=25443"},{"taxonomy":"post_tag","embeddable":true,"href":"https:\/\/akdenizolaygazetesi.com\/index.php?rest_route=%2Fwp%2Fv2%2Ftags&post=25443"}],"curies":[{"name":"wp","href":"https:\/\/api.w.org\/{rel}","templated":true}]}}