{"id":25447,"date":"2023-04-28T13:12:59","date_gmt":"2023-04-28T10:12:59","guid":{"rendered":"http:\/\/akdenizolaygazetesi.com\/?p=25447"},"modified":"2023-04-28T13:12:59","modified_gmt":"2023-04-28T10:12:59","slug":"baskan-secer-bu-bolge-muazzam-gelisiyor","status":"publish","type":"post","link":"https:\/\/akdenizolaygazetesi.com\/?p=25447","title":{"rendered":"BA\u015eKAN SE\u00c7ER: &#8220;BU B\u00d6LGE MUAZZAM GEL\u0130\u015e\u0130YOR&#8221;"},"content":{"rendered":"<p>Ger\u00e7ekle\u015ftirdi\u011fi vatanda\u015f bulu\u015fmalar\u0131 ile Mersinlilerin sevgi ve takdirini toplayan Mersin B\u00fcy\u00fck\u015fehir Belediye Ba\u015fkan\u0131 Vahap Se\u00e7er, halkla bir araya gelmeye devam ediyor. Mersin&#8217;i kar\u0131\u015f kar\u0131\u015f gezerek halka dokunan Ba\u015fkan Se\u00e7er&#8217;in yeni adresi Silifke il\u00e7esi oldu.<\/p>\n<p>Silifke&#8217;de ilk ziyaretini Mersin Silifke Minib\u00fcs\u00e7\u00fcler Kooperatifi&#8217;ne (Sim-Koop) ger\u00e7ekle\u015ftiren Se\u00e7er, burada Sim-Koop Ba\u015fkan\u0131 Musa Uslu, Minib\u00fcs\u00e7\u00fcler Odas\u0131 Ba\u015fkan\u0131 Y\u0131lmaz Kaya ve minib\u00fcs \u015fof\u00f6rleri ile bir araya geldi.<\/p>\n<p>&#8220;Bu ekonomik ko\u015fullarda zor bir i\u015f yap\u0131yorsunuz&#8221;<br \/>\nBa\u015fkan Se\u00e7er, Sim-Koop \u00fcyeleriyle bir araya geldi\u011fi bulu\u015fmada, daha \u00f6nce kent genelindeki minib\u00fcs esnaf\u0131yla 4 saat s\u00fcren bir toplant\u0131da bir araya geldiklerini ve t\u00fcm de\u011ferlendirme ve talepleri ayr\u0131 ayr\u0131 dilendi\u011fini hat\u0131rlatt\u0131. Minib\u00fcs\u00e7\u00fcl\u00fc\u011f\u00fcn \u00e7ok zorlu bir sekt\u00f6r oldu\u011funu s\u00f6yleyen Se\u00e7er, &#8220;Ama ben sizlerden memnunum. \u00c7\u00fcnk\u00fc zor bir i\u015f yap\u0131yorsunuz. Hele hele bu ekonomik ko\u015fullarda, akaryak\u0131t\u0131n zaten zehir zemberek rakamlara eri\u015fti\u011fi bir d\u00f6nemde hem yolcu ta\u015f\u0131 hem sa\u011fl\u0131\u011f\u0131n\u0131 koru, sonra da \u00e7olu\u011funa \u00e7ocu\u011funa ekmek g\u00f6t\u00fcrmek kolay de\u011fil. Elinize sa\u011fl\u0131k&#8221; dedi.<\/p>\n<p>&#8220;Bu b\u00f6lge muazzam geli\u015fiyor&#8221;<br \/>\nSilifke&#8217;nin h\u0131zl\u0131 bir \u015fekilde geli\u015fti\u011fini aktaran Ba\u015fkan Se\u00e7er, B\u00fcy\u00fck\u015fehir olarak b\u00f6lgenin imar planlar\u0131 \u00fczerinde \u00e7al\u0131\u015ft\u0131klar\u0131n\u0131 ve ilk etab\u0131n\u0131 bitirdiklerini s\u00f6yledi. \u0130lk etab\u0131n Ta\u015fucu ve Silifke merkez b\u00f6lgelerini kapsad\u0131\u011f\u0131n\u0131 belirten Ba\u015fkan Se\u00e7er, &#8220;N\u00fckleer Santral&#8217;den dolay\u0131 \u00f6nceli\u011fi bu b\u00f6lgeye verdik. Burada n\u00fcfus art\u0131yor. Hem kendi vatanda\u015f\u0131m\u0131z hem yabanc\u0131 uyruklu insanlar buraya ak\u0131n ediyor. Dolay\u0131s\u0131yla burada ya\u015fam \u015fekli de de\u011fi\u015fecek. Bu \u00f6nemli. Buraya Ukraynal\u0131, Rus, Kazak insanlar\u0131n yan\u0131 s\u0131ra Avrupa milletlerinden insanlar geliyor. Bu Silifke&#8217;nin hayat\u0131na, esnaf\u0131na yans\u0131r. Farkl\u0131 meslek dallar\u0131, farkl\u0131 esnafl\u0131k alanlar\u0131 geli\u015febilir. Konut talebi zaten artar, \u00e7\u00fcnk\u00fc n\u00fcfus artt\u0131&#8221; diye konu\u015ftu.<\/p>\n<p>&#8220;Belediyemizin hakk\u0131n\u0131n verilmesini istiyorum&#8221;<br \/>\nB\u00f6lgeleri sa\u011flad\u0131klar\u0131 siyasi faydadan dolay\u0131 de\u011ferlendirmeyen anlay\u0131\u015fa sahip oldu\u011funu ifade eden ba\u015fkan Se\u00e7er, &#8220;O anlay\u0131\u015f \u00e7ok geride kald\u0131. &#8216;Bize oy verenlere hizmet edelim, vermeyenlere etmeyelim&#8217; b\u00f6yle bir \u015fey yok. Burada muhtarlar\u0131m\u0131z da var. Belediyemizin hakk\u0131n\u0131n verilmesini istiyorum. Her konuda ele\u015ftiriye a\u00e7\u0131\u011f\u0131m, fakat bu konuda kesinlikle reddederim. \u00c7\u00fcnk\u00fc bizim k\u00fclt\u00fcr\u00fcm\u00fczde asla b\u00f6yle bir \u015fey yok. \u00c7\u00fcnk\u00fc b\u00f6yle yaparsak bu \u00fclkeye katk\u0131 sa\u011flayamay\u0131z? Geli\u015fen bir b\u00f6lgeye yapaca\u011f\u0131m\u0131z yat\u0131r\u0131m\u0131 geli\u015fmeyen bir b\u00f6lgeye s\u0131rf bize oy veriyor diye yaparsak o geli\u015fen b\u00f6lgenin \u00f6n\u00fcn\u00fc t\u0131kam\u0131\u015f oluruz&#8221; dedi.<\/p>\n<p>Adaletin olmad\u0131\u011f\u0131 bir yerde hi\u00e7bir \u015feyin olamayaca\u011f\u0131n\u0131 s\u00f6yleyen Ba\u015fkan Se\u00e7er, kendisinin de Mersinlilere hizmet etme yolunda engellendi\u011fini vurgulayarak &#8220;Bas bas ba\u011f\u0131r\u0131yorum &#8216;Ya arkada\u015f ben bu \u00fclkenin evlad\u0131 de\u011fil miyim? Siz niye beni engelliyorsunuz?&#8217; diye. Meclisleri izliyorsunuz, bor\u00e7lanma vermez, bir karar alaca\u011f\u0131z uygun g\u00f6rmez, asl\u0131nda uygun oldu\u011funu bilir ama ba\u015fkana bu prim kazand\u0131r\u0131r diye engelleme yapar, geciktirme yapar ya da meclis \u00e7o\u011funlu\u011funa g\u00fcvenerek onay vermez. Burada adalet, demokrasi, hak yok ki, burada bir ma\u011fduriyet s\u00f6z konusu. Kimin ma\u011fduriyeti benim de\u011fil ki, benim oyum artt\u0131&#8221; diye konu\u015ftu.<\/p>\n<p>&#8220;Gelen para kanunla belirlenmi\u015f, bana h\u00fck\u00fcmet cebinden g\u00f6ndermiyor, g\u00f6ndermek zorunda oldu\u011fu para&#8221;<br \/>\nG\u00f6reve geldi\u011finde Mersin B\u00fcy\u00fck\u015fehir Belediyesi&#8217;nin 400 milyon dolar borcu oldu\u011funu ancak gelinen noktada bu rakam\u0131n 100 milyon dolara d\u00fc\u015ft\u00fc\u011f\u00fcne dikkat \u00e7eken Ba\u015fkan Se\u00e7er, &#8220;300 milyon dolar bor\u00e7 \u00f6demi\u015fiz. \u00dczerine hizmet yapm\u0131\u015f\u0131z. Sadece Silifke&#8217;ye 65 bin ton asfalt kullanm\u0131\u015f\u0131z ve bu y\u0131l Silifke i\u00e7in programa 55 bin ton asfalt koyduk. Bu de\u011firmenin suyu nereden geliyor? Ben para m\u0131 bas\u0131yorum? Darphanemi var bende? Bor\u00e7lanma alam\u0131yorum. Gelen para kanunla belirlenmi\u015f, bana h\u00fck\u00fcmet cebinden g\u00f6ndermiyor, g\u00f6ndermek zorunda oldu\u011fu para. B\u00fct\u00fcn partilerin belediye ba\u015fkanlar\u0131na g\u00f6nderecek&#8221; ifadelerini kulland\u0131.<\/p>\n<p>&#8220;Kaynaklar, krediler, hibeler e\u015fit olarak aktar\u0131ls\u0131n&#8221;<br \/>\nMerkezi h\u00fck\u00fcmetten hizmetler konusunda e\u015fit yakla\u015f\u0131m g\u00f6rmediklerini belirten Ba\u015fkan Se\u00e7er; kaynaklar\u0131n, kredilerin ve hibelerin siyaset \u00fcst\u00fc bir anlay\u0131\u015fla, e\u015fit olarak aktar\u0131lmas\u0131n\u0131n \u00f6nemine dikkat \u00e7ekerek &#8220;Ben hizmette kantar\u0131n topuzunu ka\u00e7\u0131rmayaca\u011f\u0131m, size adaleti sa\u011flayaca\u011f\u0131m. Bundan emin olabilirsiniz. Bir de tabi kendimi d\u00fc\u015f\u00fcnece\u011fim. Veresiye satan gibi d\u00fc\u015f\u00fcn\u00fcyoruz. \u0130ktidar bize ge\u00e7sin ki hi\u00e7 olmazsa adalet sa\u011flans\u0131n. Kaynaklar, krediler, hibeler e\u015fit olarak aktar\u0131ls\u0131n&#8221; diye konu\u015ftu.<\/p>\n<p>&#8220;Silifke&#8217;nin ar\u0131tma tesisi yeni ama modeli eski&#8221;<br \/>\nSilifke&#8217;de daha \u00f6nce yap\u0131lan ar\u0131tma tesisinin eski model oldu\u011funu ve yeterli olmad\u0131\u011f\u0131n\u0131 da s\u00f6zlerine ekleyen Ba\u015fkan Se\u00e7er, &#8220;Silifke ar\u0131tmas\u0131 \u00e7ok eski bir tesis de\u011fil, yeni bir tesis asl\u0131nda ama eski y\u00f6netimler buraya demode bir modelin kurulumunu yapm\u0131\u015f, tabi kokar. D\u00f6rt y\u0131ld\u0131r u\u011fra\u015f\u0131yorum. Buraya yeni bir tane yapmam\u0131z laz\u0131m. Atayurt-Atakent; buralar\u0131 bir an \u00f6nce yapmam\u0131z laz\u0131m. Buralar\u0131n n\u00fcfusu art\u0131yor. Sizin bu ar\u0131tmaya biraz dokunduk, bir revize ettik, teknik olarak baz\u0131 d\u00fczenlemeler yapt\u0131k, \u00fcstesinden gelebildik. \u0130vedi olarak Ta\u015fucu&#8217;na kadar isale hatt\u0131 \u00e7ektik. \u00c7\u00fcnk\u00fc daha \u00f6nce yap\u0131lan proje ve yer se\u00e7imi yanl\u0131\u015f, yap\u0131lan temel \u00e7\u00f6km\u00fc\u015f. H\u0131zl\u0131 bir \u015fekilde b\u00fct\u00fcn abonelerin ba\u011flant\u0131s\u0131n\u0131 yapt\u0131k. \u015eimdi sistemi oraya aktar\u0131yoruz&#8221; ifadelerini kulland\u0131.<\/p>\n<p>&#8220;Biz daha \u00e7ok ve daha g\u00fczel i\u015fler yapmak istiyoruz&#8221;<br \/>\nBa\u015fkan Se\u00e7er, Mersin B\u00fcy\u00fck\u015fehir Belediye Ba\u015fkan\u0131 olarak, belediyeyi ilk ald\u0131klar\u0131 noktadan daha ileri noktalara ta\u015f\u0131d\u0131klar\u0131n\u0131 belirterek, \u015funlar\u0131 s\u00f6yledi:<br \/>\n&#8220;Biz daha \u00e7ok ve daha g\u00fczel i\u015fler yapmak istiyoruz. Kentimize daha fazla hizmet yapmak istiyoruz. \u015eu anda belediye olarak ge\u00e7en y\u0131ldan da \u00f6nceki y\u0131ldan da \u00e7ok daha iyi noktaday\u0131z. Bunu her belediye ba\u015fkan\u0131 s\u00f6ylemez. Bizim belediyemiz g\u00fc\u00e7l\u00fcd\u00fcr. Biz belediye olarak T\u00fcrkiye&#8217;nin geliri iyi belediyeleri aras\u0131nday\u0131z. Mersin Belediye Ba\u015fkan\u0131 &#8216;Param yok, bana ne para geliyor ki size hizmet edeyim&#8217; diyorsa d\u00f6n\u00fcp bir aynaya bakacak. Ya bu i\u015fi bilmiyor ya da o belediyede ba\u015fka i\u015fler d\u00f6n\u00fcyor. Ben, T\u00fcrkiye&#8217;nin be\u015finci-alt\u0131nc\u0131 s\u0131ras\u0131nda vergi \u00f6deyen bir kentin belediye ba\u015fkan\u0131y\u0131m. O vergiden bana para geliyor, oradan kesiliyor. Burada ekonomi ne kadar fazla olursa, kentin cirosu ne kadar artarsa; ben daha zengin belediye, sizler de daha zengin bir kentin vatanda\u015flar olursunuz. Daha g\u00fczel yollarda, daha g\u00fczel tesislerde ya\u015fam\u0131n\u0131z\u0131 s\u00fcrd\u00fcr\u00fcrs\u00fcn\u00fcz. \u0130n\u015fallah \u00e7ok daha g\u00fczel hizmetler yapaca\u011f\u0131z.&#8221;<\/p>\n<p>Daha sonra Ta\u015fucu Pazar Yeri&#8217;ne ge\u00e7en Se\u00e7er&#8217;e, gezisinde Cumhuriyet Halk Partisi (CHP) Silifke \u0130l\u00e7e Ba\u015fkan\u0131 B\u00fcnyamin U\u00e7ar, Ta\u015fucu Mahalle Muhtar\u0131 Adnan Uysal ve B\u00fcy\u00fck\u015fehir ile MESK\u0130 b\u00fcrokratlar\u0131 e\u015flik etti.<\/p>\n<p>&#8220;Sizden \u00e7ok memnunuz. Her \u015fey \u00e7ok g\u00fczel&#8221;<br \/>\nEsnafa &#8220;Bereketli \u0130\u015fler&#8221; dileyen Se\u00e7er, pazardan al\u0131\u015fveri\u015f yapt\u0131. Burada Se\u00e7er&#8217;e yo\u011fun ilgi g\u00f6steren vatanda\u015flar, &#8220;Sizden \u00e7ok memnunuz. Her \u015fey \u00e7ok g\u00fczel. \u0130n\u015fallah 14 May\u0131s&#8217;tan sonra her \u015fey \u00e7ok daha g\u00fczel olacak. Biz \u00e7al\u0131\u015fan adama oy veririz. Ba\u015fkan dedi\u011fin b\u00f6yle halkla i\u00e7 i\u00e7e olacak&#8221; dediler. \u00d6zellikle B\u00fcy\u00fck\u015fehir&#8217;in Silifke&#8217;de ger\u00e7ekle\u015ftirdi\u011fi altyap\u0131 ve yol \u00e7al\u0131\u015fmalar\u0131 sayesinde rahata kavu\u015ftuklar\u0131n\u0131 da s\u00f6yleyen vatanda\u015flar, hizmetlerden dolay\u0131 Ba\u015fkan Se\u00e7er&#8217;e te\u015fekk\u00fcrlerini ilettiler.<\/p>\n<p>Mersin&#8217;in her il\u00e7esine e\u015fit hizmet g\u00f6t\u00fcrd\u00fcklerini s\u00f6yleyen Ba\u015fkan Se\u00e7er ise, Mersin ve Mersin halk\u0131 i\u00e7in durmadan \u00e7al\u0131\u015facaklar\u0131n\u0131 belirtti.<\/p>\n","protected":false},"excerpt":{"rendered":"<p>Ger\u00e7ekle\u015ftirdi\u011fi vatanda\u015f bulu\u015fmalar\u0131 ile Mersinlilerin sevgi ve takdirini toplayan Mersin B\u00fcy\u00fck\u015fehir Belediye Ba\u015fkan\u0131 Vahap Se\u00e7er, halkla bir araya gelmeye devam ediyor. Mersin&#8217;i kar\u0131\u015f kar\u0131\u015f gezerek halka dokunan Ba\u015fkan Se\u00e7er&#8217;in yeni &hellip; <a href=\"https:\/\/akdenizolaygazetesi.com\/?p=25447\" class=\"more-link\">Devam\u0131n\u0131 Oku&#8230;<\/a><\/p>\n","protected":false},"author":2,"featured_media":25448,"comment_status":"open","ping_status":"open","sticky":false,"template":"","format":"standard","meta":[],"categories":[2,3,5],"tags":[],"_links":{"self":[{"href":"https:\/\/akdenizolaygazetesi.com\/index.php?rest_route=\/wp\/v2\/posts\/25447"}],"collection":[{"href":"https:\/\/akdenizolaygazetesi.com\/index.php?rest_route=\/wp\/v2\/posts"}],"about":[{"href":"https:\/\/akdenizolaygazetesi.com\/index.php?rest_route=\/wp\/v2\/types\/post"}],"author":[{"embeddable":true,"href":"https:\/\/akdenizolaygazetesi.com\/index.php?rest_route=\/wp\/v2\/users\/2"}],"replies":[{"embeddable":true,"href":"https:\/\/akdenizolaygazetesi.com\/index.php?rest_route=%2Fwp%2Fv2%2Fcomments&post=25447"}],"version-history":[{"count":1,"href":"https:\/\/akdenizolaygazetesi.com\/index.php?rest_route=\/wp\/v2\/posts\/25447\/revisions"}],"predecessor-version":[{"id":25449,"href":"https:\/\/akdenizolaygazetesi.com\/index.php?rest_route=\/wp\/v2\/posts\/25447\/revisions\/25449"}],"wp:featuredmedia":[{"embeddable":true,"href":"https:\/\/akdenizolaygazetesi.com\/index.php?rest_route=\/wp\/v2\/media\/25448"}],"wp:attachment":[{"href":"https:\/\/akdenizolaygazetesi.com\/index.php?rest_route=%2Fwp%2Fv2%2Fmedia&parent=25447"}],"wp:term":[{"taxonomy":"category","embeddable":true,"href":"https:\/\/akdenizolaygazetesi.com\/index.php?rest_route=%2Fwp%2Fv2%2Fcategories&post=25447"},{"taxonomy":"post_tag","embeddable":true,"href":"https:\/\/akdenizolaygazetesi.com\/index.php?rest_route=%2Fwp%2Fv2%2Ftags&post=25447"}],"curies":[{"name":"wp","href":"https:\/\/api.w.org\/{rel}","templated":true}]}}