{"id":25450,"date":"2023-04-28T13:14:34","date_gmt":"2023-04-28T10:14:34","guid":{"rendered":"http:\/\/akdenizolaygazetesi.com\/?p=25450"},"modified":"2023-04-28T13:14:34","modified_gmt":"2023-04-28T10:14:34","slug":"baskan-secer-saheserler-yaratmanin-yolu-merkezi-hukumetin-destegini-almaktan-gecer","status":"publish","type":"post","link":"https:\/\/akdenizolaygazetesi.com\/?p=25450","title":{"rendered":"BA\u015eKAN SE\u00c7ER: &#8220;\u015eAHESERLER YARATMANIN YOLU MERKEZ\u0130 H\u00dcK\u00dcMET\u0130N DESTE\u011e\u0130N\u0130 ALMAKTAN GE\u00c7ER&#8221;"},"content":{"rendered":"<p>Mersin B\u00fcy\u00fck\u015fehir Belediye Ba\u015fkan\u0131 Vahap Se\u00e7er, Silifke&#8217;ye ger\u00e7ekle\u015ftirdi\u011fi ziyarette, Silifke Esnaf ve Sanatkarlar Odas\u0131 ile Silifke Ticaret ve Sanayi Odas\u0131 y\u00f6neticileri ve \u00fcyeleriyle bir araya geldi.<\/p>\n<p>Silifke \u00e7\u0131karmas\u0131nda Ba\u015fkan Se\u00e7er, Silifke Esnaf ve Sanatkarlar Odas\u0131 Ba\u015fkan\u0131 U\u00e7al Mavili ve esnaflarla bir araya gelirken, Silifke Ticaret ve Sanayi Odas\u0131 ziyaretinde de Oda Ba\u015fkan\u0131 Nurettin Kaynar, Meclis Ba\u015fkan\u0131 Baki Uysal ve oda \u00fcyeleriyle bir araya geldi.<\/p>\n<p>Mersin B\u00fcy\u00fck\u015fehir Belediye Ba\u015fkan\u0131 Vahap Se\u00e7er, Silifke Esnaf ve Sanatk\u00e2rlar Odas\u0131&#8217;nda yapt\u0131\u011f\u0131 konu\u015fmas\u0131nda, halk\u0131n i\u00e7erisinde yer almaktan duydu\u011fu mutlulu\u011fu payla\u015farak, &#8220;Tabiat\u0131m itibar\u0131yla \u00e7ok gezen bir ba\u015fkan\u0131m. Bunu keyifle ve kendimi zorlamadan yap\u0131yorum. \u0130nsanlar\u0131 dinlemek, sorunlar\u0131 g\u00f6rmek, \u00f6neriler almak ve kendimizi onlara anlatabilmek \u00f6nemli&#8221; dedi.<\/p>\n<p>&#8220;\u015eaheserler yaratman\u0131n yolu merkezi h\u00fck\u00fcmetin deste\u011fini almaktan ge\u00e7er&#8221;<br \/>\nKonu\u015fmas\u0131nda 15 May\u0131s tarihinin sadece partisinin iktidar meselesi olmad\u0131\u011f\u0131n\u0131, belediyecilik a\u00e7\u0131s\u0131ndan da b\u00fcy\u00fck \u00f6nem arz etti\u011fini kaydeden Ba\u015fkan Se\u00e7er, &#8220;\u00c7\u00fcnk\u00fc \u00e7ok daha rahat finansman kayna\u011f\u0131na ula\u015faca\u011f\u0131m, projeler daha h\u0131zl\u0131 y\u00fcr\u00fcyecek. \u00c7\u00fcnk\u00fc partim iktidar, Genel Ba\u015fkan\u0131m Cumhurba\u015fkan\u0131 olacak. Dolay\u0131s\u0131yla elbette hem bir CHP&#8217;li olarak hem de bir belediye ba\u015fkan\u0131 olarak iktidar\u0131 istiyorum. \u015eaheserler yaratman\u0131n yolu merkezi h\u00fck\u00fcmetin deste\u011fini almaktan ge\u00e7er&#8221; ifadelerini kulland\u0131.<\/p>\n<p>Belediyeler olarak, hi\u00e7bir tesir alt\u0131nda kalmadan g\u00f6revlerini yapmakla m\u00fckellef olduklar\u0131n\u0131 ifade eden Ba\u015fkan Se\u00e7er, il\u00e7e belediyeleri ile b\u00fcy\u00fck\u015fehir belediyesinin e\u015fg\u00fcd\u00fcml\u00fc ve uyumlu \u00e7al\u0131\u015fmas\u0131n\u0131n \u00f6nemine dikkat \u00e7ekti. Ba\u015fkan Se\u00e7er, &#8220;Uyumlu 2 belediye ba\u015fkan\u0131n\u0131n olmas\u0131 o kent i\u00e7in muazzam bir avantajd\u0131r. \u00c7\u00fcnk\u00fc B\u00fcy\u00fck\u015fehir il\u00e7e belediyesine g\u00f6re imk\u00e2nl\u0131 bir yerdir. B\u00fcy\u00fck\u015fehir&#8217;in insan ve para kayna\u011f\u0131 ile liyakat ve birikimi \u00e7ok farkl\u0131d\u0131r. Ben de uzla\u015fabilece\u011fim arkada\u015flarla \u00e7al\u0131\u015fmak isteyece\u011fim. \u0130n\u015fallah b\u00fct\u00fcn il\u00e7elerde hem partilim hem de uzla\u015faca\u011f\u0131m arkada\u015flarla \u00e7al\u0131\u015fma f\u0131rsat\u0131 bulaca\u011f\u0131m&#8221; \u015feklinde konu\u015ftu.<\/p>\n<p>&#8220;Bildi\u011finiz, tan\u0131d\u0131\u011f\u0131n\u0131z bir temsilci \u00fczerinden partime oy istiyorum&#8221;<br \/>\nT\u00fcrkiye&#8217;nin geldi\u011fi duruma bak\u0131ld\u0131\u011f\u0131 zaman, de\u011fi\u015fim r\u00fczg\u00e2r\u0131n\u0131n esti\u011fini bir siyaset\u00e7i olarak g\u00f6rd\u00fc\u011f\u00fcn\u00fcn de alt\u0131n\u0131 \u00e7izen Se\u00e7er, CHP Mersin 4. S\u0131ra Milletvekili Aday\u0131 Talat Din\u00e7er&#8217;in esnaf camias\u0131ndan geldi\u011fine dikkat \u00e7ekerek &#8220;Bunu tarafs\u0131z bir g\u00f6zle s\u00f6yl\u00fcyorum. T\u00fcrkiye&#8217;yi gezen, bir\u00e7ok irtibat\u0131 olan, hatta partinin \u00f6nemli aktivitelerinde olan bir siyaset\u00e7iyim. Ben bunu g\u00f6r\u00fcyorum. \u015eimdi Mersin&#8217;den sizin bir temsilcinizin iktidar partisinde olmas\u0131 ve orada sizi temsil etmesi, sizler a\u00e7\u0131s\u0131ndan da \u00e7ok art\u0131 avantajlar getirecektir&#8221; dedi.<\/p>\n<p>Esnaf camias\u0131 ile ili\u015fkilerinin ve irtibatlar\u0131n\u0131n da her zaman iyi oldu\u011funu da dile getiren Ba\u015fkan Se\u00e7er, bundan sonra da b\u00f6yle devam edece\u011fini belirtti. CHP Mersin 4. S\u0131ra Milletvekili Aday\u0131 Talat Din\u00e7er \u00fczerinden de partisine oy isteyen Ba\u015fkan Se\u00e7er, &#8220;Sizin, bildi\u011finiz, tan\u0131d\u0131\u011f\u0131n\u0131z bir temsilci \u00fczerinden partime oy istiyorum. Bu da benim partimin hakk\u0131d\u0131r. Bir parti esnaf\u0131 d\u00fc\u015f\u00fcn\u00fcyorsa, esnaf da onun selametini d\u00fc\u015f\u00fcnmek durumunda. Say\u0131n Genel Ba\u015fkan\u0131m&#8217;a desteklerinizi istiyorum. Burada biraz tabi kendi menfaatim de var. En az\u0131ndan bakanl\u0131klarda i\u015fim tak\u0131lmaz&#8221; dedi.<\/p>\n<p> &#8220;Bir\u00e7ok engel g\u00f6rd\u00fc\u011f\u00fcm hadiselere ra\u011fmen, belediye ba\u015fkanl\u0131\u011f\u0131nda hi\u00e7 zorlanm\u0131yorum&#8221;<br \/>\nBa\u015fkan Se\u00e7er, Silifke Esnaf ve Sanatk\u00e2rlar Odas\u0131 ziyaretinin ard\u0131ndan Silifke Ticaret ve Sanayi Odas\u0131 y\u00f6neticileri ve \u00fcyeleriyle de bir araya geldi.<\/p>\n<p>Se\u00e7er, 4 y\u0131l\u0131 geride b\u0131rak\u0131rken kentin 2. b\u00fct\u00fcn\u015fehir belediye ba\u015fkan\u0131 oldu\u011funu s\u00f6yleyerek, &#8220;Sizler gibi i\u015f d\u00fcnyas\u0131n\u0131 bilen, i\u015fin soka\u011f\u0131ndan gelen bir insan\u0131m. Bu durum belediye ba\u015fkanl\u0131\u011f\u0131nda \u00e7ok b\u00fcy\u00fck bir avantaj. Bir belediye ba\u015fkan\u0131n\u0131n paray\u0131 ve insan y\u00f6netimini bilmesi \u00f6nemli. Siyasette g\u00f6rd\u00fcm ki do\u011fru zamanda do\u011fru i\u015flerde net adam olursan\u0131z \u00e7ok da rahat belediye ba\u015fkanl\u0131\u011f\u0131 yapars\u0131n\u0131z. Emin olun belediye ba\u015fkanl\u0131\u011f\u0131nda hi\u00e7 zorlanm\u0131yorum. Bir\u00e7ok engel g\u00f6rd\u00fc\u011f\u00fcm hadiselere ra\u011fmen i\u015flerim y\u00fcr\u00fcyor&#8221; dedi.<\/p>\n<p>&#8220;Hizmetlerimizdeki ba\u015far\u0131m\u0131z partimize yans\u0131yor&#8221;<br \/>\nBelediye hizmetlerinde ayr\u0131m yapmadan her vatanda\u015fa hizmet ula\u015ft\u0131rd\u0131klar\u0131n\u0131, bu durumun ba\u015far\u0131 getirdi\u011fini, ba\u015far\u0131n\u0131n da partilerine yans\u0131d\u0131\u011f\u0131n\u0131 dile getiren Ba\u015fkan Se\u00e7er, &#8220;Hizmetlerimizdeki ba\u015far\u0131m\u0131z partimize yans\u0131yor.  CHP&#8217;li bir belediye ba\u015fkan\u0131 ba\u015far\u0131l\u0131 olmas\u0131, partinin de ba\u015far\u0131l\u0131 olabilece\u011fini g\u00f6steriyor. Partimize katk\u0131s\u0131 o. Say\u0131n K\u0131l\u0131\u00e7daro\u011flu ile zaman zaman bir araya geliyoruz. &#8216;Ayr\u0131mc\u0131l\u0131k yapmay\u0131n, bu \u015fikayeti bana getirmeyin. Her yere hizmet g\u00f6t\u00fcr\u00fcn&#8217; diyor. Biz bu d\u00fcsturla \u00e7al\u0131\u015f\u0131yoruz. T\u00fcrkiye&#8217;de toplumu zehirleyen, b\u00f6l\u00fcmlere ay\u0131ran, kutupla\u015ft\u0131ran, insanlar\u0131n birbirine sert bakmas\u0131, parmak sallamas\u0131 baz\u0131 siyasilerin s\u00f6ylemlerinden, dilinden, tav\u0131rlar\u0131ndan, davran\u0131\u015flar\u0131ndan kaynakl\u0131&#8221; diye konu\u015ftu.<\/p>\n<p>&#8220;\u015eimdiye kadar metronun y\u00fczde 60&#8217;\u0131 bitmi\u015fti&#8221;<br \/>\nMetro projesi ile ilgili yap\u0131lan engellemeleri hat\u0131rlatan Ba\u015fkan Se\u00e7er, &#8220;Hazine ve Maliye Bakan\u0131&#8217;n\u0131 da su\u00e7layam\u0131yorum. Onunla konu\u015fuyorum. &#8216;Bana yukar\u0131dan talimat gelmezse nas\u0131l imzalayay\u0131m&#8217; diyor. Bunlar sakl\u0131 gizli \u015feyler de\u011fil, bunlar ger\u00e7ek \u015feyler. Kendisi de buradan milletvekili aday\u0131 oldu. \u0130ki senem bo\u015fa gitti. Metronun \u015fimdiye kadar y\u00fczde 60&#8217;\u0131 bitmi\u015fti&#8221; dedi.<\/p>\n<p>Ba\u015fkan Se\u00e7er, Mersin&#8217;de baz\u0131 sekt\u00f6rler dolay\u0131s\u0131yla n\u00fcfusun artt\u0131\u011f\u0131n\u0131 kaydederek, &#8220;Mersin geli\u015fiyor, Silifke geli\u015fiyor. Bu co\u011frafya, buradaki stratejik sekt\u00f6rler bunu zorunlu k\u0131ld\u0131. \u015eimdi buraya siz getirir n\u00fckleer santrali yaparsan\u0131z n\u00fcfus artar. Bu do\u011fal. Binlerce ki\u015fi \u00e7al\u0131\u015f\u0131yor. Tesis devreye girecek, m\u00fchendis, teknisyen, a\u015f\u00e7\u0131, temizlik\u00e7i \u00e7al\u0131\u015facak, n\u00fcfus artacak. Liman\u0131 yaparsan\u0131z n\u00fcfus artacak. Nerede bunun yolu, nerede bunun altyap\u0131s\u0131. Siz buna bak\u0131n&#8221; dedi.<\/p>\n<p>&#8220;10 senede bir havaalan\u0131 yap\u0131lamad\u0131&#8221;<br \/>\nAnkara&#8217;n\u0131n deste\u011fini alamayan kentin h\u0131zl\u0131 bir \u015fekilde kalk\u0131namayaca\u011f\u0131na dikkat \u00e7eken Se\u00e7er, bir\u00e7ok ilin ald\u0131\u011f\u0131 yat\u0131r\u0131mlar ile kalk\u0131nd\u0131\u011f\u0131n\u0131 hat\u0131rlatarak, &#8220;Ama bizim Mersin&#8217;e ne hikmetse 10 senede bir havaalan\u0131 yap\u0131lamad\u0131. Ka\u00e7 senedir \u00c7e\u015fmeli yap\u0131lamad\u0131. 2007&#8217;de milletvekili oldum, Sahil Band\u0131 Projesi vard\u0131, hala ayn\u0131 duruyor. \u00c7e\u015fmeli Otoban Projesi hala duruyor. Tar\u0131m sekt\u00f6r\u00fcnden gelirin var, sanayin var, hizmet sekt\u00f6r\u00fcn var, vergi \u00f6d\u00fcyorsun. Hakk\u0131nd\u0131r isteyeceksin&#8221; ifadelerine yer verdi.<\/p>\n<p>&#8220;Derdimiz Mersin&#8221;<br \/>\n&#8220;Bizim derdimiz Mersin&#8221; diyen Se\u00e7er, &#8220;Benim bir kimli\u011fim, \u00e7izgim var. Ben CHP&#8217;nin Belediye Ba\u015fkan\u0131&#8217;y\u0131m, \u00e7izgim belli. Benim partimin kurucusu belli. Ben Atat\u00fcrk\u00e7\u00fc, \u00e7a\u011fda\u015f bir insan\u0131m. Benim d\u00fcnya g\u00f6r\u00fc\u015f\u00fcm bu. Ama herkes benim ba\u015f\u0131m\u0131n tac\u0131; milliyet\u00e7i, muhafazakar, kom\u00fcnist g\u00f6r\u00fc\u015fler&#8230; Asla ayr\u0131m yapmay\u0131z. Partimizin g\u00f6r\u00fc\u015f\u00fc de, Genel Ba\u015fkan\u0131m\u0131z\u0131n g\u00f6r\u00fc\u015f\u00fc de budur&#8221; dedi.<\/p>\n<p> &#8220;Liman buraya muazzam bir hareketlilik sa\u011flar&#8221;<br \/>\nLimanlar\u0131n \u015fehre b\u00fcy\u00fck hareketlilik sa\u011flad\u0131\u011f\u0131ndan da bahseden Ba\u015fkan Se\u00e7er, &#8220;Liman deyip ge\u00e7meyin. Size m\u00fcthi\u015f farkl\u0131 t\u00fcrev sekt\u00f6rler yarataca\u011f\u0131m. Liman buraya muazzam bir hareketlilik sa\u011flar. Burada sosyal hayat de\u011fi\u015fir, yeni sekt\u00f6rler \u00e7\u0131kar. Hizmet sekt\u00f6r\u00fc, g\u0131da sekt\u00f6r\u00fc \u00e7ok canlan\u0131r. Bunlar\u0131 bir i\u015f insan\u0131 olarak s\u00f6yl\u00fcyorum, bu sizin i\u00e7in avantaj&#8221; ifadelerine yer verdi.<\/p>\n<p>&#8220;Sizin bana katk\u0131lar\u0131n\u0131z kente katk\u0131 demektir&#8221;<br \/>\nBelediye Ba\u015fkan\u0131 olarak i\u015f d\u00fcnyas\u0131 ile her t\u00fcrl\u00fc i\u015fbirli\u011fine haz\u0131r oldu\u011funu s\u00f6yleyen Se\u00e7er, &#8220;Sizin katk\u0131lar\u0131n\u0131z bana de\u011fil, kente katk\u0131 demektir. Benim de size katk\u0131lar\u0131m kente katk\u0131 demektir. Bu anlamda da ortak paydam\u0131z Mersin oldu\u011fu i\u00e7in de bizim birlikteli\u011fimiz bana g\u00f6re \u00e7ok de\u011ferli, \u00e7ok kutsal bir birliktelik olur&#8221; dedi.<\/p>\n<p>Mavili: &#8220;Ekip \u00e7al\u0131\u015fmas\u0131 ba\u015far\u0131 getiriyor&#8221;<br \/>\nSilifke Esnaf ve Sanatk\u00e2rlar Odas\u0131 Ba\u015fkan\u0131 U\u00e7al Mavili de konu\u015fmas\u0131nda, Ba\u015fkan Se\u00e7er&#8217;in g\u00f6reve geldi\u011fi g\u00fcnden bu yana esnaf i\u00e7in elinden gelen yard\u0131m\u0131 yapt\u0131\u011f\u0131n\u0131 kaydederek, &#8220;Esnaf\u0131m\u0131z\u0131n zor g\u00fcnlerinde yine elinizden gelen her \u015feyi yapt\u0131n\u0131z. Ekip \u00e7al\u0131\u015fmas\u0131 ba\u015far\u0131 getiriyor. Sizin ad\u0131n\u0131za, bu ekip \u00e7al\u0131\u015fmas\u0131nda eme\u011fi ge\u00e7en alt kademelerden en \u00fcst kademelere kadar herkese ayr\u0131 ayr\u0131 te\u015fekk\u00fcr ediyoruz&#8221; diye konu\u015ftu. Talat Din\u00e7er&#8217;in milletvekilli\u011fi adayl\u0131\u011f\u0131 hakk\u0131nda da de\u011ferlendirmelerde bulunan Mavili, &#8220;\u0130n\u015fallah bu \u00e7al\u0131\u015fmalar\u0131n sonucunda iyi bir sonu\u00e7 al\u0131r\u0131z. Esnaf\u0131m\u0131z da hem gelen zamlardan hem gelen sorunlardan kurtulur&#8221; dedi.<\/p>\n","protected":false},"excerpt":{"rendered":"<p>Mersin B\u00fcy\u00fck\u015fehir Belediye Ba\u015fkan\u0131 Vahap Se\u00e7er, Silifke&#8217;ye ger\u00e7ekle\u015ftirdi\u011fi ziyarette, Silifke Esnaf ve Sanatkarlar Odas\u0131 ile Silifke Ticaret ve Sanayi Odas\u0131 y\u00f6neticileri ve \u00fcyeleriyle bir araya geldi. Silifke \u00e7\u0131karmas\u0131nda Ba\u015fkan Se\u00e7er, &hellip; <a href=\"https:\/\/akdenizolaygazetesi.com\/?p=25450\" class=\"more-link\">Devam\u0131n\u0131 Oku&#8230;<\/a><\/p>\n","protected":false},"author":2,"featured_media":25451,"comment_status":"open","ping_status":"open","sticky":false,"template":"","format":"standard","meta":[],"categories":[8,2,3],"tags":[],"_links":{"self":[{"href":"https:\/\/akdenizolaygazetesi.com\/index.php?rest_route=\/wp\/v2\/posts\/25450"}],"collection":[{"href":"https:\/\/akdenizolaygazetesi.com\/index.php?rest_route=\/wp\/v2\/posts"}],"about":[{"href":"https:\/\/akdenizolaygazetesi.com\/index.php?rest_route=\/wp\/v2\/types\/post"}],"author":[{"embeddable":true,"href":"https:\/\/akdenizolaygazetesi.com\/index.php?rest_route=\/wp\/v2\/users\/2"}],"replies":[{"embeddable":true,"href":"https:\/\/akdenizolaygazetesi.com\/index.php?rest_route=%2Fwp%2Fv2%2Fcomments&post=25450"}],"version-history":[{"count":1,"href":"https:\/\/akdenizolaygazetesi.com\/index.php?rest_route=\/wp\/v2\/posts\/25450\/revisions"}],"predecessor-version":[{"id":25452,"href":"https:\/\/akdenizolaygazetesi.com\/index.php?rest_route=\/wp\/v2\/posts\/25450\/revisions\/25452"}],"wp:featuredmedia":[{"embeddable":true,"href":"https:\/\/akdenizolaygazetesi.com\/index.php?rest_route=\/wp\/v2\/media\/25451"}],"wp:attachment":[{"href":"https:\/\/akdenizolaygazetesi.com\/index.php?rest_route=%2Fwp%2Fv2%2Fmedia&parent=25450"}],"wp:term":[{"taxonomy":"category","embeddable":true,"href":"https:\/\/akdenizolaygazetesi.com\/index.php?rest_route=%2Fwp%2Fv2%2Fcategories&post=25450"},{"taxonomy":"post_tag","embeddable":true,"href":"https:\/\/akdenizolaygazetesi.com\/index.php?rest_route=%2Fwp%2Fv2%2Ftags&post=25450"}],"curies":[{"name":"wp","href":"https:\/\/api.w.org\/{rel}","templated":true}]}}