{"id":25456,"date":"2023-04-28T13:18:09","date_gmt":"2023-04-28T10:18:09","guid":{"rendered":"http:\/\/akdenizolaygazetesi.com\/?p=25456"},"modified":"2023-04-28T13:18:09","modified_gmt":"2023-04-28T10:18:09","slug":"meme-kanserine-dikkat-ceken-metamazon-belgeseli-mersinde-kadinlarla-bulustu","status":"publish","type":"post","link":"https:\/\/akdenizolaygazetesi.com\/?p=25456","title":{"rendered":"MEME KANSER\u0130NE D\u0130KKAT \u00c7EKEN METAMAZON BELGESEL\u0130 MERS\u0130N&#8217;DE KADINLARLA BULU\u015eTU"},"content":{"rendered":"<p>Mersin B\u00fcy\u00fck\u015fehir Belediyesi Kad\u0131n ve Aile Hizmetleri Daire Ba\u015fkanl\u0131\u011f\u0131; Mersin Kent Konseyi ve Mersin K\u0131zkalesi Rotaract Kul\u00fcb\u00fc i\u015f birli\u011fi ile anlaml\u0131 bir fark\u0131ndal\u0131k \u00e7al\u0131\u015fmas\u0131 ger\u00e7ekle\u015ftirerek, kad\u0131nlar\u0131, konusu meme kanseri olan Metamazon Belgeseli ile bulu\u015fturdu.<br \/>\nToros \u00dcniversitesi 45 Evler Kamp\u00fcs\u00fc Konferans Salonu&#8217;nda ger\u00e7ekle\u015fen g\u00f6sterime, kentin farkl\u0131 noktalar\u0131ndan kad\u0131nlar\u0131n ula\u015f\u0131m\u0131 sa\u011fland\u0131. Kansere dikkat \u00e7ekmek amac\u0131yla ger\u00e7ekle\u015fen etkinlik \u00f6ncesinde pembe kurdele de da\u011f\u0131t\u0131ld\u0131. Belgeseli izleyenler aras\u0131nda, meme kanserini yenmi\u015f kad\u0131nlar da yer ald\u0131. Belgeselin y\u00f6netmeni ve senaristi Can Adilo\u011flu fark\u0131ndal\u0131k \u00e7al\u0131\u015fmas\u0131na destek vererek, belgeselin \u00fccretsiz bir \u015fekilde g\u00f6sterimini sa\u011flad\u0131.<br \/>\nBelgeselde konumuz meme kanseri<br \/>\nMetamazon Belgeseli, metastatik meme kanseri te\u015fhisi konan Canan Perdahl\u0131 \u00fczerinden meme kanserine dikkat \u00e7ekiyor. Kendisi de metastatik meme kanseri olan Canan Perdahl\u0131&#8217;n\u0131n, te\u015fhis konduktan sonra, o zamana kadar yapamad\u0131\u011f\u0131 her \u015fey i\u00e7in pi\u015fmanl\u0131k duymas\u0131 ve geriye kalan zaman\u0131n\u0131, istedi\u011fi her \u015feyi yaparak ge\u00e7irmeye karar vermesi \u00fczerine yo\u011funla\u015f\u0131yor. Canan Perdahl\u0131, kanser olmas\u0131na ra\u011fmen umudunu yitirmiyor ve ya\u015fama sevinci ile hastal\u0131\u011fa, e\u011flenceli ve pozitif yakla\u015f\u0131m\u0131yla dikkat \u00e7ekiyor. Canan Perdahl\u0131, T\u00fcrkiye&#8217;nin ilk Metastatik Meme Kanseri Derne\u011fi&#8217;ni de kurarak, kendisi gibi binlerce kad\u0131na umut oluyor.<br \/>\nErdur: &#8220;Bu belgesel g\u00f6sterimi bizim i\u00e7in \u00e7ok k\u0131ymetliydi&#8221;<br \/>\nMersin K\u0131zkalesi Rotaract Kul\u00fcb\u00fc Ba\u015fkan\u0131 Dicle Erdur, dernek olarak y\u00fcr\u00fctt\u00fckleri &#8216;Ge\u00e7 Kalmadan Fark Et&#8217; projesi kapsam\u0131nda, Metamazon Belgeseli&#8217;nin g\u00f6sterimi i\u00e7in \u00e7al\u0131\u015ft\u0131klar\u0131n\u0131 belirterek, &#8220;Bu belgesel g\u00f6sterimi bizim i\u00e7in \u00e7ok k\u0131ymetliydi. Bu belgeselin g\u00f6sterimi i\u00e7in \u00e7ok \u00e7aba g\u00f6sterdik. Belediyenin de bu y\u00f6nde bir \u00e7al\u0131\u015fmas\u0131 vard\u0131. Bu anlamda Kent Konseyi Ba\u015fkan\u0131m\u0131z sevgili Ayferi Tu\u011fcu da bize destek oldu ve belgeselin g\u00f6sterimini yapt\u0131k&#8221; dedi.<br \/>\n\u00c7al\u0131\u015fman\u0131n \u00f6nemine vurgu yapan Erdur, &#8220;Bu bir fark\u0131ndal\u0131k \u00e7al\u0131\u015fmas\u0131. \u00c7\u00fcnk\u00fc toplumumuzda fark\u0131ndal\u0131klara ve asl\u0131nda baz\u0131 \u015feylerin erken tan\u0131s\u0131na dikkat \u00e7ekmek \u00e7ok \u00f6nemli. O anlamda bizim i\u00e7in de \u00e7ok k\u0131ymetli bir etkinlik oluyor. Kent Konseyi&#8217;ne de, B\u00fcy\u00fck\u015fehir Belediyesi&#8217;ne de desteklerinden ve i\u015f birli\u011finden dolay\u0131 \u00e7ok te\u015fekk\u00fcr ediyoruz. \u00c7\u00fcnk\u00fc bizimle hep bir aradayd\u0131lar, bizim hep yan\u0131m\u0131zda oldular. Bu anlamda destekleri bizim i\u00e7in \u00e7ok k\u0131ymetli&#8221; diye konu\u015ftu.<br \/>\n&#8220;G\u00fc\u00e7l\u00fc olmak gerekiyor. Meme kanserini atlatt\u0131m&#8221;<br \/>\nMeme kanserini yenen ve Metamazon Belgeseli&#8217;ni izlemeye gelen Zeynep \u00c7avgun Keskin, &#8220;Ben 2017 A\u011fustos ay\u0131nda meme kanserine yakaland\u0131m. Ameliyat oldum. Sa\u011f g\u00f6\u011fs\u00fcm ve koltuk alt\u0131m al\u0131nd\u0131, ama 6. y\u0131l\u0131mday\u0131m. M\u00fccadelemi bitirdim. Halen kontrollerime devam ediyorum. G\u00fc\u00e7l\u00fc olmak ve inanmak gerekiyor. Meme kanserini atlatt\u0131m ve \u015fu anda da B\u00fcy\u00fck\u015fehir Belediyesi&#8217;nin \u00fcretici kad\u0131n stantlar\u0131nday\u0131m. Hem \u00fcretiyorum, hem de sosyalle\u015fiyorum. Bu belgeseli bize sunduklar\u0131 i\u00e7in de \u00e7ok te\u015fekk\u00fcr ediyorum&#8221; dedi.<br \/>\n&#8220;Bu tarz etkinliklerin olmas\u0131 gerekiyor&#8221;<br \/>\nMeme kanserini yenen bir ba\u015fka isim de Dilek Danac\u0131. Belgeseli izlemeye gelen Danac\u0131, &#8220;Meme kanserine 4 y\u0131l \u00f6nce yakaland\u0131m. Ba\u015f\u0131ma gelene kadar bu kadar yayg\u0131n oldu\u011funu bilmiyordum. Ama \u00e7ok \u015f\u00fck\u00fcr tedavilerle, ameliyatlarla ge\u00e7iyor, atlat\u0131l\u0131yor. Biraz sab\u0131r g\u00f6stermemiz gerekiyor&#8221; dedi. Fark\u0131ndal\u0131k \u00e7al\u0131\u015fmas\u0131n\u0131 da de\u011ferlendiren Danac\u0131, &#8220;Olumlu buluyorum. Halk\u0131 bilgilendirmek gerekiyor. \u0130nsanlar kanser kelimesini duydu\u011funda \u00e7ok panik yap\u0131yor, ki ben de \u00f6yleydim. Ama e\u011fitim \u015fart. Ger\u00e7ekten bu tarz etkinliklerin olmas\u0131 gerekiyor. B\u00fcy\u00fck\u015fehir Belediyemiz de ger\u00e7ekten \u00e7ok \u00e7al\u0131\u015f\u0131yor. Sadece bu konuda da de\u011fil. Asl\u0131nda bir\u00e7ok kurslar var, \u00e7ok g\u00fczel \u00e7al\u0131\u015fmalar oluyor&#8221; ifadelerini kulland\u0131.<br \/>\nTarsus Kad\u0131nlar Derne\u011fi&#8217;nden Perihan Taze ise, &#8220;B\u00fcy\u00fck\u015fehir taraf\u0131ndan davetli olarak geldik. Sa\u011f olsunlar ula\u015f\u0131m\u0131m\u0131z\u0131 da sa\u011flad\u0131lar. G\u00fczel bir etkinlik, kad\u0131nlar bilgilendiriliyor&#8221; diye konu\u015ftu.<\/p>\n","protected":false},"excerpt":{"rendered":"<p>Mersin B\u00fcy\u00fck\u015fehir Belediyesi Kad\u0131n ve Aile Hizmetleri Daire Ba\u015fkanl\u0131\u011f\u0131; Mersin Kent Konseyi ve Mersin K\u0131zkalesi Rotaract Kul\u00fcb\u00fc i\u015f birli\u011fi ile anlaml\u0131 bir fark\u0131ndal\u0131k \u00e7al\u0131\u015fmas\u0131 ger\u00e7ekle\u015ftirerek, kad\u0131nlar\u0131, konusu meme kanseri olan &hellip; <a href=\"https:\/\/akdenizolaygazetesi.com\/?p=25456\" class=\"more-link\">Devam\u0131n\u0131 Oku&#8230;<\/a><\/p>\n","protected":false},"author":2,"featured_media":25457,"comment_status":"open","ping_status":"open","sticky":false,"template":"","format":"standard","meta":[],"categories":[3,5,9],"tags":[],"_links":{"self":[{"href":"https:\/\/akdenizolaygazetesi.com\/index.php?rest_route=\/wp\/v2\/posts\/25456"}],"collection":[{"href":"https:\/\/akdenizolaygazetesi.com\/index.php?rest_route=\/wp\/v2\/posts"}],"about":[{"href":"https:\/\/akdenizolaygazetesi.com\/index.php?rest_route=\/wp\/v2\/types\/post"}],"author":[{"embeddable":true,"href":"https:\/\/akdenizolaygazetesi.com\/index.php?rest_route=\/wp\/v2\/users\/2"}],"replies":[{"embeddable":true,"href":"https:\/\/akdenizolaygazetesi.com\/index.php?rest_route=%2Fwp%2Fv2%2Fcomments&post=25456"}],"version-history":[{"count":1,"href":"https:\/\/akdenizolaygazetesi.com\/index.php?rest_route=\/wp\/v2\/posts\/25456\/revisions"}],"predecessor-version":[{"id":25458,"href":"https:\/\/akdenizolaygazetesi.com\/index.php?rest_route=\/wp\/v2\/posts\/25456\/revisions\/25458"}],"wp:featuredmedia":[{"embeddable":true,"href":"https:\/\/akdenizolaygazetesi.com\/index.php?rest_route=\/wp\/v2\/media\/25457"}],"wp:attachment":[{"href":"https:\/\/akdenizolaygazetesi.com\/index.php?rest_route=%2Fwp%2Fv2%2Fmedia&parent=25456"}],"wp:term":[{"taxonomy":"category","embeddable":true,"href":"https:\/\/akdenizolaygazetesi.com\/index.php?rest_route=%2Fwp%2Fv2%2Fcategories&post=25456"},{"taxonomy":"post_tag","embeddable":true,"href":"https:\/\/akdenizolaygazetesi.com\/index.php?rest_route=%2Fwp%2Fv2%2Ftags&post=25456"}],"curies":[{"name":"wp","href":"https:\/\/api.w.org\/{rel}","templated":true}]}}