{"id":25471,"date":"2023-04-29T17:10:21","date_gmt":"2023-04-29T14:10:21","guid":{"rendered":"http:\/\/akdenizolaygazetesi.com\/?p=25471"},"modified":"2023-04-29T17:10:21","modified_gmt":"2023-04-29T14:10:21","slug":"buyuksehirden-hayvan-koruma-gorevlisi-egitimi","status":"publish","type":"post","link":"https:\/\/akdenizolaygazetesi.com\/?p=25471","title":{"rendered":"B\u00dcY\u00dcK\u015eEH\u0130R&#8217;DEN HAYVAN KORUMA G\u00d6REVL\u0130S\u0130 E\u011e\u0130T\u0130M\u0130"},"content":{"rendered":"<p>Evcil ve sahipsiz hayvanlar\u0131n bak\u0131m\u0131yla ilgili bir\u00e7ok ba\u015far\u0131l\u0131 projeye imza atan Mersin B\u00fcy\u00fck\u015fehir Belediyesi, son olarak hayvanseverlere &#8216;Hayvan Koruma G\u00f6revlisi E\u011fitimi&#8217; verdi.<\/p>\n<p>Y\u0131k\u0131lmaz: &#8220;Rehabilite edilen hayvanlar, tekrar do\u011fal ortamlar\u0131na b\u0131rak\u0131l\u0131yor&#8221;<\/p>\n<p>Kongre ve Sergi Saray\u0131 \u00c7ok Ama\u00e7l\u0131 Salon&#8217;da verilen e\u011fitim hakk\u0131nda bilgi veren Tar\u0131msal Hizmetler Dairesi Ba\u015fkanl\u0131\u011f\u0131 Evcil ve Sahipsiz Hayvanlar \u015eube M\u00fcd\u00fcr\u00fc H\u00fcnkar Y\u0131k\u0131lmaz, Mersin B\u00fcy\u00fck\u015fehir Belediyesi olarak hayvanlar\u0131 s\u00fcrekli olarak bar\u0131nd\u0131rma taraftar\u0131 olmad\u0131klar\u0131n\u0131, bu hayvanlar\u0131n bak\u0131m ve tedavilerini ger\u00e7ekle\u015ftirip k\u0131s\u0131rla\u015ft\u0131rma i\u015flemlerini tamamlad\u0131ktan sonra al\u0131nd\u0131klar\u0131 ortama geri b\u0131rakt\u0131klar\u0131n\u0131 kaydederek, &#8220;E\u011fitim, rehabilite edildikten sonra tekrar do\u011fal ortama b\u0131rak\u0131lan hayvanlar\u0131n bak\u0131m ve beslenmelerini yerine getirecek olan ki\u015filere verildi. \u00c7\u00fcnk\u00fc b\u0131rakm\u0131\u015f oldu\u011fumuz hayvanlar\u0131n, burada beslenmeleri \u00f6nem arz ediyor ve bunu belediyenin tek ba\u015f\u0131na yapma imkan\u0131 bulunmamakta. Mersin bu konuda \u00e7ok \u015fansl\u0131. \u00c7ok ciddi say\u0131da kat\u0131l\u0131m ger\u00e7ekle\u015fiyor ve yerel hayvan koruma g\u00f6revlisi olarak bu i\u015fte bizimle e\u015fg\u00fcd\u00fcm olarak \u00e7al\u0131\u015fmaktalar&#8221; dedi.<\/p>\n<p>Bu konuda \u0130l Hayvanlar\u0131 Koruma Kurulu&#8217;nca bir karar al\u0131nd\u0131\u011f\u0131n\u0131 belirten Y\u0131k\u0131lmaz, &#8220;Bu karara istinaden Mersin B\u00fcy\u00fck\u015fehir Belediyesi, Do\u011fa Koruma Milli Parklar \u015eube M\u00fcd\u00fcrl\u00fc\u011f\u00fc, Tar\u0131m \u0130l M\u00fcd\u00fcrl\u00fc\u011f\u00fc ve Mersin Veteriner Hekimler Odas\u0131 taraf\u0131ndan e\u011fitmenlerin g\u00f6revlendirilmesi sonras\u0131nda hayvanlar\u0131n bak\u0131m ve beslenmesi, 5199 say\u0131l\u0131 Hayvanlar\u0131 Koruma Kanunu ve Uygulama Y\u00f6netmeli\u011fi, hayvan hastal\u0131klar\u0131n\u0131n tan\u0131nmas\u0131 ve belediyelerin bu konuda yapm\u0131\u015f olduklar\u0131 i\u015f ve i\u015flemlerle alakal\u0131 bilgileri i\u00e7eren bir e\u011fitim verildi&#8221; diye konu\u015ftu.<\/p>\n<p>&#8220;Kimlik kart\u0131 1 y\u0131l boyunca ge\u00e7erli oluyor&#8221;<\/p>\n<p>Kat\u0131l\u0131mc\u0131lara, Do\u011fa Koruma Milli Parklar \u015eube M\u00fcd\u00fcrl\u00fc\u011f\u00fc taraf\u0131ndan kimlik kart\u0131 verildi\u011fini de s\u00f6zlerine ekleyen Y\u0131k\u0131lmaz, &#8220;Bu kimlik kart\u0131 1 y\u0131l boyunca ge\u00e7erli oluyor ve kimlik sahipleri her sene Aral\u0131k ay\u0131nda yapm\u0131\u015f olduklar\u0131 faaliyetleri raporlamak suretiyle, bu kimlik kartlar\u0131n\u0131 vize ettirebiliyorlar. Yerel Hayvan Koruma G\u00f6revlisi olmayan ki\u015filer, g\u00f6n\u00fcll\u00fcl\u00fck esas\u0131na g\u00f6re bu i\u015flemleri yerine getiriyor olsalar da, kimlik kart\u0131 oldu\u011fu takdirde, pandemi d\u00f6neminde oldu\u011fu gibi ayr\u0131ca bir izin olmaks\u0131z\u0131n, daha rahat bir \u015fekilde hayvanlar\u0131n beslenmelerini ger\u00e7ekle\u015ftirebilirler&#8221; ifadelerini kulland\u0131.<\/p>\n","protected":false},"excerpt":{"rendered":"<p>Evcil ve sahipsiz hayvanlar\u0131n bak\u0131m\u0131yla ilgili bir\u00e7ok ba\u015far\u0131l\u0131 projeye imza atan Mersin B\u00fcy\u00fck\u015fehir Belediyesi, son olarak hayvanseverlere &#8216;Hayvan Koruma G\u00f6revlisi E\u011fitimi&#8217; verdi. Y\u0131k\u0131lmaz: &#8220;Rehabilite edilen hayvanlar, tekrar do\u011fal ortamlar\u0131na b\u0131rak\u0131l\u0131yor&#8221; &hellip; <a href=\"https:\/\/akdenizolaygazetesi.com\/?p=25471\" class=\"more-link\">Devam\u0131n\u0131 Oku&#8230;<\/a><\/p>\n","protected":false},"author":2,"featured_media":25472,"comment_status":"open","ping_status":"open","sticky":false,"template":"","format":"standard","meta":[],"categories":[34,3],"tags":[],"_links":{"self":[{"href":"https:\/\/akdenizolaygazetesi.com\/index.php?rest_route=\/wp\/v2\/posts\/25471"}],"collection":[{"href":"https:\/\/akdenizolaygazetesi.com\/index.php?rest_route=\/wp\/v2\/posts"}],"about":[{"href":"https:\/\/akdenizolaygazetesi.com\/index.php?rest_route=\/wp\/v2\/types\/post"}],"author":[{"embeddable":true,"href":"https:\/\/akdenizolaygazetesi.com\/index.php?rest_route=\/wp\/v2\/users\/2"}],"replies":[{"embeddable":true,"href":"https:\/\/akdenizolaygazetesi.com\/index.php?rest_route=%2Fwp%2Fv2%2Fcomments&post=25471"}],"version-history":[{"count":1,"href":"https:\/\/akdenizolaygazetesi.com\/index.php?rest_route=\/wp\/v2\/posts\/25471\/revisions"}],"predecessor-version":[{"id":25473,"href":"https:\/\/akdenizolaygazetesi.com\/index.php?rest_route=\/wp\/v2\/posts\/25471\/revisions\/25473"}],"wp:featuredmedia":[{"embeddable":true,"href":"https:\/\/akdenizolaygazetesi.com\/index.php?rest_route=\/wp\/v2\/media\/25472"}],"wp:attachment":[{"href":"https:\/\/akdenizolaygazetesi.com\/index.php?rest_route=%2Fwp%2Fv2%2Fmedia&parent=25471"}],"wp:term":[{"taxonomy":"category","embeddable":true,"href":"https:\/\/akdenizolaygazetesi.com\/index.php?rest_route=%2Fwp%2Fv2%2Fcategories&post=25471"},{"taxonomy":"post_tag","embeddable":true,"href":"https:\/\/akdenizolaygazetesi.com\/index.php?rest_route=%2Fwp%2Fv2%2Ftags&post=25471"}],"curies":[{"name":"wp","href":"https:\/\/api.w.org\/{rel}","templated":true}]}}