{"id":25474,"date":"2023-04-29T17:11:57","date_gmt":"2023-04-29T14:11:57","guid":{"rendered":"http:\/\/akdenizolaygazetesi.com\/?p=25474"},"modified":"2023-04-29T17:11:57","modified_gmt":"2023-04-29T14:11:57","slug":"turkiye-artik-resmen-kuresel-nukleer-ailenin-bir-uyesi","status":"publish","type":"post","link":"https:\/\/akdenizolaygazetesi.com\/?p=25474","title":{"rendered":"\u201cT\u00fcrkiye art\u0131k resmen k\u00fcresel n\u00fckleer ailenin bir \u00fcyesi\u201d"},"content":{"rendered":"<p>D\u00fcnya N\u00fckleer Birli\u011fi (WNA) Genel M\u00fcd\u00fcr\u00fc Dr. Sama Bilbao-y-Leon, T\u00fcrkiye&#8217;nin ilk n\u00fckleer g\u00fc\u00e7 santrali Akkuyu N\u00fckleer G\u00fc\u00e7 Santrali (NGS) n\u00fckleer yak\u0131t teslim t\u00f6reni nedeniyle Rusya Devlet N\u00fckleer Enerji Kurulu\u015fu Rosatom\u2019a bir video kutlama mesaj\u0131 g\u00f6nderdi. <\/p>\n<p>Akkuyu\u2019nun birinci \u00fcnitesine ilk yak\u0131t\u0131n teslimi nedeniyle duydu\u011fu heyecan\u0131 payla\u015fan Bilbao-y-Leon, \u201cBu ad\u0131m sayesinde T\u00fcrkiye, art\u0131k resmen k\u00fcresel n\u00fckleer ailenin bir \u00fcyesi haline geliyor. Tebrik ediyorum!\u201d dedi. <\/p>\n<p>Bu tarihi an\u0131n \u00f6neminin T\u00fcrkiye s\u0131n\u0131rlar\u0131n\u0131 a\u015ft\u0131\u011f\u0131na dikkat \u00e7eken WNA) Genel M\u00fcd\u00fcr\u00fc Dr. Sama Bilbao-y-Leon, \u201cD\u00fcnya N\u00fckleer Birli\u011fi olarak, b\u00fcy\u00fcme ve refah seviyesinin artt\u0131r\u0131lmas\u0131 i\u00e7in n\u00fckleer enerjiyi tercih eden ve aram\u0131za yeni kat\u0131lan T\u00fcrkiye&#8217;ye ho\u015f geldin diyoruz. Akkuyu\u2019nun 1\u2019inci \u00fcnitesine ilk yak\u0131t\u0131n teslimini kutlarken, herkes i\u00e7in ya\u015fanabilir bir d\u00fcnya yaratan s\u00fcrd\u00fcr\u00fclebilir bir n\u00fckleer gelecek i\u00e7in T\u00fcrkiye ve T\u00fcrk N\u00fckleer Sanayisi ile \u00e7al\u0131\u015fma taahh\u00fcd\u00fcm\u00fcz\u00fc yinelemek istiyorum.\u201d diye konu\u015ftu.<\/p>\n<p>Akkuyu\u2019nun T\u00fcrkiye&#8217;nin net s\u0131f\u0131r emisyon hedeflerine ula\u015fmas\u0131nda ve T\u00fcrkiye&#8217;deki enerji g\u00fcvenli\u011finin g\u00fc\u00e7lendirilmesinde \u00f6nemli rol oynayaca\u011f\u0131n\u0131n alt\u0131n\u0131 \u00e7izen Bilbao-y-Leon mesaj\u0131nda \u015funlar\u0131 kaydetti:<\/p>\n<p> \u201cAkkuyu N\u00fckleer G\u00fc\u00e7 Santrali&#8217;ne ilk yak\u0131t\u0131n tesliminin yap\u0131lmas\u0131na tan\u0131kl\u0131k etmenin heyecan\u0131n\u0131 ya\u015f\u0131yorum. Bu ad\u0131m sayesinde T\u00fcrkiye, art\u0131k k\u00fcresel n\u00fckleer ailenin resmen bir \u00fcyesi haline geliyor. Tebrik ediyorum! Akkuyu, T\u00fcrkiye&#8217;nin net s\u0131f\u0131r emisyon hedeflerine ula\u015fmas\u0131nda ve T\u00fcrkiye&#8217;deki enerji g\u00fcvenli\u011finin g\u00fc\u00e7lendirilmesinde \u00f6nemli rol oynayacak. Tamamland\u0131\u011f\u0131nda, Akkuyu\u2019nun d\u00f6rt \u00fcnitesi y\u0131lda yakla\u015f\u0131k 35 milyar kilovatsaat karbonsuz elektrik \u00fcretecek, bu da T\u00fcrkiye&#8217;nin elektrik ihtiyac\u0131n\u0131n yakla\u015f\u0131k y\u00fczde 10&#8217;unun kar\u015f\u0131lanmas\u0131 anlam\u0131na geliyor. Ancak bu tarihi an\u0131n \u00f6nemi T\u00fcrkiye s\u0131n\u0131rlar\u0131n\u0131 da a\u015f\u0131yor. K\u00fcresel n\u00fckleer topluluk, yeni n\u00fckleer g\u00fc\u00e7 santrallerini istenen h\u0131z ve \u00f6l\u00e7ekte teslim etmeyi taahh\u00fct ederken, bu santraller, bu ortak taahh\u00fcd\u00fcn g\u00fc\u00e7l\u00fc bir sembol\u00fc niteli\u011findeki dev santraller olma \u00f6zelli\u011fi ta\u015f\u0131yor. \u015e\u00fcphesiz Akkuyu\u2019nun 1\u2019inci \u00dcnitesi\u2019nin yakla\u015f\u0131k be\u015f y\u0131lda tamamlanmas\u0131, uluslararas\u0131 i\u015f birli\u011finin ve end\u00fcstri olarak n\u00fckleer reakt\u00f6rleri verimli \u015fekilde in\u015fa edebilece\u011fimizin adeta bir g\u00f6stergesi niteli\u011finde. D\u00fcnya N\u00fckleer Birli\u011fi olarak, b\u00fcy\u00fcme ve refah seviyesinin artt\u0131r\u0131lmas\u0131 i\u00e7in n\u00fckleer enerjiyi tercih eden ve aram\u0131za yeni kat\u0131lan T\u00fcrkiye&#8217;ye ho\u015f geldin diyoruz. Akkuyu\u2019nun 1\u2019inci \u00fcnitesine ilk yak\u0131t\u0131n teslimini kutlarken, herkes i\u00e7in ya\u015fanabilir bir d\u00fcnya yaratan s\u00fcrd\u00fcr\u00fclebilir bir n\u00fckleer gelecek i\u00e7in T\u00fcrkiye ve T\u00fcrk N\u00fckleer Sanayisi ile \u00e7al\u0131\u015fma taahh\u00fcd\u00fcm\u00fcz\u00fc yinelemek istiyorum. \u00c7ok te\u015fekk\u00fcr ederim.\u201d<\/p>\n","protected":false},"excerpt":{"rendered":"<p>D\u00fcnya N\u00fckleer Birli\u011fi (WNA) Genel M\u00fcd\u00fcr\u00fc Dr. Sama Bilbao-y-Leon, T\u00fcrkiye&#8217;nin ilk n\u00fckleer g\u00fc\u00e7 santrali Akkuyu N\u00fckleer G\u00fc\u00e7 Santrali (NGS) n\u00fckleer yak\u0131t teslim t\u00f6reni nedeniyle Rusya Devlet N\u00fckleer Enerji Kurulu\u015fu Rosatom\u2019a &hellip; <a href=\"https:\/\/akdenizolaygazetesi.com\/?p=25474\" class=\"more-link\">Devam\u0131n\u0131 Oku&#8230;<\/a><\/p>\n","protected":false},"author":2,"featured_media":25475,"comment_status":"open","ping_status":"open","sticky":false,"template":"","format":"standard","meta":[],"categories":[2,3,11],"tags":[],"_links":{"self":[{"href":"https:\/\/akdenizolaygazetesi.com\/index.php?rest_route=\/wp\/v2\/posts\/25474"}],"collection":[{"href":"https:\/\/akdenizolaygazetesi.com\/index.php?rest_route=\/wp\/v2\/posts"}],"about":[{"href":"https:\/\/akdenizolaygazetesi.com\/index.php?rest_route=\/wp\/v2\/types\/post"}],"author":[{"embeddable":true,"href":"https:\/\/akdenizolaygazetesi.com\/index.php?rest_route=\/wp\/v2\/users\/2"}],"replies":[{"embeddable":true,"href":"https:\/\/akdenizolaygazetesi.com\/index.php?rest_route=%2Fwp%2Fv2%2Fcomments&post=25474"}],"version-history":[{"count":1,"href":"https:\/\/akdenizolaygazetesi.com\/index.php?rest_route=\/wp\/v2\/posts\/25474\/revisions"}],"predecessor-version":[{"id":25476,"href":"https:\/\/akdenizolaygazetesi.com\/index.php?rest_route=\/wp\/v2\/posts\/25474\/revisions\/25476"}],"wp:featuredmedia":[{"embeddable":true,"href":"https:\/\/akdenizolaygazetesi.com\/index.php?rest_route=\/wp\/v2\/media\/25475"}],"wp:attachment":[{"href":"https:\/\/akdenizolaygazetesi.com\/index.php?rest_route=%2Fwp%2Fv2%2Fmedia&parent=25474"}],"wp:term":[{"taxonomy":"category","embeddable":true,"href":"https:\/\/akdenizolaygazetesi.com\/index.php?rest_route=%2Fwp%2Fv2%2Fcategories&post=25474"},{"taxonomy":"post_tag","embeddable":true,"href":"https:\/\/akdenizolaygazetesi.com\/index.php?rest_route=%2Fwp%2Fv2%2Ftags&post=25474"}],"curies":[{"name":"wp","href":"https:\/\/api.w.org\/{rel}","templated":true}]}}