{"id":25480,"date":"2023-04-30T15:30:40","date_gmt":"2023-04-30T12:30:40","guid":{"rendered":"http:\/\/akdenizolaygazetesi.com\/?p=25480"},"modified":"2023-04-30T15:30:40","modified_gmt":"2023-04-30T12:30:40","slug":"mezitli-yeni-mahallede-de-gundem-pahalilik-ve-degisim-talebi","status":"publish","type":"post","link":"https:\/\/akdenizolaygazetesi.com\/?p=25480","title":{"rendered":"MEZ\u0130TL\u0130 YEN\u0130 MAHALLE&#8217;DE DE G\u00dcNDEM PAHALILIK VE DE\u011e\u0130\u015e\u0130M TALEB\u0130"},"content":{"rendered":"<p>Halk\u0131n aras\u0131nda olmaya devam eden Mersin B\u00fcy\u00fck\u015fehir Belediye Ba\u015fkan\u0131 Vahap Se\u00e7er, Mezitli Yeni Mahalle semt pazar\u0131n\u0131 gezdi. Mezitli Belediye Ba\u015fkan\u0131 Ne\u015fet Tarhan ve Cumhuriyet Halk Partisi (CHP) Mersin Milletvekili Emre Y\u0131lmaz ile birlikte semt pazar\u0131n\u0131 ziyaret ederek, esnaf ve vatanda\u015flarla selamla\u015fan Ba\u015fkan Se\u00e7er, vatanda\u015flarla pahal\u0131l\u0131k hakk\u0131nda ger\u00e7ekle\u015ftirdi\u011fi sohbetlerde de 14 May\u0131s&#8217;tan sonra bunlar\u0131n sona erece\u011fini vurgulad\u0131.<\/p>\n<p>Se\u00e7er, 14 May\u0131s&#8217;tan sonra bu pahal\u0131l\u0131\u011f\u0131n sona erece\u011fini kaydetti<br \/>\nPazar yerinde yo\u011fun ilgi ve sevgi ile kar\u015f\u0131lanan Se\u00e7er, vatanda\u015flara &#8216;\u0130yi Al\u0131\u015fveri\u015fler&#8217;, esnafa da &#8216;Bereketli \u0130\u015fler&#8217; temennisinde bulundu. Pazar esnaf\u0131 ile tek tek sohbet eden ve tezg\u00e2hlar\u0131 gezen Ba\u015fkan Se\u00e7er, vatanda\u015flardan gelen talep ve sorunlar\u0131 da dinleyip, b\u00fcrokratlar\u0131na not ald\u0131rd\u0131. Pazarc\u0131 esnaf\u0131n\u0131n yo\u011fun ilgisiyle kar\u015f\u0131la\u015fan Se\u00e7er, Mersin&#8217;e hak etti\u011fi hizmetleri yapmak i\u00e7in gece g\u00fcnd\u00fcz demeden \u00e7al\u0131\u015ft\u0131klar\u0131n\u0131 kaydetti.<\/p>\n<p>Pazarda vatanda\u015flarla \u00f6zellikle pahal\u0131l\u0131k hakk\u0131nda sohbet eden Ba\u015fkan Se\u00e7er, 13. Cumhurba\u015fkan\u0131 Aday\u0131 Kemal K\u0131l\u0131\u00e7daro\u011flu&#8217;na ve CHP&#8217;ye destek isteyerek, bu pahal\u0131l\u0131\u011f\u0131 14 May\u0131s&#8217;tan sonra sona erdireceklerini vurgulad\u0131.<\/p>\n<p>&#8220;15 May\u0131s&#8217;tan sonra indirim var&#8221;<br \/>\nSemt pazar\u0131nda sohbet etti\u011fi vatanda\u015flar da destek vereceklerini kaydetti. Kar\u015f\u0131la\u015ft\u0131\u011f\u0131 vatanda\u015flara; &#8220;Deste\u011finizi bekliyoruz&#8221; diye seslenen Ba\u015fkan Se\u00e7er&#8217;e vatanda\u015flar da; &#8220;Biz kazanaca\u011f\u0131z&#8221; diyerek, destek vereceklerini kaydettiler. Ba\u015fkan Se\u00e7er&#8217;i kar\u015f\u0131s\u0131nda g\u00f6ren ve &#8220;Bizi bu pahal\u0131l\u0131ktan kurtar&#8221; diyerek seslenen vatanda\u015flara Se\u00e7er; &#8220;15 May\u0131s&#8217;tan sonra indirim var&#8221; yan\u0131t\u0131n\u0131 verdi.<\/p>\n<p>Vatanda\u015flardan hizmetler i\u00e7in Se\u00e7er&#8217;e te\u015fekk\u00fcr<br \/>\nHizmetler i\u00e7in Se\u00e7er&#8217;e te\u015fekk\u00fcr eden bir vatanda\u015f, \u00f6zellikle Evde Sa\u011fl\u0131k ve Bak\u0131m Hizmeti&#8217;nden duydu\u011fu memnuiyeti ifade etti. Bir di\u011fer vatanda\u015f da &#8220;Ba\u015fkan\u0131m, y\u0131llard\u0131r Mersin&#8217;deyim; b\u00f6yle hizmet g\u00f6rmedim&#8221; dedi. Vatanda\u015flar Se\u00e7er&#8217;e; &#8220;Ba\u015fkan\u0131m, her zaman dualar\u0131m\u0131zdas\u0131n\u0131z. \u00c7al\u0131\u015fmalar\u0131n\u0131 \u00e7ok be\u011feniyoruz&#8221; diyerek hizmetlerden duyduklar\u0131 memnuniyeti ifade etti.<\/p>\n<p>Ba\u015fkan Se\u00e7er, pazarda kar\u015f\u0131la\u015ft\u0131\u011f\u0131 deprem b\u00f6lgesinden Mersin&#8217;e gelen vatanda\u015flarla da sohbet etti. Depremzede vatanda\u015flar s\u0131k\u0131nt\u0131l\u0131 g\u00fcnlerde B\u00fcy\u00fck\u015fehir Belediyesi taraf\u0131ndan kendilerine sunulan katk\u0131lar i\u00e7in Ba\u015fkan Se\u00e7er&#8217;e te\u015fekk\u00fcr etti.<\/p>\n<p>Ba\u015fkan Se\u00e7er&#8217;in ziyaretleri s\u0131ras\u0131nda da B\u00fcy\u00fck\u015fehir personeli taraf\u0131ndan \u00e7ocuklara oyuncak, vatanda\u015flara pazar \u00e7antas\u0131 da\u011f\u0131t\u0131ld\u0131.<\/p>\n","protected":false},"excerpt":{"rendered":"<p>Halk\u0131n aras\u0131nda olmaya devam eden Mersin B\u00fcy\u00fck\u015fehir Belediye Ba\u015fkan\u0131 Vahap Se\u00e7er, Mezitli Yeni Mahalle semt pazar\u0131n\u0131 gezdi. Mezitli Belediye Ba\u015fkan\u0131 Ne\u015fet Tarhan ve Cumhuriyet Halk Partisi (CHP) Mersin Milletvekili Emre &hellip; <a href=\"https:\/\/akdenizolaygazetesi.com\/?p=25480\" class=\"more-link\">Devam\u0131n\u0131 Oku&#8230;<\/a><\/p>\n","protected":false},"author":2,"featured_media":25481,"comment_status":"open","ping_status":"open","sticky":false,"template":"","format":"standard","meta":[],"categories":[2,3,5],"tags":[],"_links":{"self":[{"href":"https:\/\/akdenizolaygazetesi.com\/index.php?rest_route=\/wp\/v2\/posts\/25480"}],"collection":[{"href":"https:\/\/akdenizolaygazetesi.com\/index.php?rest_route=\/wp\/v2\/posts"}],"about":[{"href":"https:\/\/akdenizolaygazetesi.com\/index.php?rest_route=\/wp\/v2\/types\/post"}],"author":[{"embeddable":true,"href":"https:\/\/akdenizolaygazetesi.com\/index.php?rest_route=\/wp\/v2\/users\/2"}],"replies":[{"embeddable":true,"href":"https:\/\/akdenizolaygazetesi.com\/index.php?rest_route=%2Fwp%2Fv2%2Fcomments&post=25480"}],"version-history":[{"count":1,"href":"https:\/\/akdenizolaygazetesi.com\/index.php?rest_route=\/wp\/v2\/posts\/25480\/revisions"}],"predecessor-version":[{"id":25482,"href":"https:\/\/akdenizolaygazetesi.com\/index.php?rest_route=\/wp\/v2\/posts\/25480\/revisions\/25482"}],"wp:featuredmedia":[{"embeddable":true,"href":"https:\/\/akdenizolaygazetesi.com\/index.php?rest_route=\/wp\/v2\/media\/25481"}],"wp:attachment":[{"href":"https:\/\/akdenizolaygazetesi.com\/index.php?rest_route=%2Fwp%2Fv2%2Fmedia&parent=25480"}],"wp:term":[{"taxonomy":"category","embeddable":true,"href":"https:\/\/akdenizolaygazetesi.com\/index.php?rest_route=%2Fwp%2Fv2%2Fcategories&post=25480"},{"taxonomy":"post_tag","embeddable":true,"href":"https:\/\/akdenizolaygazetesi.com\/index.php?rest_route=%2Fwp%2Fv2%2Ftags&post=25480"}],"curies":[{"name":"wp","href":"https:\/\/api.w.org\/{rel}","templated":true}]}}