{"id":25483,"date":"2023-04-30T15:32:05","date_gmt":"2023-04-30T12:32:05","guid":{"rendered":"http:\/\/akdenizolaygazetesi.com\/?p=25483"},"modified":"2023-04-30T15:32:05","modified_gmt":"2023-04-30T12:32:05","slug":"1-onder-1-hayat-heykel-sergisi-acildi","status":"publish","type":"post","link":"https:\/\/akdenizolaygazetesi.com\/?p=25483","title":{"rendered":"\u201c1 \u00d6NDER 1 HAYAT\u201d heykel sergisi a\u00e7\u0131ld\u0131"},"content":{"rendered":"<p>Mersin Yeni\u015fehir Belediyesi, Cumhuriyet\u2019in kurulu\u015funun 100. y\u0131l\u0131 dolay\u0131s\u0131yla Ulu \u00d6nder Gazi Mustafa Kemal Atat\u00fcrk\u2019\u00fcn hayat\u0131n\u0131 ve liderli\u011fini konu alan eserlerden olu\u015fan \u201c1 \u00d6NDER 1 HAYAT\u201d adl\u0131 heykel sergisini a\u00e7t\u0131. Sanatseverler, Yeni\u015fehir Belediyesi Ahmet Ye\u015fil Sanat Galerisi\u2019nde kap\u0131lar\u0131n\u0131 a\u00e7an sergiyi 22 May\u0131s tarihine kadar gezebilecek.<br \/>\nA\u00e7\u0131ld\u0131\u011f\u0131 g\u00fcnden bu yana birbirinden de\u011ferli sergileri sanatseverlerle bulu\u015fturan Yeni\u015fehir Belediyesi Ahmet Ye\u015fil Sanat Galerisi, heykel sanat\u00e7\u0131s\u0131 Mustafa Y\u00fcksel\u2019in 29 adet tekli ve \u00e7oklu fig\u00fcrlerden olu\u015fan \u201c1 \u00d6NDER 1 HAYAT\u201d sergisiyle ziyaret\u00e7ilerini a\u011f\u0131rlayacak.  Yeni\u015fehir Belediyesi Ahmet Ye\u015fil Sanat Galerisi Dan\u0131\u015fma Kurulu \u00dcyesi Veli Mert\u2019in k\u00fcrat\u00f6rl\u00fc\u011f\u00fcn\u00fc yapt\u0131\u011f\u0131 sergi, Atat\u00fcrk\u2019\u00fcn ya\u015fam\u0131na dair \u00f6nemli d\u00f6n\u00fcm noktalar\u0131n\u0131 i\u00e7eren olaylar\u0131 ele alan kronolojik bir dizi sunuyor. Serginin a\u00e7\u0131l\u0131\u015f\u0131na Yeni\u015fehir Belediye Ba\u015fkan\u0131 Abdullah \u00d6zyi\u011fit\u2019in yan\u0131 s\u0131ra CHP Mersin Milletvekili Alpay Antmen, sanat\u00e7\u0131 Mustafa Y\u00fcksel ve \u00e7ok say\u0131da sanatsever kat\u0131ld\u0131.<br \/>\n\u201cSanata ve sanat\u00e7\u0131ya deste\u011fi \u00e7ok \u00f6nemsiyoruz.\u201d<br \/>\nYeni\u015fehir Belediye Ba\u015fkan\u0131 Abdullah \u00d6zyi\u011fit, Yeni\u015fehir Belediyesi Atat\u00fcrk K\u00fclt\u00fcr Merkezi\u2019nde kurduklar\u0131 iki modern sanat galerisinin kente sanatsal anlamda \u00f6nemli bir hareket sa\u011flad\u0131\u011f\u0131na dikkat \u00e7ekerek \u015funlar\u0131 s\u00f6yledi: \u201c 2020 y\u0131l\u0131nda a\u00e7t\u0131\u011f\u0131m\u0131z Yeni\u015fehir Belediyesi Ahmet Ye\u015fil Sanat Galerisi ve Yeni\u015fehir Belediyesi Sanat Galerisi ile Mersin\u2019de k\u00fclt\u00fcr ve sanat alan\u0131nda b\u00fcy\u00fck bir fark\u0131ndal\u0131k yaratt\u0131k. K\u0131sa s\u00fcrede birbirinden de\u011ferli y\u00fczlerce sanat\u00e7\u0131n\u0131n binlerce eserini Mersinlilerle bulu\u015fturduk. 10 binin \u00fczerinde vatanda\u015f\u0131m\u0131z\u0131n bu sergileri gezme f\u0131rsat\u0131 yakalad\u0131. Sergilerimize okullardan geziler d\u00fczenleniyor. Binlerce \u00f6\u011frencimiz ilk defa bir sergiyi gezme \u015fans\u0131na sahip oldu. Bu \u00e7ok k\u0131ymetli, \u00e7ocuklar\u0131m\u0131z ba\u015fta olmak \u00fczere vatanda\u015flar\u0131m\u0131za ilham vermek onlar\u0131n sanatla i\u00e7 i\u00e7e olmas\u0131n\u0131 sa\u011flamak istiyoruz. Galerilerimizde yerel sanat\u00e7\u0131lar\u0131 da destekliyoruz. A\u00e7t\u0131\u011f\u0131m\u0131z iki sergi tamamen yerel sanat\u00e7\u0131lar\u0131n eserlerinden olu\u015fmu\u015ftu. Sanata ve sanat\u00e7\u0131ya deste\u011fi \u00e7ok \u00f6nemsiyoruz.\u201d dedi<\/p>\n","protected":false},"excerpt":{"rendered":"<p>Mersin Yeni\u015fehir Belediyesi, Cumhuriyet\u2019in kurulu\u015funun 100. y\u0131l\u0131 dolay\u0131s\u0131yla Ulu \u00d6nder Gazi Mustafa Kemal Atat\u00fcrk\u2019\u00fcn hayat\u0131n\u0131 ve liderli\u011fini konu alan eserlerden olu\u015fan \u201c1 \u00d6NDER 1 HAYAT\u201d adl\u0131 heykel sergisini a\u00e7t\u0131. Sanatseverler, &hellip; <a href=\"https:\/\/akdenizolaygazetesi.com\/?p=25483\" class=\"more-link\">Devam\u0131n\u0131 Oku&#8230;<\/a><\/p>\n","protected":false},"author":2,"featured_media":25484,"comment_status":"open","ping_status":"open","sticky":false,"template":"","format":"standard","meta":[],"categories":[2,3,5],"tags":[],"_links":{"self":[{"href":"https:\/\/akdenizolaygazetesi.com\/index.php?rest_route=\/wp\/v2\/posts\/25483"}],"collection":[{"href":"https:\/\/akdenizolaygazetesi.com\/index.php?rest_route=\/wp\/v2\/posts"}],"about":[{"href":"https:\/\/akdenizolaygazetesi.com\/index.php?rest_route=\/wp\/v2\/types\/post"}],"author":[{"embeddable":true,"href":"https:\/\/akdenizolaygazetesi.com\/index.php?rest_route=\/wp\/v2\/users\/2"}],"replies":[{"embeddable":true,"href":"https:\/\/akdenizolaygazetesi.com\/index.php?rest_route=%2Fwp%2Fv2%2Fcomments&post=25483"}],"version-history":[{"count":1,"href":"https:\/\/akdenizolaygazetesi.com\/index.php?rest_route=\/wp\/v2\/posts\/25483\/revisions"}],"predecessor-version":[{"id":25485,"href":"https:\/\/akdenizolaygazetesi.com\/index.php?rest_route=\/wp\/v2\/posts\/25483\/revisions\/25485"}],"wp:featuredmedia":[{"embeddable":true,"href":"https:\/\/akdenizolaygazetesi.com\/index.php?rest_route=\/wp\/v2\/media\/25484"}],"wp:attachment":[{"href":"https:\/\/akdenizolaygazetesi.com\/index.php?rest_route=%2Fwp%2Fv2%2Fmedia&parent=25483"}],"wp:term":[{"taxonomy":"category","embeddable":true,"href":"https:\/\/akdenizolaygazetesi.com\/index.php?rest_route=%2Fwp%2Fv2%2Fcategories&post=25483"},{"taxonomy":"post_tag","embeddable":true,"href":"https:\/\/akdenizolaygazetesi.com\/index.php?rest_route=%2Fwp%2Fv2%2Ftags&post=25483"}],"curies":[{"name":"wp","href":"https:\/\/api.w.org\/{rel}","templated":true}]}}