{"id":25486,"date":"2023-04-30T15:33:59","date_gmt":"2023-04-30T12:33:59","guid":{"rendered":"http:\/\/akdenizolaygazetesi.com\/?p=25486"},"modified":"2023-04-30T15:33:59","modified_gmt":"2023-04-30T12:33:59","slug":"buyuksehirin-kir-cicekleri-basariya-doymuyor","status":"publish","type":"post","link":"https:\/\/akdenizolaygazetesi.com\/?p=25486","title":{"rendered":"B\u00dcY\u00dcK\u015eEH\u0130R&#8217;\u0130N &#8220;KIR \u00c7\u0130\u00c7EKLER\u0130&#8221; BA\u015eARIYA DOYMUYOR"},"content":{"rendered":"<p>Mersin B\u00fcy\u00fck\u015fehir Belediye Ba\u015fkan\u0131 Vahap Se\u00e7er&#8217;in, k\u0131z \u00e7ocuklar\u0131na ve spora verdi\u011fi de\u011fer ve \u00f6nemle ortaya \u00e7\u0131kan &#8220;K\u0131r \u00c7i\u00e7ekleri&#8221; projesi kapsam\u0131nda yeti\u015fen spora yetenekli k\u0131z \u00e7ocuklar\u0131, ba\u015far\u0131dan ba\u015far\u0131ya ko\u015fmaya devam ediyor.<br \/>\nSporcu k\u0131zlar il ve il d\u0131\u015f\u0131nda \u00f6nemli dereceler elde etti<br \/>\nB\u00fcy\u00fck\u015fehir Belediyesi&#8217;nin &#8220;K\u0131r \u00c7i\u00e7ekleri&#8221; projesi kapsam\u0131nda, e\u011fitim hayatlar\u0131na yat\u0131l\u0131 olarak devam eden 33 k\u0131z \u00f6\u011frenci, kat\u0131ld\u0131klar\u0131 yar\u0131\u015fmalarda ald\u0131klar\u0131 \u015fampiyonluklarla ve \u00f6nemli derecelerle gelece\u011fin de \u015fampiyonlar\u0131 olma yolunda emin ad\u0131mlarla ilerliyor. \u00d6zellikle Mersin&#8217;in k\u0131rsal kesimlerinde ya\u015fayan ve de\u011fi\u015fik spor bran\u015flar\u0131nda yetenekli olan k\u0131z \u00e7ocuklar\u0131n\u0131n se\u00e7ildi\u011fi proje sayesinde, \u00f6\u011frenciler hem akademik hayatlar\u0131na hem de spor hayatlar\u0131na istikrarl\u0131 bir \u015fekilde devam ediyor. B\u00fcy\u00fcd\u00fck\u00e7e ba\u015far\u0131lar\u0131 da b\u00fcy\u00fcyen her k\u0131r \u00e7i\u00e7e\u011finin hedefi, \u00fclkeyi temsil eden ba\u015far\u0131l\u0131 birer kad\u0131n sporcu olmak. \u0130l ve il d\u0131\u015f\u0131nda kat\u0131ld\u0131klar\u0131 yar\u0131\u015fmalarda ter d\u00f6ken K\u0131r \u00c7i\u00e7ekleri, bug\u00fcne kadar \u00e7ok say\u0131da tak\u0131m \u015fampiyonlu\u011fu ve onlarca da bireysel derece elde etti.<br \/>\nG\u00f6kayaz: &#8220;Bu \u00e7ocuklar\u0131m\u0131zdan bir\u00e7o\u011funu milli tak\u0131mlarda g\u00f6rece\u011fiz&#8221;<br \/>\n3 y\u0131l \u00f6nce ba\u015flayan K\u0131r \u00c7i\u00e7ekleri projesi hakk\u0131nda de\u011ferlendirme yaparak, ama\u00e7lar\u0131n\u0131n \u00f6zellikle k\u0131rsaldaki spor yetene\u011fi olan k\u0131z \u00e7ocuklar\u0131n\u0131 ayn\u0131 \u00e7at\u0131 alt\u0131nda toplamak, e\u011fitim hayatlar\u0131n\u0131n yan\u0131nda onlara sportif olarak da al\u0131\u015fkanl\u0131klar kazand\u0131rmak oldu\u011funu belirten Gen\u00e7lik ve Spor Hizmetleri \u015eube M\u00fcd\u00fcr\u00fc B\u00fcnyamin G\u00f6kayaz, &#8220;\u015eu anda mevcutta 33 \u00f6\u011frencimiz var. 23&#8217;\u00fc atletizm bran\u015f\u0131 ile u\u011fra\u015f\u0131yor. \u015eu anda asl\u0131nda atletizm, bizim lokomotif bran\u015f\u0131m\u0131z. Geriye kalan \u00f6\u011frencilerimiz halter ve tekvando bran\u015flar\u0131nda \u00e7al\u0131\u015fmalar\u0131na devam ediyorlar. Burada ama\u00e7 ortaokuldan itibaren \u00e7ocuklar\u0131 kendi yapt\u0131\u011f\u0131m\u0131z yetenek taramas\u0131yla se\u00e7mek, ondan sonra da \u00e7ocuklar ad\u0131na g\u00fczel bir ba\u015far\u0131 elde etmek. 3 y\u0131l sonra bu \u00e7ocuklar\u0131m\u0131zdan bir\u00e7o\u011funu milli tak\u0131mlarda g\u00f6rece\u011fiz. \u00d6n\u00fcm\u00fczdeki ay T\u00fcrkiye \u015eampiyonalar\u0131 var. Okullar aras\u0131 yar\u0131\u015fmalar da olacak&#8221; dedi.<br \/>\nErgin: &#8220;Bug\u00fcne kadar \u00e7ok say\u0131da tak\u0131m \u015fampiyonlu\u011fu elde ettik&#8221;<br \/>\n2 y\u0131l gibi k\u0131sa bir s\u00fcre i\u00e7erisinde \u00e7ok say\u0131da tak\u0131m \u015fampiyonlu\u011fu, onlarca da bireysel derece elde ettiklerini, yava\u015f yava\u015f ulusal alanlarda da derece almaya ba\u015flad\u0131klar\u0131n\u0131 kaydeden B\u00fcy\u00fck\u015fehir Belediyesi Atletizm Antren\u00f6r\u00fc Nezir Ergin, &#8220;Ge\u00e7en sene burada yap\u0131lan il birincili\u011fi, ard\u0131ndan grup \u015fampiyonu ve nitekim Haziran ay\u0131nda Diyarbak\u0131r&#8217;da ger\u00e7ekle\u015fen okullar aras\u0131 T\u00fcrkiye finalinde, tak\u0131m olarak T\u00fcrkiye d\u00f6rd\u00fcnc\u00fcs\u00fc olduk. Bu sene okullar aras\u0131 yap\u0131lan il birincili\u011finde yine \u015fampiyon olduk. 10-11 May\u0131s&#8217;ta ilimizde ger\u00e7ekle\u015fecek olan T\u00fcrkiye Grup \u015eampiyonas\u0131&#8217;nda ilimizi temsil edece\u011fiz. Daha sonra da 29 May\u0131s-1 Haziran tarihleri aras\u0131nda, Bursa&#8217;da T\u00fcrkiye finali ger\u00e7ekle\u015fecek&#8221; diye konu\u015ftu.<br \/>\n&#8220;Mersin atletizminin neredeyse y\u00fczde 80&#8217;ini olu\u015fturuyoruz diyebiliriz&#8221;<br \/>\nMersin atletizminin neredeyse y\u00fczde 80&#8217;ini olu\u015fturduklar\u0131n\u0131 ve 6 sporcular\u0131n\u0131n T\u00fcrkiye Olimpiyat Haz\u0131rl\u0131k Merkezi&#8217;nin yapm\u0131\u015f oldu\u011fu Sporcu E\u011fitim Merkezi (SEM) se\u00e7me s\u0131nav\u0131n\u0131 kazand\u0131\u011f\u0131n\u0131 ve Bakanl\u0131k&#8217;tan burs ald\u0131klar\u0131n\u0131 s\u00f6zlerine ekleyen Ergin, &#8220;Bu sene 2 sporcumuz T\u00fcrkiye Olimpiyat Haz\u0131rl\u0131k Merkezi&#8217;nin s\u0131nav\u0131n\u0131n baraj\u0131n\u0131 ge\u00e7tiler, ama ya\u015flar\u0131 k\u00fc\u00e7\u00fck oldu\u011fu i\u00e7in \u015fu anda ba\u015fvuru yapam\u0131yoruz. \u0130leride in\u015fallah Avrupa ve d\u00fcnya olimpiyatlar\u0131nda \u00fclkemizi en iyi \u015fekilde temsil edecekler. Projemizin ba\u015f mimar\u0131 olan B\u00fcy\u00fck\u015fehir Belediye Ba\u015fkan\u0131m\u0131z Say\u0131n Vahap Se\u00e7er&#8217;e de ayr\u0131ca \u00e7ok te\u015fekk\u00fcr ediyorum&#8221; ifadelerini kulland\u0131.<br \/>\nK\u0131r \u00c7i\u00e7ekleri, ald\u0131klar\u0131 ba\u015far\u0131lar\u0131 anlatt\u0131<br \/>\nK\u0131r \u00c7i\u00e7eklerinden Sude Karol, bran\u015f\u0131 olan uzun atlamada Bursa Salon \u015eampiyonas\u0131&#8217;nda U14 \u015fampiyonu oldu\u011funu s\u00f6yledi. Karol, &#8220;U16&#8217;da ise 300 metrede T\u00fcrkiye 3.&#8217;s\u00fc oldum. Bu projede yer alarak sporla tan\u0131\u015ft\u0131m. Antrenman saatlerim ve her \u015fey yerli yerinde. D\u00fczenli bir hayat\u0131m oldu&#8221; dedi.<br \/>\n&#8220;Mersin genelinde rakibimiz yok&#8221;<br \/>\nG\u00fclnar&#8217;dan projeye dahil olan Medine G\u00f6k\u00e7\u00fcl, projede atletizme yetene\u011finin oldu\u011funun ke\u015ffedildi\u011fini ve bu bran\u015fta devam etti\u011fini belirterek, &#8220;Mersin genelinde rakibimiz yok. Mersin&#8217;de \u015fampiyonuz. T\u00fcrkiye&#8217;de ilk 4&#8217;teyiz. Ben uzun mesafeciyim. 400, 800, 1500, 2000 metre ko\u015fuyorum. K\u0131r \u00c7i\u00e7ekleri&#8217;nde olmasayd\u0131m, belki de normal bir okulda okuyordum sadece&#8221; diye konu\u015ftu.<br \/>\n&#8220;\u00c7ok iyi yerlere gelebilece\u011fime inan\u0131yorum&#8221;<br \/>\nYa\u015fad\u0131\u011f\u0131 Kazanl\u0131 Mahallesi&#8217;nde e\u011fitim hayat\u0131na devam ederken K\u0131r \u00c7i\u00e7ekleri projesine dahil olan Nazl\u0131 G\u00f6kta\u015f, bran\u015f\u0131 olan cirit atmada ge\u00e7en sene Diyarbak\u0131r Okullar Aras\u0131 T\u00fcrkiye \u015eampiyonas\u0131&#8217;nda 80 santim gibi k\u0131sa bir mesafeyle birincili\u011fi ka\u00e7\u0131r\u0131p, T\u00fcrkiye 2&#8217;ncisi oldu\u011funu anlatarak, &#8220;En son yar\u0131\u015fma Liseliler Grup Finali&#8217;ydi. Orada 2. olarak finale gitmeye hak kazand\u0131m. Burada hem spor a\u00e7\u0131s\u0131ndan, hem de e\u011fitim a\u00e7\u0131s\u0131ndan \u00e7ok geli\u015ftik. \u00c7ok iyi yerlere gelebilece\u011fime inan\u0131yorum. Bu proje olmasayd\u0131 bu kadar ba\u015far\u0131 sa\u011flayamazd\u0131m&#8221; ifadelerine yer verdi.<br \/>\n&#8220;Bu proje benim hayat\u0131m\u0131 de\u011fi\u015ftirdi&#8221;<br \/>\nBir\u00e7ok bran\u015fta ba\u015far\u0131 elde eden Rabia Naz G\u00f6\u00e7er, &#8220;Diyarbak\u0131r&#8217;da ge\u00e7en sene g\u00fclle atmada T\u00fcrkiye 3&#8217;\u00fcnc\u00fcl\u00fc\u011f\u00fcm var. Yeni yeni \u00e7ekice ba\u015flad\u0131m. Liseler aras\u0131 yar\u0131\u015fmada \u00e7eki\u00e7te Mersin 1.&#8217;li\u011fi, diskte de Mersin 2.&#8217;li\u011fi ald\u0131m. Bu proje benim hayat\u0131m\u0131 de\u011fi\u015ftirdi&#8221; dedi.<br \/>\n&#8220;Bu proje bize istedi\u011fimiz, ama\u00e7lad\u0131\u011f\u0131m\u0131z her \u015feyi veriyor&#8221;<br \/>\nYar\u0131\u015fmalarda \u00f6nemli ba\u015far\u0131lar elde eden Nidanur Turhan da &#8220;G\u00fclle at\u0131yorum, bu seneki Salon \u015eampiyonas\u0131&#8217;nda T\u00fcrkiye 1.&#8217;li\u011fim var. Ge\u00e7enlerde Mersin genelinde yap\u0131lan denemelerde, il 1.&#8217;li\u011fim var. Sporcu E\u011fitim Merkezi&#8217;nden burs al\u0131yorum. \u0130leride in\u015fallah olimpiyatlara kat\u0131laca\u011f\u0131m. Tarsus&#8217;ta oturuyoruz. \u00d6nceden spor d\u00fczenim kar\u0131\u015f\u0131kt\u0131, ama \u015fimdi d\u00fczenli olarak hem okulumda ba\u015far\u0131 elde edebiliyorum, hem de antrenmanlar\u0131ma verimli kat\u0131labiliyorum. Ne kadar ailemizden uzakta kalsak da, sporun hayat\u0131m\u0131zda \u00e7ok \u00f6nemli bir yeri oluyor. \u00c7\u00fcnk\u00fc bize istedi\u011fimiz, ama\u00e7lad\u0131\u011f\u0131m\u0131z her \u015feyi fazlas\u0131yla veriyor. \u0130yi ki K\u0131r \u00c7i\u00e7ekleri projesi var&#8221; diye konu\u015ftu.<br \/>\nElif Azra \u015eenate\u015f ise, k\u0131sa mesafe ko\u015fusunda Bursa Salon Yar\u0131\u015fmas\u0131&#8217;nda 200 metrede T\u00fcrkiye 1.&#8217;si oldu\u011funu s\u00f6yleyerek, &#8220;\u00d6nceden de spor yap\u0131yordum, ama bu kadar iyi olaca\u011f\u0131m\u0131 d\u00fc\u015f\u00fcnemezdim. Tarsus&#8217;ta ba\u015far\u0131l\u0131 oldu\u011fumu d\u00fc\u015f\u00fcnm\u00fcyordum, fakat buraya geldi\u011fimde ba\u015far\u0131l\u0131 oldu\u011fumu fark ettim&#8221; dedi.<br \/>\n&#8220;K\u00fcrs\u00fcye \u00e7\u0131kt\u0131\u011f\u0131m\u0131z zamanki o gurur b\u00fct\u00fcn yorgunlu\u011fumuzu at\u0131yor&#8221;<br \/>\n17 ya\u015f\u0131ndaki sporcu Havin Y\u0131lmaz ise 1 y\u0131ld\u0131r projede yer ald\u0131\u011f\u0131n\u0131 ve \u00e7ok memnun oldu\u011funu anlatarak, &#8220;Mersin genelinde yap\u0131lan yar\u0131\u015fmalarda, genellikle \u015fampiyon oluyorum. 8-9 Nisan&#8217;da yap\u0131lan okullar aras\u0131 grup yar\u0131\u015fmalar\u0131nda, 400 metrede 1&#8217;inci oldum. Bu y\u0131l i\u00e7erisinde yap\u0131lan Bursa Salon \u015eampiyonas\u0131&#8217;nda 400 metrede 6. oldum. Bu proje ger\u00e7ekten bizim i\u00e7in \u00e7ok faydal\u0131. Burada \u00e7ok g\u00fczel bir d\u00fczenimiz var. Antrenmanlar ne kadar zorlu ge\u00e7se de, k\u00fcrs\u00fcye \u00e7\u0131kt\u0131\u011f\u0131m\u0131z zamanki o gurur b\u00fct\u00fcn yorgunlu\u011fumuzu al\u0131yor. Ger\u00e7ekten bu imkanlar muhte\u015fem. Etrafta yetenekli olup da spora ba\u015flamak isteyen \u00e7ok insan var, ama olanaklar\u0131 yok. Ke\u015fke daha \u00f6nceden de burada olsayd\u0131m. Bu projeyi ortaya koyan ve bize bu imkanlar\u0131 sa\u011flayan Ba\u015fkan\u0131m\u0131z Vahap Se\u00e7er&#8217;e \u00e7ok te\u015fekk\u00fcr ederiz&#8221;  diye konu\u015ftu.<\/p>\n","protected":false},"excerpt":{"rendered":"<p>Mersin B\u00fcy\u00fck\u015fehir Belediye Ba\u015fkan\u0131 Vahap Se\u00e7er&#8217;in, k\u0131z \u00e7ocuklar\u0131na ve spora verdi\u011fi de\u011fer ve \u00f6nemle ortaya \u00e7\u0131kan &#8220;K\u0131r \u00c7i\u00e7ekleri&#8221; projesi kapsam\u0131nda yeti\u015fen spora yetenekli k\u0131z \u00e7ocuklar\u0131, ba\u015far\u0131dan ba\u015far\u0131ya ko\u015fmaya devam ediyor. &hellip; <a href=\"https:\/\/akdenizolaygazetesi.com\/?p=25486\" class=\"more-link\">Devam\u0131n\u0131 Oku&#8230;<\/a><\/p>\n","protected":false},"author":2,"featured_media":25487,"comment_status":"open","ping_status":"open","sticky":false,"template":"","format":"standard","meta":[],"categories":[2,3,10],"tags":[],"_links":{"self":[{"href":"https:\/\/akdenizolaygazetesi.com\/index.php?rest_route=\/wp\/v2\/posts\/25486"}],"collection":[{"href":"https:\/\/akdenizolaygazetesi.com\/index.php?rest_route=\/wp\/v2\/posts"}],"about":[{"href":"https:\/\/akdenizolaygazetesi.com\/index.php?rest_route=\/wp\/v2\/types\/post"}],"author":[{"embeddable":true,"href":"https:\/\/akdenizolaygazetesi.com\/index.php?rest_route=\/wp\/v2\/users\/2"}],"replies":[{"embeddable":true,"href":"https:\/\/akdenizolaygazetesi.com\/index.php?rest_route=%2Fwp%2Fv2%2Fcomments&post=25486"}],"version-history":[{"count":1,"href":"https:\/\/akdenizolaygazetesi.com\/index.php?rest_route=\/wp\/v2\/posts\/25486\/revisions"}],"predecessor-version":[{"id":25488,"href":"https:\/\/akdenizolaygazetesi.com\/index.php?rest_route=\/wp\/v2\/posts\/25486\/revisions\/25488"}],"wp:featuredmedia":[{"embeddable":true,"href":"https:\/\/akdenizolaygazetesi.com\/index.php?rest_route=\/wp\/v2\/media\/25487"}],"wp:attachment":[{"href":"https:\/\/akdenizolaygazetesi.com\/index.php?rest_route=%2Fwp%2Fv2%2Fmedia&parent=25486"}],"wp:term":[{"taxonomy":"category","embeddable":true,"href":"https:\/\/akdenizolaygazetesi.com\/index.php?rest_route=%2Fwp%2Fv2%2Fcategories&post=25486"},{"taxonomy":"post_tag","embeddable":true,"href":"https:\/\/akdenizolaygazetesi.com\/index.php?rest_route=%2Fwp%2Fv2%2Ftags&post=25486"}],"curies":[{"name":"wp","href":"https:\/\/api.w.org\/{rel}","templated":true}]}}