{"id":25489,"date":"2023-04-30T15:35:33","date_gmt":"2023-04-30T12:35:33","guid":{"rendered":"http:\/\/akdenizolaygazetesi.com\/?p=25489"},"modified":"2023-04-30T15:35:33","modified_gmt":"2023-04-30T12:35:33","slug":"eski-ekonomi-bakani-ve-24-donem-mersin-milletvekili-zafer-caglayan-mersinde-coskuyla-karsilandi","status":"publish","type":"post","link":"https:\/\/akdenizolaygazetesi.com\/?p=25489","title":{"rendered":"Eski Ekonomi Bakan\u0131 ve 24. D\u00f6nem Mersin Milletvekili Zafer \u00c7a\u011flayan, Mersin\u2019de co\u015fkuyla kar\u015f\u0131land\u0131"},"content":{"rendered":"<p>Akdeniz Belediye Ba\u015fkan\u0131 M. Mustafa G\u00fcltak, 14 May\u0131s 2023 tarihinde yap\u0131lacak Cumhurba\u015fkanl\u0131\u011f\u0131 ve Milletvekili Genel Se\u00e7imlerinin, T\u00fcrkiye\u2019nin gelece\u011fi a\u00e7\u0131s\u0131ndan \u00e7ok b\u00fcy\u00fck bir \u00f6nem ta\u015f\u0131d\u0131\u011f\u0131n\u0131n alt\u0131n\u0131 \u00e7izerek; \u201cHalk\u0131m\u0131za inan\u0131yoruz; Cumhurba\u015fkan\u0131m\u0131z Say\u0131n Recep Tayyip Erdo\u011fan\u2019\u0131 ve Milletvekili aday\u0131 arkada\u015flar\u0131m\u0131z\u0131 yeniden ve \u00e7ok daha g\u00fc\u00e7l\u00fc bir \u015fekilde Meclis\u2019e g\u00f6nderece\u011fiz\u201d dedi.<\/p>\n<p>Eski Ekonomi Bakan\u0131 Zafer \u00c7a\u011flayan ise, Millet \u0130ttifak\u0131\u2019n\u0131 ter\u00f6r \u00f6rg\u00fctleriyle i\u015fbirli\u011fi yapmakla su\u00e7lad\u0131; \u201c\u0130ki hafta sonra Allah\u2019\u0131n izniyle m\u00fch\u00fcrlerimizi, g\u00fcmb\u00fcr g\u00fcmb\u00fcr Reisicumhurumuz Say\u0131n Cumhurba\u015fkan\u0131m\u0131za, onun bulundu\u011fu yuvarla\u011fa basarak yeniden a\u00e7\u0131k ara in\u015fallah Cumhurba\u015fkan\u0131 yapaca\u011f\u0131z. Ayn\u0131 \u015fekilde AK Partimizi, Cumhur \u0130ttifak\u0131n\u0131, T\u00fcrkiye B\u00fcy\u00fck Millet Meclisi\u2019nde g\u00fc\u00e7l\u00fc yapmak i\u00e7in AK Partimize sand\u0131klar\u0131 patlat\u0131rcas\u0131na oylar\u0131m\u0131z\u0131 verece\u011fiz\u201d diye konu\u015ftu.<\/p>\n<p>Se\u00e7im \u00e7al\u0131\u015fmalar\u0131 i\u00e7in Mersin\u2019e gelen Eski Ekonomi Bakan\u0131 ve 24. D\u00f6nem Mersin Milletvekili Zafer \u00c7a\u011flayan, Mersin otoban\u0131 giri\u015finde olu\u015fturulan ara\u00e7 konvoyu ve binlerce vatanda\u015f taraf\u0131ndan co\u015fku i\u00e7inde \u00e7i\u00e7eklerle ve me\u015falelerle kar\u015f\u0131land\u0131. Kar\u015f\u0131lamaya Akdeniz Belediye Ba\u015fkan\u0131 M. Mustafa G\u00fcltak, AK Parti Mersin Milletvekili Hac\u0131 \u00d6zkan, Mersin Milletvekili Adaylar\u0131, AK Parti \u0130l ve \u0130l\u00e7e Ba\u015fkanl\u0131\u011f\u0131 Y\u00f6netimi ve partililer kat\u0131ld\u0131. G\u00fcn i\u00e7inde AK Parti Mersin \u0130l Ba\u015fkanl\u0131\u011f\u0131\u2019nda d\u00fczenlenen toplant\u0131ya kat\u0131larak partililerle bir araya gelen Eski Bakan \u00c7a\u011flayan, Toroslar \u0130l\u00e7esi Sel\u00e7uklar Mahallesi\u2019nde miting havas\u0131nda ger\u00e7ekle\u015fen AK Parti Se\u00e7im Ofisi a\u00e7\u0131l\u0131\u015f\u0131na da kat\u0131ld\u0131. <\/p>\n<p>G\u00fcltak; \u201c14 May\u0131s yeni T\u00fcrkiye Y\u00fczy\u0131l\u0131n\u0131n ba\u015flang\u0131c\u0131 olacak\u201d<\/p>\n<p>Eski Bakan ve 24. D\u00f6nem Mersin Milletvekili Zafer \u00c7a\u011flayan\u2019\u0131n programlar\u0131na e\u015flik eden Ba\u015fkan G\u00fcltak, 14 May\u0131s\u2019ta yap\u0131lacak se\u00e7imlerin, T\u00fcrkiye\u2019nin gelece\u011fi a\u00e7\u0131s\u0131ndan hayati ve b\u00fcy\u00fck bir \u00f6nem ta\u015f\u0131d\u0131\u011f\u0131n\u0131n alt\u0131n\u0131 \u00e7izdi. Ba\u015fkan G\u00fcltak, \u201c\u0130n\u015fallah 14 May\u0131s, T\u00fcrkiye&#8217;nin siyasi tarihinde yepyeni bir milat ve yeni bir ba\u015flang\u0131\u00e7 olacakt\u0131r. 14 May\u0131s\u2019tan sonra yeni bir sayfa, yeni bir kap\u0131n\u0131n ard\u0131na kadar a\u00e7\u0131l\u0131\u015f\u0131, T\u00fcrkiye Y\u00fczy\u0131l\u0131n\u0131n da ba\u015flang\u0131c\u0131 olacakt\u0131r. O g\u00fcn geldi\u011finde Say\u0131n Cumhurba\u015fkan\u0131m\u0131za ve milletvekili adaylar\u0131m\u0131za en g\u00fc\u00e7l\u00fc deste\u011fi verece\u011fiz. \u00dclkemizin her alanda b\u00fcy\u00fcmesi, kalk\u0131nmas\u0131 ve g\u00fc\u00e7lenmesinin devam\u0131 i\u00e7in AK Parti iktidar\u0131n\u0131n s\u00fcrmesi elzemdir. Bizler de bu ama\u00e7, hedef ve duygularla, milletvekili adaylar\u0131m\u0131zla birlikte g\u00fcnlerdir halk\u0131m\u0131z\u0131n aras\u0131nday\u0131z. Vatanda\u015flar\u0131m\u0131z\u0131n ferasetine, ileri g\u00f6r\u00fc\u015fl\u00fcl\u00fc\u011f\u00fcne inan\u0131yorum. 14 May\u0131s\u2019ta da b\u00fcy\u00fck bir farkla sand\u0131klardan tekrar iktidar olarak \u00e7\u0131kaca\u011f\u0131m\u0131za y\u00fcrekten inan\u0131yorum\u201d dedi.<\/p>\n<p>\u201cEn do\u011fru karar\u0131 verece\u011finize inan\u0131yorum\u201d<\/p>\n<p>S\u00f6zlerini; \u201cAkdeniz\u2019de birilerinin hayalini dahi kuramayaca\u011f\u0131 hizmet, proje ve yat\u0131r\u0131mlar\u0131 4 y\u0131lda getirdik\u201d \u015feklinde s\u00fcrd\u00fcren Ba\u015fkan Mustafa G\u00fcltak, \u201cBa\u015fta \u00c7ay ve Bar\u0131\u015f mahalleleri kentsel d\u00f6n\u00fc\u015f\u00fcm projeleri, spora y\u00f6nelik yat\u0131r\u0131mlar\u0131m\u0131z, lise ve \u00fcniversitelere haz\u0131rlanan gen\u00e7lerimiz i\u00e7in \u00fccretsiz et\u00fct merkezi olmak \u00fczere, Akdeniz\u2019i d\u00f6n\u00fc\u015ft\u00fcren ve gelece\u011fe haz\u0131rlayan hizmet ve projelere imza att\u0131k. Kad\u0131nlar\u0131 farkl\u0131 illerimizde g\u00fcn\u00fcbirlik gezilere g\u00f6t\u00fcr\u00fcyoruz. Elbette t\u00fcm bu hizmetler, Cumhurba\u015fkan\u0131m\u0131z Say\u0131n Recep Tayyip Erdo\u011fan\u2019\u0131n destekleri ile ger\u00e7ekle\u015fti. Akdeniz\u2019in d\u00f6n\u00fc\u015f\u00fcm\u00fcn\u00fcn s\u00fcrmesi ve siz de\u011ferli vatanda\u015flar\u0131m\u0131za hak etti\u011finiz hizmetleri ve kent ya\u015fam\u0131n\u0131 sunabilmemiz i\u00e7in sizlerin deste\u011fine ihtiyac\u0131m\u0131z var. Bu anlamda 14 May\u0131s\u2019ta yap\u0131lacak se\u00e7imlerde en do\u011fru karar\u0131 verece\u011finize inan\u0131yorum\u201d ifadelerini kulland\u0131.<\/p>\n<p>\u00c7a\u011flayan; \u201cMersin\u2019de y\u00fczde 42\u2019nin de \u00fczerine \u00e7\u0131kaca\u011f\u0131z\u201d<\/p>\n<p>Burada vatanda\u015flara hitap eden Eski Ekonomi Bakan\u0131 ve 24. D\u00f6nem Mersin Milletvekili Zafer \u00c7a\u011flayan; \u201c2011 y\u0131l\u0131nda sizlerin deste\u011fiyle t\u00fcm te\u015fkilatlar\u0131m\u0131zla beraber Mersin tarihinde bir ilki ger\u00e7ekle\u015ftirmi\u015ftik. Y\u00fczde 32 oy alm\u0131\u015ft\u0131k. Ama ben \u015fimdi g\u00f6r\u00fcyorum ki Allah\u2019\u0131n izniyle her halde y\u00fczde 42\u2019nin de \u00fczerine \u00e7\u0131kaca\u011f\u0131z. Heyecan\u0131n\u0131z\u0131, gayretinizi g\u00f6r\u00fcyorum. Mersin\u2019e hizmeti ge\u00e7en t\u00fcm milletvekili ve te\u015fkilat mensubu arkada\u015flar\u0131ma te\u015fekk\u00fcrlerimi sunuyorum. Hayatta olmayanlara Allah\u2019tan rahmet, hayatta olanlara da sa\u011fl\u0131k, s\u0131hhat, afiyet diliyorum\u201d \u015feklinde konu\u015ftu.<\/p>\n<p>\u201cFET\u00d6, benim kan daval\u0131md\u0131r\u201d<\/p>\n<p>FET\u00d6 Ter\u00f6r \u00d6rg\u00fct\u00fc\u2019ne de sert s\u00f6zlerle de\u011finen ve muhalefeti FET\u00d6 ile i\u015fbirli\u011fi yapmakla niteleyen Zafer \u00c7a\u011flayan; \u201cAllah, FET\u00d6\u2019y\u00fc, kahhar ismiyle kahretsin. FET\u00d6, benim kan daval\u0131md\u0131r. Allah bunlara asla f\u0131rsat vermesin. Bak\u0131n, \u015fimdi de bir tarafta Cumhur \u0130ttifak\u0131, di\u011fer tarafta ise Zillet \u0130ttifak\u0131\u2026 Bir ucu FET\u00d6\u2019n\u00fcn, bir ucu PKK\u2019n\u0131n, bir ucu da \u0130P\u2019in, ipsizlerin elinde; g\u00f6be\u011finden, her yerinden ba\u011flanm\u0131\u015f bir grupla kar\u015f\u0131 kar\u015f\u0131yay\u0131z\u201d ifadeleriyle muhalefet partilerini ele\u015ftirdi. <\/p>\n<p>\u201c300 milyar Dolar\u0131 sana kim verdi, nerede saklad\u0131n?\u201d<\/p>\n<p>Millet \u0130ttifak\u0131 Cumhurba\u015fkan\u0131 Aday\u0131 Kemal K\u0131l\u0131\u00e7daro\u011flu\u2019nu da ele\u015ftiren Eski Bakan Zafer \u00c7a\u011flayan, \u015f\u00f6yle konu\u015ftu; \u201cK\u0131l\u0131\u00e7daro\u011flu; \u2018Ben 300 milyar Dolar getirdim\u2019 dedi. Yalan yuva yapm\u0131\u015f. Neyle getirdin, nereye koydun, nerede sakl\u0131yorsun? Kimler verdi bunu sana? Devletlerin hukuku vard\u0131r. Bu karde\u015finiz y\u0131llarca Ekonomi Bakanl\u0131\u011f\u0131 yapt\u0131. Bu sistemin nas\u0131l \u00e7al\u0131\u015ft\u0131\u011f\u0131n\u0131 hepimiz iyi biliyoruz. Ondan sonra d\u00f6nd\u00fc, dedi ki \u2018getirece\u011fim\u2019. Sonra d\u00f6nd\u00fc, \u20185 y\u0131lda getirece\u011fim.\u2019 Yahu, senin hangi s\u00f6z\u00fcne kim inand\u0131 ya? Senin s\u00f6z\u00fcne bu insanlar inan\u0131r m\u0131? Senin s\u00f6z\u00fcne kendi partililerin inan\u0131yor mu? Sen kalk\u0131p, s\u0131rf Tayyip Erdo\u011fan\u2019\u0131 Cumhurba\u015fkanl\u0131\u011f\u0131ndan almak i\u00e7in her t\u00fcrl\u00fc anla\u015fman\u0131n, dayan\u0131\u015fman\u0131n, her t\u00fcrl\u00fc numaran\u0131n i\u00e7ine soktun. Ama inan ki sen bu milleti tan\u0131m\u0131yorsun. <\/p>\n<p>Bu millet bunu yemeyecek! Sana 14 May\u0131s\u2019ta, gereken dersi verecek Allah\u2019\u0131n izniyle. 14 May\u0131s\u2019ta bunlar\u0131 sand\u0131\u011fa g\u00f6mmeye haz\u0131r\u0131z in\u015fallah. 14 May\u0131s\u2019ta sand\u0131klar\u0131 patlatmaya haz\u0131r\u0131z de\u011fil mi? Burada kald\u0131 iki hafta. \u0130ki hafta sonra Allah\u2019\u0131n izniyle m\u00fch\u00fcrlerimizi, g\u00fcmb\u00fcr g\u00fcmb\u00fcr Reisicumhurumuz Say\u0131n Cumhurba\u015fkan\u0131m\u0131za, onun bulundu\u011fu yuvarla\u011fa basarak yeniden a\u00e7\u0131k ara in\u015fallah Cumhurba\u015fkan\u0131 yapaca\u011f\u0131z. Ayn\u0131 \u015fekilde AK Partimizi, Cumhur \u0130ttifak\u0131n\u0131, B\u00fcy\u00fck Millet Meclisi\u2019nde g\u00fc\u00e7l\u00fc yapmak i\u00e7in AK Partimize sand\u0131klar\u0131 patlat\u0131rcas\u0131na oylar\u0131m\u0131z\u0131 verece\u011fiz. Ben sizlere g\u00fcveniyorum. \u201d<\/p>\n<p>\u00c7a\u011flayan, Akdeniz il\u00e7esini de\u011fi\u015ftiren hizmet, proje ve \u00e7al\u0131\u015fmalar\u0131ndan \u00f6t\u00fcr\u00fc Akdeniz Belediye Ba\u015fkan\u0131 M. Mustafa G\u00fcltak\u2019a da te\u015fekk\u00fcr etti. Konu\u015fmalar\u0131n ard\u0131ndan Sel\u00e7uklar Mahallesi AK Parti Se\u00e7im Koordinasyon Merkezi\u2019nin a\u00e7\u0131l\u0131\u015f\u0131, b\u00fcy\u00fck co\u015fku alt\u0131nda kurdele kesimiyle ger\u00e7ekle\u015fti. <\/p>\n","protected":false},"excerpt":{"rendered":"<p>Akdeniz Belediye Ba\u015fkan\u0131 M. Mustafa G\u00fcltak, 14 May\u0131s 2023 tarihinde yap\u0131lacak Cumhurba\u015fkanl\u0131\u011f\u0131 ve Milletvekili Genel Se\u00e7imlerinin, T\u00fcrkiye\u2019nin gelece\u011fi a\u00e7\u0131s\u0131ndan \u00e7ok b\u00fcy\u00fck bir \u00f6nem ta\u015f\u0131d\u0131\u011f\u0131n\u0131n alt\u0131n\u0131 \u00e7izerek; \u201cHalk\u0131m\u0131za inan\u0131yoruz; Cumhurba\u015fkan\u0131m\u0131z Say\u0131n &hellip; <a href=\"https:\/\/akdenizolaygazetesi.com\/?p=25489\" class=\"more-link\">Devam\u0131n\u0131 Oku&#8230;<\/a><\/p>\n","protected":false},"author":2,"featured_media":25490,"comment_status":"open","ping_status":"open","sticky":false,"template":"","format":"standard","meta":[],"categories":[8,2,3,6],"tags":[],"_links":{"self":[{"href":"https:\/\/akdenizolaygazetesi.com\/index.php?rest_route=\/wp\/v2\/posts\/25489"}],"collection":[{"href":"https:\/\/akdenizolaygazetesi.com\/index.php?rest_route=\/wp\/v2\/posts"}],"about":[{"href":"https:\/\/akdenizolaygazetesi.com\/index.php?rest_route=\/wp\/v2\/types\/post"}],"author":[{"embeddable":true,"href":"https:\/\/akdenizolaygazetesi.com\/index.php?rest_route=\/wp\/v2\/users\/2"}],"replies":[{"embeddable":true,"href":"https:\/\/akdenizolaygazetesi.com\/index.php?rest_route=%2Fwp%2Fv2%2Fcomments&post=25489"}],"version-history":[{"count":1,"href":"https:\/\/akdenizolaygazetesi.com\/index.php?rest_route=\/wp\/v2\/posts\/25489\/revisions"}],"predecessor-version":[{"id":25491,"href":"https:\/\/akdenizolaygazetesi.com\/index.php?rest_route=\/wp\/v2\/posts\/25489\/revisions\/25491"}],"wp:featuredmedia":[{"embeddable":true,"href":"https:\/\/akdenizolaygazetesi.com\/index.php?rest_route=\/wp\/v2\/media\/25490"}],"wp:attachment":[{"href":"https:\/\/akdenizolaygazetesi.com\/index.php?rest_route=%2Fwp%2Fv2%2Fmedia&parent=25489"}],"wp:term":[{"taxonomy":"category","embeddable":true,"href":"https:\/\/akdenizolaygazetesi.com\/index.php?rest_route=%2Fwp%2Fv2%2Fcategories&post=25489"},{"taxonomy":"post_tag","embeddable":true,"href":"https:\/\/akdenizolaygazetesi.com\/index.php?rest_route=%2Fwp%2Fv2%2Ftags&post=25489"}],"curies":[{"name":"wp","href":"https:\/\/api.w.org\/{rel}","templated":true}]}}