{"id":25493,"date":"2023-05-01T12:55:24","date_gmt":"2023-05-01T09:55:24","guid":{"rendered":"http:\/\/akdenizolaygazetesi.com\/?p=25493"},"modified":"2023-05-01T12:55:24","modified_gmt":"2023-05-01T09:55:24","slug":"tarsusta-once-tarihi-gezi-sonra-cocuk-sarkilari-konseri","status":"publish","type":"post","link":"https:\/\/akdenizolaygazetesi.com\/?p=25493","title":{"rendered":"TARSUS&#8217;TA \u00d6NCE TAR\u0130H\u0130 GEZ\u0130 SONRA \u00c7OCUK \u015eARKILARI KONSER\u0130"},"content":{"rendered":"<p>Mersin Devlet Opera ve Balesi M\u00fcd\u00fcrl\u00fc\u011f\u00fc taraf\u0131ndan depremzede \u00e7ocuklar i\u00e7in d\u00fczenlenen &#8216;\u00c7ocuk \u015eark\u0131lar\u0131&#8217; konserine, Mersin B\u00fcy\u00fck\u015fehir Belediyesi&#8217;nin Berdan Konukevi&#8217;nde konaklayan \u00e7ocuklar da kat\u0131ld\u0131. Ge\u00e7ici Bar\u0131nma Alanlar\u0131&#8217;nda ya\u015fayan \u00e7ocuklar ve gen\u00e7lerin, depremin travmalar\u0131n\u0131 atlatabilmesi ad\u0131na s\u0131k s\u0131k etkinlikler d\u00fczenleyen Mersin B\u00fcy\u00fck\u015fehir Belediyesi, kentte d\u00fczenlenen farkl\u0131 etkinliklere de kat\u0131lmalar\u0131n\u0131 sa\u011fl\u0131yor.<br \/>\nB\u00fcy\u00fck\u015fehir Belediyesi, Tarsus St. Paul An\u0131t M\u00fczesi&#8217;nde \u00e7ocuklara \u00f6zel d\u00fczenlenen konser i\u00e7in, Berdan Konukevi&#8217;nde kalan \u00e7ocuklar\u0131n kat\u0131l\u0131m ve ula\u015f\u0131m\u0131n\u0131 sa\u011flad\u0131. Konser \u00f6ncesinde Tarsus&#8217;un tarihi ve turistik b\u00f6lge ile mekanlar\u0131n\u0131 gezen \u00e7ocuklar ve aileleri, ard\u0131ndan ger\u00e7ekle\u015fen konser ile keyifli saatler ge\u00e7irdi. St. Paul An\u0131t M\u00fczesi&#8217;nin tarihi ve mistik ortam\u0131nda ger\u00e7ekle\u015fen konserin Orkestra \u015eefli\u011fini Rustam Rahmedov, \u00c7ocuk Korosu \u015eefli\u011fini Reyhan Bezd\u00fcz \u00fcstlenirken, Konzertmeister&#8217;i ise \u00c7a\u011f\u0131l \u00c7elik Demirba\u015f oldu.<br \/>\n&#8220;B\u00fcy\u00fck\u015fehir Belediyesi&#8217;nin sundu\u011fu hizmetlerden \u00e7ok memnunuz&#8221;<br \/>\nEtkinli\u011fe \u00e7ocuklar\u0131 ile kat\u0131lan Asl\u0131 U\u00e7ar, &#8220;Bug\u00fcn \u00e7ocuklar\u0131m\u0131zla beraber konsere geldik, \u00e7ok g\u00fczel etkinlikler yapt\u0131k. B\u00fcy\u00fck\u015fehir Belediyesi&#8217;ne te\u015fekk\u00fcr ediyoruz. \u0130yi ki vars\u0131n\u0131z&#8221; dedi. Etkinli\u011fi de\u011ferlendiren bir di\u011fer kat\u0131l\u0131mc\u0131 da \u00d6zlem Yi\u011fit oldu. Yi\u011fit, bir\u00e7ok etkinli\u011fe kat\u0131ld\u0131klar\u0131n\u0131 belirterek, &#8220;B\u00f6yle g\u00fczel etkinlikler yapt\u0131klar\u0131 i\u00e7in, Ba\u015fkan\u0131m\u0131za \u00e7ok te\u015fekk\u00fcr ediyoruz. Bug\u00fcn tarihi yerleri gezdik, her yeri gezdirdiler, sa\u011f olsunlar&#8221; diye konu\u015ftu.<br \/>\nB\u00fcy\u00fck\u015fehir Belediyesi&#8217;nin depremzedeler i\u00e7in hizmetlerini de\u011ferlendiren ve son derece memnun oldu\u011funu ifade eden Nuri Koca, &#8220;Depremzede olarak Tarsus&#8217;a geldi\u011fimiz g\u00fcnden bu yana, B\u00fcy\u00fck\u015fehir Belediyesi&#8217;nin bize ve \u00e7ocuklar\u0131m\u0131za sunmu\u015f oldu\u011fu sosyal hizmetlerden \u00e7ok memnun kald\u0131k. Buraya geldi\u011fimiz g\u00fcnden beri tiyatrolara, Tarsus&#8217;un tarihi yerlerine gittik. Ayn\u0131 zamanda Konukevi&#8217;nde yap\u0131lan hizmetlerden \u00e7ok memnun kald\u0131k. B\u00f6yle hizmetleri, belediyecilik ad\u0131na her yerde g\u00f6rmek istiyoruz&#8221; ifadelerini kulland\u0131.<br \/>\n&#8220;Hi\u00e7bir \u015feyden eksik kalmad\u0131k&#8221;<br \/>\nEkinli\u011fe kat\u0131lan \u00e7ocuklardan Elif Sinem Koca, &#8220;Buraya geldi\u011fimden beri her konuda yard\u0131mc\u0131 oldular. Bir ihtiyac\u0131m\u0131z oldu\u011funda, ilk onlar yan\u0131m\u0131za geldiler. Bug\u00fcn de gezi yapt\u0131k&#8221; dedi. \u0130rem Dikmen ise, &#8220;Bize bir\u00e7ok yeri gezdirdiler. Bir\u00e7ok etkinlik yapt\u0131lar. Bizi okula yazd\u0131rd\u0131lar. Hi\u00e7bir \u015feyden eksik kalmad\u0131k. \u00c7ok g\u00fczeldi&#8221; ifadelerini kulland\u0131.<\/p>\n","protected":false},"excerpt":{"rendered":"<p>Mersin Devlet Opera ve Balesi M\u00fcd\u00fcrl\u00fc\u011f\u00fc taraf\u0131ndan depremzede \u00e7ocuklar i\u00e7in d\u00fczenlenen &#8216;\u00c7ocuk \u015eark\u0131lar\u0131&#8217; konserine, Mersin B\u00fcy\u00fck\u015fehir Belediyesi&#8217;nin Berdan Konukevi&#8217;nde konaklayan \u00e7ocuklar da kat\u0131ld\u0131. Ge\u00e7ici Bar\u0131nma Alanlar\u0131&#8217;nda ya\u015fayan \u00e7ocuklar ve gen\u00e7lerin, &hellip; <a href=\"https:\/\/akdenizolaygazetesi.com\/?p=25493\" class=\"more-link\">Devam\u0131n\u0131 Oku&#8230;<\/a><\/p>\n","protected":false},"author":2,"featured_media":25494,"comment_status":"open","ping_status":"open","sticky":false,"template":"","format":"standard","meta":[],"categories":[1,2,3],"tags":[],"_links":{"self":[{"href":"https:\/\/akdenizolaygazetesi.com\/index.php?rest_route=\/wp\/v2\/posts\/25493"}],"collection":[{"href":"https:\/\/akdenizolaygazetesi.com\/index.php?rest_route=\/wp\/v2\/posts"}],"about":[{"href":"https:\/\/akdenizolaygazetesi.com\/index.php?rest_route=\/wp\/v2\/types\/post"}],"author":[{"embeddable":true,"href":"https:\/\/akdenizolaygazetesi.com\/index.php?rest_route=\/wp\/v2\/users\/2"}],"replies":[{"embeddable":true,"href":"https:\/\/akdenizolaygazetesi.com\/index.php?rest_route=%2Fwp%2Fv2%2Fcomments&post=25493"}],"version-history":[{"count":1,"href":"https:\/\/akdenizolaygazetesi.com\/index.php?rest_route=\/wp\/v2\/posts\/25493\/revisions"}],"predecessor-version":[{"id":25495,"href":"https:\/\/akdenizolaygazetesi.com\/index.php?rest_route=\/wp\/v2\/posts\/25493\/revisions\/25495"}],"wp:featuredmedia":[{"embeddable":true,"href":"https:\/\/akdenizolaygazetesi.com\/index.php?rest_route=\/wp\/v2\/media\/25494"}],"wp:attachment":[{"href":"https:\/\/akdenizolaygazetesi.com\/index.php?rest_route=%2Fwp%2Fv2%2Fmedia&parent=25493"}],"wp:term":[{"taxonomy":"category","embeddable":true,"href":"https:\/\/akdenizolaygazetesi.com\/index.php?rest_route=%2Fwp%2Fv2%2Fcategories&post=25493"},{"taxonomy":"post_tag","embeddable":true,"href":"https:\/\/akdenizolaygazetesi.com\/index.php?rest_route=%2Fwp%2Fv2%2Ftags&post=25493"}],"curies":[{"name":"wp","href":"https:\/\/api.w.org\/{rel}","templated":true}]}}