{"id":25496,"date":"2023-05-01T12:56:41","date_gmt":"2023-05-01T09:56:41","guid":{"rendered":"http:\/\/akdenizolaygazetesi.com\/?p=25496"},"modified":"2023-05-01T12:56:41","modified_gmt":"2023-05-01T09:56:41","slug":"mersin-cemevinden-depremzede-cocuklara-ozel-etkinlik","status":"publish","type":"post","link":"https:\/\/akdenizolaygazetesi.com\/?p=25496","title":{"rendered":"Mersin Cemevi&#8217;nden depremzede \u00e7ocuklara \u00f6zel etkinlik"},"content":{"rendered":"<p> Mersin Cemevi, depremzede \u00e7ocuklar i\u00e7in e\u011flence etkinli\u011fi d\u00fczenleyip, ailelerine y\u00f6nelik psikolojik e\u011fitim at\u00f6lyesi ger\u00e7ekle\u015ftirdi.<br \/>\nMersin Cemevi Kad\u0131n Komisyonu taraf\u0131ndan d\u00fczenlenen etkinlikte \u00e7ocuklara y\u00f6nelik resim, boyama at\u00f6lyeleri ve e\u011flence aktiviteleri yap\u0131ld\u0131. Depremzede \u00e7ocuklar\u0131n aileleri i\u00e7in de Saadet \u00d6\u011fretmen \u00c7ocuk \u0130stismar\u0131 ile M\u00fccadele Derne\u011fi (UC\u0130M) taraf\u0131ndan psikolojik e\u011fitim verildi.<br \/>\n&#8220;CEMEV\u0130 HEP\u0130M\u0130Z\u0130N EV\u0130&#8221;<br \/>\nPsikoloji e\u011fitimi \u00f6ncesi aileleri selamlayan Mersin Cemevi Ba\u015fkan\u0131 Pir Hasan K\u0131lavuz, depremin y\u0131k\u0131c\u0131 etkilerinin birlikte atlat\u0131lmas\u0131n\u0131n \u00f6nemine vurgu yaparak, &#8220;\u00c7orbada bizim de tuzumuz bulunsun diyerek neler yapabiliriz, \u00e7ocuklar\u0131m\u0131z i\u00e7in ne faydal\u0131 olur diye d\u00fc\u015f\u00fcnd\u00fck ve bu etkinlikte karar k\u0131ld\u0131k. Cemevi hi\u00e7bir tarikatin, hi\u00e7bir inanc\u0131n, hi\u00e7bir mezhebin evi de\u011fil,  hepimizin evidir. Hepiniz y\u00fcrekten ho\u015f geldiniz&#8221; dedi.<\/p>\n<p>Psikolog G\u00f6rkem Y\u0131lmaz,deprem ya\u015fam\u0131\u015f ki\u015filere ve yak\u0131nlar\u0131na psikolojik sa\u011flaml\u0131k adl\u0131 psikoe\u011fitim verildi. Verilen e\u011fitimde depremden sonraki psikolojik sa\u011flaml\u0131k, iyilik hali ile birlikte ebeveyn ve \u00e7ocuklar\u0131n tutumlar\u0131 konu\u015fuldu.<\/p>\n<p>AMA\u00c7 YARALARI SARMAK<br \/>\nMersin Cemevi Kad\u0131n Komisyonu \u00dcyesi Aysel K\u0131lavuz, depremzede ebeveyn ve \u00e7ocuklar\u0131n bir nebze de olsa yaralar\u0131n\u0131 sarmak, moral y\u00fckseltmek ad\u0131na bu etkinlikte karar k\u0131ld\u0131klar\u0131n\u0131 anlatarak \u015funlar\u0131 s\u00f6yledi:<br \/>\n&#8220;Biz deprem oldu\u011fu g\u00fcnden bu yana Kad\u0131n Komisyonu olarak bir\u00e7ok dayan\u0131\u015fma faaliyeti y\u00fcr\u00fctt\u00fck. Bunlar\u0131n yan\u0131nda \u00e7ocuklar i\u00e7in neler yapabiliriz diye d\u00fc\u015f\u00fcnd\u00fck ve bu etkinli\u011fi yapma karar\u0131 ald\u0131k. \u0130nan\u0131yorum ki bu t\u00fcr etkinliklerle onlar\u0131n yaralar\u0131na bir nebze de olsa derman oluruz. Deprem b\u00f6lgelerine gitti\u011fimde kad\u0131n ve \u00e7ocuklar\u0131n sorunlar\u0131n\u0131n \u00e7ok b\u00fcy\u00fck oldu\u011funu g\u00f6zlemledim. Bu deprem insanlar\u0131 psikolojik olarak da \u00f6ld\u00fcrd\u00fc. Gerek Avrupa&#8217;da gerek T\u00fcrkiye&#8217;de b\u00fct\u00fcn Alevi \u00f6rg\u00fctleri kap\u0131lar\u0131n\u0131 depremzedelere a\u00e7t\u0131lar ve \u00e7ok koordineli \u00e7al\u0131\u015ft\u0131lar. Biz ayr\u0131m yapmadan insan merkezli \u00e7al\u0131\u015f\u0131yoruz&#8221;<br \/>\nMersin Cemevi Kad\u0131n Kollar\u0131 Ba\u015fkan\u0131 Elif Sert, ise &#8220;Etkinli\u011fimiz \u00e7ocuklar ve aileleri ile birlikte bir g\u00fcn de olsa nefes als\u0131nlar, e\u011flensinler istedik. B\u00fcy\u00fcklerin zaten travmalar\u0131 \u00e7ok b\u00fcy\u00fck, \u00e7ocuklar\u0131n mutlu oldu\u011funu g\u00f6rd\u00fcklerinde biraz da olsa rahatlayacaklar\u0131n\u0131 d\u00fc\u015f\u00fcnd\u00fck. \u00c7ok a\u011f\u0131r bir s\u00fcre\u00e7ten ge\u00e7iyoruz ama birbirimizin yan\u0131nda olarak bu s\u00fcreci daha kolay atlataca\u011f\u0131m\u0131z\u0131 d\u00fc\u015f\u00fcn\u00fcyorum&#8221; ifadelerini kulland\u0131.<br \/>\nYap\u0131lan etkinlikte Kad\u0131n Komisyonunun haz\u0131rlad\u0131\u011f\u0131 hediyeler depremzede \u00e7ocuklara verildi.<\/p>\n","protected":false},"excerpt":{"rendered":"<p>Mersin Cemevi, depremzede \u00e7ocuklar i\u00e7in e\u011flence etkinli\u011fi d\u00fczenleyip, ailelerine y\u00f6nelik psikolojik e\u011fitim at\u00f6lyesi ger\u00e7ekle\u015ftirdi. Mersin Cemevi Kad\u0131n Komisyonu taraf\u0131ndan d\u00fczenlenen etkinlikte \u00e7ocuklara y\u00f6nelik resim, boyama at\u00f6lyeleri ve e\u011flence aktiviteleri yap\u0131ld\u0131. &hellip; <a href=\"https:\/\/akdenizolaygazetesi.com\/?p=25496\" class=\"more-link\">Devam\u0131n\u0131 Oku&#8230;<\/a><\/p>\n","protected":false},"author":2,"featured_media":25497,"comment_status":"open","ping_status":"open","sticky":false,"template":"","format":"standard","meta":[],"categories":[34,1,2,3],"tags":[],"_links":{"self":[{"href":"https:\/\/akdenizolaygazetesi.com\/index.php?rest_route=\/wp\/v2\/posts\/25496"}],"collection":[{"href":"https:\/\/akdenizolaygazetesi.com\/index.php?rest_route=\/wp\/v2\/posts"}],"about":[{"href":"https:\/\/akdenizolaygazetesi.com\/index.php?rest_route=\/wp\/v2\/types\/post"}],"author":[{"embeddable":true,"href":"https:\/\/akdenizolaygazetesi.com\/index.php?rest_route=\/wp\/v2\/users\/2"}],"replies":[{"embeddable":true,"href":"https:\/\/akdenizolaygazetesi.com\/index.php?rest_route=%2Fwp%2Fv2%2Fcomments&post=25496"}],"version-history":[{"count":1,"href":"https:\/\/akdenizolaygazetesi.com\/index.php?rest_route=\/wp\/v2\/posts\/25496\/revisions"}],"predecessor-version":[{"id":25498,"href":"https:\/\/akdenizolaygazetesi.com\/index.php?rest_route=\/wp\/v2\/posts\/25496\/revisions\/25498"}],"wp:featuredmedia":[{"embeddable":true,"href":"https:\/\/akdenizolaygazetesi.com\/index.php?rest_route=\/wp\/v2\/media\/25497"}],"wp:attachment":[{"href":"https:\/\/akdenizolaygazetesi.com\/index.php?rest_route=%2Fwp%2Fv2%2Fmedia&parent=25496"}],"wp:term":[{"taxonomy":"category","embeddable":true,"href":"https:\/\/akdenizolaygazetesi.com\/index.php?rest_route=%2Fwp%2Fv2%2Fcategories&post=25496"},{"taxonomy":"post_tag","embeddable":true,"href":"https:\/\/akdenizolaygazetesi.com\/index.php?rest_route=%2Fwp%2Fv2%2Ftags&post=25496"}],"curies":[{"name":"wp","href":"https:\/\/api.w.org\/{rel}","templated":true}]}}