{"id":25499,"date":"2023-05-01T12:58:27","date_gmt":"2023-05-01T09:58:27","guid":{"rendered":"http:\/\/akdenizolaygazetesi.com\/?p=25499"},"modified":"2023-05-01T12:58:27","modified_gmt":"2023-05-01T09:58:27","slug":"buyuksehirden-yaslilarla-iletisim-yaslilik-psikolojisi-ve-hastaliklari-egitimi","status":"publish","type":"post","link":"https:\/\/akdenizolaygazetesi.com\/?p=25499","title":{"rendered":"B\u00dcY\u00dcK\u015eEH\u0130R&#8217;DEN &#8216;YA\u015eLILARLA \u0130LET\u0130\u015e\u0130M, YA\u015eLILIK PS\u0130KOLOJ\u0130S\u0130 VE HASTALIKLARI&#8217; E\u011e\u0130T\u0130M\u0130"},"content":{"rendered":"<p>Mersin B\u00fcy\u00fck\u015fehir Belediyesi Sa\u011fl\u0131k \u0130\u015fleri Dairesi Ba\u015fkanl\u0131\u011f\u0131 taraf\u0131ndan, Yard\u0131m ve \u0130yilik Vakf\u0131 Huzurevi personellerine y\u00f6nelik &#8216;Ya\u015fl\u0131larla \u0130leti\u015fim, Ya\u015fl\u0131l\u0131k Psikolojisi ve Ya\u015fl\u0131l\u0131k Hastal\u0131klar\u0131&#8217; e\u011fitimi verilmeye ba\u015fland\u0131. 3 hafta s\u00fcrecek olan e\u011fitimde, uzmanlar taraf\u0131ndan ya\u015fl\u0131 sa\u011fl\u0131\u011f\u0131, psikolojisi, ya\u015fl\u0131larla ileti\u015fim konular\u0131nda detayl\u0131 bilgi verilecek.<br \/>\nTanr\u0131verdi: &#8220;Faydal\u0131 bir e\u011fitim olaca\u011f\u0131n\u0131 d\u00fc\u015f\u00fcn\u00fcyorum&#8221;<br \/>\nMersin B\u00fcy\u00fck\u015fehir Belediyesi Sa\u011fl\u0131k Hizmetleri Dairesi Ba\u015fkanl\u0131\u011f\u0131nda Gerontolog olarak g\u00f6rev yapan Cihan Tanr\u0131verdi, yap\u0131lan e\u011fitimle personellere b\u00fcy\u00fck fayda sa\u011flayacaklar\u0131n\u0131 belirterek, &#8220;Yard\u0131m ve \u0130yilik Vakf\u0131 Huzurevi personellerine y\u00f6nelik bir e\u011fitim ba\u015flatt\u0131k. \u00dc\u00e7 hafta s\u00fcrecek olan e\u011fitimimizi haftada bir g\u00fcn 3&#8217;er saat olarak planlad\u0131k. E\u011fitimimizde; ya\u015fl\u0131l\u0131k psikolojisi, ya\u015fl\u0131larla ileti\u015fim, ya\u015fl\u0131l\u0131k hastal\u0131klar\u0131 ve artan ya\u015fla birlikte meydana gelen mental ve fiziksel de\u011fi\u015fimlerden bahsedece\u011fiz. Faydal\u0131 bir e\u011fitim olaca\u011f\u0131n\u0131 d\u00fc\u015f\u00fcn\u00fcyorum&#8221; dedi.<br \/>\nKubat: &#8220;Ya\u015fl\u0131 bak\u0131m kalitesini art\u0131rmak i\u00e7in ortakla\u015fa bir e\u011fitim planlad\u0131k&#8221;<br \/>\nE\u011fitimin ger\u00e7ekle\u015fti\u011fi Yard\u0131m ve \u0130yilik Vakf\u0131 Huzurevi M\u00fcd\u00fcr\u00fc Canan Kubat ise, &#8220;Mersin B\u00fcy\u00fck\u015fehir Belediyesi ile birlikte ya\u015fl\u0131 bak\u0131m kalitesini art\u0131rmak, hizmet standard\u0131m\u0131z\u0131 y\u00fckseltmek i\u00e7in, personelin bu konudaki yeni geli\u015fmeleri izleyebilmesi a\u00e7\u0131s\u0131ndan ortakla\u015fa b\u00f6yle bir e\u011fitim planlad\u0131k&#8221; diyerek, B\u00fcy\u00fck\u015fehir&#8217;e e\u011fitimi ger\u00e7ekle\u015ftirdi\u011fi i\u00e7in te\u015fekk\u00fcrlerini iletti.<\/p>\n","protected":false},"excerpt":{"rendered":"<p>Mersin B\u00fcy\u00fck\u015fehir Belediyesi Sa\u011fl\u0131k \u0130\u015fleri Dairesi Ba\u015fkanl\u0131\u011f\u0131 taraf\u0131ndan, Yard\u0131m ve \u0130yilik Vakf\u0131 Huzurevi personellerine y\u00f6nelik &#8216;Ya\u015fl\u0131larla \u0130leti\u015fim, Ya\u015fl\u0131l\u0131k Psikolojisi ve Ya\u015fl\u0131l\u0131k Hastal\u0131klar\u0131&#8217; e\u011fitimi verilmeye ba\u015fland\u0131. 3 hafta s\u00fcrecek olan e\u011fitimde, &hellip; <a href=\"https:\/\/akdenizolaygazetesi.com\/?p=25499\" class=\"more-link\">Devam\u0131n\u0131 Oku&#8230;<\/a><\/p>\n","protected":false},"author":2,"featured_media":25500,"comment_status":"open","ping_status":"open","sticky":false,"template":"","format":"standard","meta":[],"categories":[3,9],"tags":[],"_links":{"self":[{"href":"https:\/\/akdenizolaygazetesi.com\/index.php?rest_route=\/wp\/v2\/posts\/25499"}],"collection":[{"href":"https:\/\/akdenizolaygazetesi.com\/index.php?rest_route=\/wp\/v2\/posts"}],"about":[{"href":"https:\/\/akdenizolaygazetesi.com\/index.php?rest_route=\/wp\/v2\/types\/post"}],"author":[{"embeddable":true,"href":"https:\/\/akdenizolaygazetesi.com\/index.php?rest_route=\/wp\/v2\/users\/2"}],"replies":[{"embeddable":true,"href":"https:\/\/akdenizolaygazetesi.com\/index.php?rest_route=%2Fwp%2Fv2%2Fcomments&post=25499"}],"version-history":[{"count":1,"href":"https:\/\/akdenizolaygazetesi.com\/index.php?rest_route=\/wp\/v2\/posts\/25499\/revisions"}],"predecessor-version":[{"id":25501,"href":"https:\/\/akdenizolaygazetesi.com\/index.php?rest_route=\/wp\/v2\/posts\/25499\/revisions\/25501"}],"wp:featuredmedia":[{"embeddable":true,"href":"https:\/\/akdenizolaygazetesi.com\/index.php?rest_route=\/wp\/v2\/media\/25500"}],"wp:attachment":[{"href":"https:\/\/akdenizolaygazetesi.com\/index.php?rest_route=%2Fwp%2Fv2%2Fmedia&parent=25499"}],"wp:term":[{"taxonomy":"category","embeddable":true,"href":"https:\/\/akdenizolaygazetesi.com\/index.php?rest_route=%2Fwp%2Fv2%2Fcategories&post=25499"},{"taxonomy":"post_tag","embeddable":true,"href":"https:\/\/akdenizolaygazetesi.com\/index.php?rest_route=%2Fwp%2Fv2%2Ftags&post=25499"}],"curies":[{"name":"wp","href":"https:\/\/api.w.org\/{rel}","templated":true}]}}