{"id":25502,"date":"2023-05-01T13:00:33","date_gmt":"2023-05-01T10:00:33","guid":{"rendered":"http:\/\/akdenizolaygazetesi.com\/?p=25502"},"modified":"2023-05-01T13:00:33","modified_gmt":"2023-05-01T10:00:33","slug":"lutfi-elvan-mtosbden-daha-genis-sanayi-alanlari-bekliyoruz","status":"publish","type":"post","link":"https:\/\/akdenizolaygazetesi.com\/?p=25502","title":{"rendered":"L\u00fctfi Elvan: MTOSB&#8217;den daha geni\u015f sanayi alanlar\u0131 bekliyoruz"},"content":{"rendered":"<p>MTOSB Ba\u015fkan\u0131 Sabri Tekli, Y\u00f6netim Kurulu \u00dcyesi Seyfetullah I\u015f\u0131k, M\u00fcte\u015febbis Heyet \u00dcyesi Halil Demirkol, B\u00f6lge M\u00fcd\u00fcr\u00fc Halil Y\u0131lmaz ve \u00e7ok say\u0131da sanayici taraf\u0131ndan kar\u015f\u0131lanan Hazine ve Maliye Eski Bakan\u0131 L\u00fctfi Elvan, \u00f6nce MTOSB&#8217;de misafir edilen depremzede vatanda\u015flar ile bir araya geldi.<\/p>\n<p>MTOSB \u00d6zel \u015ei\u015fecam Mesleki ve Teknik Anadolu Lisesi bah\u00e7esinde bir araya geldi\u011fi depremzede vatanda\u015flara ge\u00e7mi\u015f olsun dileklerini ileten Elvan, &#8216;Rabbim milletimize bir daha b\u00f6yle ac\u0131lar ya\u015fatmas\u0131n. Bu vesileyle hayat\u0131n\u0131 kaybedenlere Allah&#8217;tan rahmet, geride kalanlara sab\u0131r diliyorum&#8217; diyerek depremzedelerin herhangi bir eksiklerinin olup olmad\u0131\u011f\u0131 konusunda bilgi ald\u0131.<\/p>\n<p>&#8216;B\u0130R FABR\u0130KADA 6 B\u0130N \u0130ST\u0130HDAM OLACAK&#8217;<\/p>\n<p>Daha sonra lise \u00f6\u011fretmenleri ile k\u0131sa bir sohbet ger\u00e7ekle\u015ftiren Elvan, beraberindeki heyet ile birlikte Model Fabrika ve \u0130novasyon Merkezi&#8217;ne ge\u00e7erek MTOSB sanayicileri ile bir araya geldi. Burada bir konu\u015fma yapan MTOSB Ba\u015fkan\u0131 Sabri Tekli, &#8216;Bug\u00fcne kadar bir\u00e7ok yat\u0131r\u0131m ger\u00e7ekle\u015ftirdik. \u00d6zellikle 2., 3. ve 4. B\u00f6lgelerimizin hayata ge\u00e7mesinde b\u00fcy\u00fck katk\u0131lar\u0131 olan Say\u0131n Bakan\u0131m\u0131z L\u00fctfi Elvan&#8217;\u0131 bug\u00fcn burada a\u011f\u0131rlamaktan onur duyuyor, kendisine b\u00f6lgemize ger\u00e7ekle\u015ftirdi\u011fi katk\u0131lardan dolay\u0131 te\u015fekk\u00fcr ediyorum. MTOSB&#8217;nin bu kadar h\u0131zl\u0131 geli\u015fiminde Say\u0131n Bakan\u0131m\u0131z&#8217;\u0131n katk\u0131lar\u0131 \u00e7ok b\u00fcy\u00fck. Biz Say\u0131n Bakan\u0131m\u0131z\u0131n da katk\u0131lar\u0131 ile M\u00fcte\u015febbis Heyetlerimiz, Y\u00f6netim Kurullar\u0131m\u0131z ve B\u00f6lge M\u00fcd\u00fcrl\u00fc\u011f\u00fc personelimiz ile \u00e7ok h\u0131zl\u0131 bir geli\u015fim g\u00f6stererek yeni sanayi alanlar\u0131n\u0131 yat\u0131r\u0131mc\u0131lar\u0131m\u0131za kazand\u0131rarak \u00fclkemize ve b\u00f6lgemize katk\u0131da bulunmaya \u00e7al\u0131\u015f\u0131yoruz. 3. B\u00f6lge belki de T\u00fcrkiye&#8217;nin en h\u0131zl\u0131 hizmete a\u00e7\u0131lan OSB&#8217;si oldu. Burada hedefimiz 5 bin istihdamd\u0131. Fakat \u015fu an 3. B\u00f6lgemizde yer alan bir beyaz e\u015fya fabrikam\u0131zda 6 bin ki\u015fi istihdam edilecek. Bu Mersin i\u00e7in \u00e7ok \u00f6nemli bir rakam. Ba\u015fta Say\u0131n Bakan\u0131m\u0131z L\u00fctfi Elvan olmak \u00fczere eme\u011fi ge\u00e7en herkese sonsuz te\u015fekk\u00fcrlerimi sunuyorum&#8217; dedi.<\/p>\n<p>&#8216;MTOSB&#8217;DEN DAHA \u00c7OK SANAY\u0130 ALANI BEKL\u0130YORUZ&#8217;<\/p>\n<p>Hazine ve Maliye Eski Bakan\u0131 L\u00fctfi Elvan ise yapt\u0131\u011f\u0131 konu\u015fmada, &#8216;Hangi i\u015fi yaparsan\u0131z yap\u0131n alt yap\u0131s\u0131 sa\u011flam olmayan bir i\u015fin ba\u015far\u0131l\u0131 olmas\u0131n\u0131 bekleyemezsiniz. Biz de Mersin&#8217;de ger\u00e7ekle\u015ftirdi\u011fimiz \u00e7al\u0131\u015fmalar ile Mersin&#8217;in alt yap\u0131s\u0131n\u0131 sa\u011flamla\u015ft\u0131rd\u0131k. Kentin her yerinde bakanl\u0131klar\u0131m\u0131z taraf\u0131ndan ger\u00e7ekle\u015ftirilen \u00e7al\u0131\u015fmalar var. Mersin art\u0131k altyap\u0131 \u00e7al\u0131\u015fmalar\u0131n\u0131 tamamlad\u0131 diyebiliriz. Bundan sonraki s\u00fcre\u00e7te art\u0131k \u015fahlanma zaman\u0131, kalk\u0131nma zaman\u0131. Mersin i\u00e7in daha yolun ba\u015f\u0131nday\u0131z diyebiliriz. \u00c7ukurova B\u00f6lgesel Havaliman\u0131&#8217;nda sona gelindi. Depremden kaynakl\u0131 olarak orada \u00e7al\u0131\u015fan bir\u00e7ok i\u015f\u00e7imiz yak\u0131nlar\u0131n\u0131 kaybetti ve i\u015f g\u00fcc\u00fcnde d\u00fc\u015f\u00fc\u015f oldu. \u00d6n\u00fcm\u00fczdeki haftalarda test u\u00e7u\u015flar\u0131 ger\u00e7ekle\u015ftirilecek. En ge\u00e7 haziran ay\u0131 gibi de havaliman\u0131m\u0131z\u0131n a\u00e7\u0131lmas\u0131n\u0131 bekliyoruz. Kargo u\u00e7u\u015flar\u0131ndan dolay\u0131 havaliman\u0131m\u0131z\u0131n b\u00f6lge sanayicilerimize de katk\u0131 sunaca\u011f\u0131 g\u00f6r\u00fc\u015f\u00fcndeyiz. Mersin Liman\u0131 i\u015flem hacmi \u00e7ok y\u00fckseldi. Liman\u0131n da sanayimize b\u00fcy\u00fck katk\u0131 sa\u011flad\u0131\u011f\u0131n\u0131 biliyoruz. OSB&#8217;mizin otoyol ba\u011flant\u0131 yolu sorununu \u00e7\u00f6zd\u00fck. Mersin&#8217;e \u00e7ok ciddi yeni sanayi alanlar\u0131 kazand\u0131rd\u0131k. Bunlar\u0131 hep birlikte ger\u00e7ekle\u015ftirdik. \u015eimdi Sabri Tekli Ba\u015fkan, y\u00f6netim kurulu ve \u00e7al\u0131\u015fma arkada\u015flar\u0131ndan beklentimiz, \u015fu ana kadar geni\u015fleyen MTOSB yat\u0131r\u0131m alan\u0131 kadar b\u00fcy\u00fck bir OSB&#8217;yi Mersin&#8217;e kazand\u0131rmalar\u0131. \u00d6ylesine g\u00fc\u00e7l\u00fc ve b\u00fcy\u00fck bir OSB planlanmal\u0131 ki bug\u00fcne kadar yap\u0131lan OSB&#8217;lerin m2 alan\u0131na e\u015fit sahada bir yat\u0131r\u0131m alan\u0131n\u0131 ve g\u00fc\u00e7l\u00fc istihdam yap\u0131s\u0131n\u0131 Mersin&#8217;e kazand\u0131rmalar\u0131. Bunu da hep birlikte ger\u00e7ekle\u015ftirece\u011fiz&#8217; dedi.<\/p>\n<p>Toplant\u0131 sanayicilerin dileklerini iletti\u011fi konu\u015fmalar ile son buldu.<\/p>\n","protected":false},"excerpt":{"rendered":"<p>MTOSB Ba\u015fkan\u0131 Sabri Tekli, Y\u00f6netim Kurulu \u00dcyesi Seyfetullah I\u015f\u0131k, M\u00fcte\u015febbis Heyet \u00dcyesi Halil Demirkol, B\u00f6lge M\u00fcd\u00fcr\u00fc Halil Y\u0131lmaz ve \u00e7ok say\u0131da sanayici taraf\u0131ndan kar\u015f\u0131lanan Hazine ve Maliye Eski Bakan\u0131 L\u00fctfi &hellip; <a href=\"https:\/\/akdenizolaygazetesi.com\/?p=25502\" class=\"more-link\">Devam\u0131n\u0131 Oku&#8230;<\/a><\/p>\n","protected":false},"author":2,"featured_media":25503,"comment_status":"open","ping_status":"open","sticky":false,"template":"","format":"standard","meta":[],"categories":[2,3,6],"tags":[],"_links":{"self":[{"href":"https:\/\/akdenizolaygazetesi.com\/index.php?rest_route=\/wp\/v2\/posts\/25502"}],"collection":[{"href":"https:\/\/akdenizolaygazetesi.com\/index.php?rest_route=\/wp\/v2\/posts"}],"about":[{"href":"https:\/\/akdenizolaygazetesi.com\/index.php?rest_route=\/wp\/v2\/types\/post"}],"author":[{"embeddable":true,"href":"https:\/\/akdenizolaygazetesi.com\/index.php?rest_route=\/wp\/v2\/users\/2"}],"replies":[{"embeddable":true,"href":"https:\/\/akdenizolaygazetesi.com\/index.php?rest_route=%2Fwp%2Fv2%2Fcomments&post=25502"}],"version-history":[{"count":1,"href":"https:\/\/akdenizolaygazetesi.com\/index.php?rest_route=\/wp\/v2\/posts\/25502\/revisions"}],"predecessor-version":[{"id":25504,"href":"https:\/\/akdenizolaygazetesi.com\/index.php?rest_route=\/wp\/v2\/posts\/25502\/revisions\/25504"}],"wp:featuredmedia":[{"embeddable":true,"href":"https:\/\/akdenizolaygazetesi.com\/index.php?rest_route=\/wp\/v2\/media\/25503"}],"wp:attachment":[{"href":"https:\/\/akdenizolaygazetesi.com\/index.php?rest_route=%2Fwp%2Fv2%2Fmedia&parent=25502"}],"wp:term":[{"taxonomy":"category","embeddable":true,"href":"https:\/\/akdenizolaygazetesi.com\/index.php?rest_route=%2Fwp%2Fv2%2Fcategories&post=25502"},{"taxonomy":"post_tag","embeddable":true,"href":"https:\/\/akdenizolaygazetesi.com\/index.php?rest_route=%2Fwp%2Fv2%2Ftags&post=25502"}],"curies":[{"name":"wp","href":"https:\/\/api.w.org\/{rel}","templated":true}]}}