{"id":25505,"date":"2023-05-01T13:02:01","date_gmt":"2023-05-01T10:02:01","guid":{"rendered":"http:\/\/akdenizolaygazetesi.com\/?p=25505"},"modified":"2023-05-01T13:02:01","modified_gmt":"2023-05-01T10:02:01","slug":"akdeniz-belediye-baskani-gultak-1-mayis-bayramini-kutladi","status":"publish","type":"post","link":"https:\/\/akdenizolaygazetesi.com\/?p=25505","title":{"rendered":"AKDEN\u0130Z BELED\u0130YE BA\u015eKANI G\u00dcLTAK, 1 MAYIS BAYRAMI\u2019NI KUTLADI"},"content":{"rendered":"<p>Ba\u015fkan G\u00fcltak: \u20181 May\u0131s Emek ve Dayan\u0131\u015fma G\u00fcn\u00fc\u2019  dolay\u0131s\u0131yla yay\u0131nlad\u0131\u011f\u0131 kutlama mesaj\u0131nda, \u201cHak, her daim hak edene al\u0131n teri kurumadan verilmelidir. Bu nedenle her ko\u015ful ve \u015fart alt\u0131nda i\u015f\u00e7ilerimizin yan\u0131nday\u0131z\u201d dedi.<\/p>\n<p>Akdeniz Belediye Ba\u015fkan\u0131 M. Mustafa G\u00fcltak, 1 May\u0131s Emek ve Dayan\u0131\u015fma G\u00fcn\u00fc dolay\u0131s\u0131yla bir mesaj yay\u0131mlad\u0131. Mesaj\u0131nda, \u201c\u0130nsana ve eme\u011fe b\u00fcy\u00fck de\u011fer veren anlay\u0131\u015fla hareket ediyor; hakk\u0131 gecikmeksizin hak edene teslim ediyoruz\u201d diyen Ba\u015fkan G\u00fcltak; \u00dclkemizin en de\u011ferli sermayesi, sahip oldu\u011fu emek g\u00fcc\u00fcd\u00fcr. <\/p>\n<p>Zira \u00fclkelerin ekonomik g\u00fc\u00e7lenmesi ve halk\u0131n refah seviyesinin y\u00fckselmesinde, i\u015f\u00e7i kesiminin \u00e7ok b\u00fcy\u00fck eme\u011fi ve katk\u0131s\u0131n\u0131n oldu\u011fu bir ger\u00e7ektir. Nitekim gerek \u015fehrimizin, gerekse de \u00fclkemizin \u00e7ok daha m\u00fcreffeh, g\u00fczel ve mutlu yar\u0131nlara emin ve kararl\u0131 ad\u0131mlarla ilerlemesinde, i\u015f\u00e7ilerimizin al\u0131n terine, emeklerine \u015f\u00fcphesiz b\u00fcy\u00fck \u00f6l\u00e7\u00fcde ihtiyac\u0131m\u0131z vard\u0131r. <\/p>\n<p>Akdeniz Belediyesi olarak bizler de sosyal belediyecilik anlay\u0131\u015f\u0131 gere\u011fi; i\u015f\u00e7i ve emek\u00e7i karde\u015flerimizin her zaman yan\u0131nda yer al\u0131yoruz. \u00dclkemiz ve milletimiz i\u00e7in al\u0131n terini esirgemeyen, Akdeniz\u2019e hizmet yolundaki en b\u00fcy\u00fck g\u00fcc\u00fcm\u00fcz olan emek\u00e7i karde\u015flerimiz ba\u015fta olmak \u00fczere; i\u015fini eme\u011fiyle yapan t\u00fcm emek\u00e7ilerin \u20181 May\u0131s Emek ve Dayan\u0131\u015fma G\u00fcn\u00fc\u2019 kutlu olsun\u201d ifadelerini kulland\u0131.<\/p>\n","protected":false},"excerpt":{"rendered":"<p>Ba\u015fkan G\u00fcltak: \u20181 May\u0131s Emek ve Dayan\u0131\u015fma G\u00fcn\u00fc\u2019 dolay\u0131s\u0131yla yay\u0131nlad\u0131\u011f\u0131 kutlama mesaj\u0131nda, \u201cHak, her daim hak edene al\u0131n teri kurumadan verilmelidir. Bu nedenle her ko\u015ful ve \u015fart alt\u0131nda i\u015f\u00e7ilerimizin yan\u0131nday\u0131z\u201d &hellip; <a href=\"https:\/\/akdenizolaygazetesi.com\/?p=25505\" class=\"more-link\">Devam\u0131n\u0131 Oku&#8230;<\/a><\/p>\n","protected":false},"author":2,"featured_media":25506,"comment_status":"open","ping_status":"open","sticky":false,"template":"","format":"standard","meta":[],"categories":[2,3,5],"tags":[],"_links":{"self":[{"href":"https:\/\/akdenizolaygazetesi.com\/index.php?rest_route=\/wp\/v2\/posts\/25505"}],"collection":[{"href":"https:\/\/akdenizolaygazetesi.com\/index.php?rest_route=\/wp\/v2\/posts"}],"about":[{"href":"https:\/\/akdenizolaygazetesi.com\/index.php?rest_route=\/wp\/v2\/types\/post"}],"author":[{"embeddable":true,"href":"https:\/\/akdenizolaygazetesi.com\/index.php?rest_route=\/wp\/v2\/users\/2"}],"replies":[{"embeddable":true,"href":"https:\/\/akdenizolaygazetesi.com\/index.php?rest_route=%2Fwp%2Fv2%2Fcomments&post=25505"}],"version-history":[{"count":1,"href":"https:\/\/akdenizolaygazetesi.com\/index.php?rest_route=\/wp\/v2\/posts\/25505\/revisions"}],"predecessor-version":[{"id":25507,"href":"https:\/\/akdenizolaygazetesi.com\/index.php?rest_route=\/wp\/v2\/posts\/25505\/revisions\/25507"}],"wp:featuredmedia":[{"embeddable":true,"href":"https:\/\/akdenizolaygazetesi.com\/index.php?rest_route=\/wp\/v2\/media\/25506"}],"wp:attachment":[{"href":"https:\/\/akdenizolaygazetesi.com\/index.php?rest_route=%2Fwp%2Fv2%2Fmedia&parent=25505"}],"wp:term":[{"taxonomy":"category","embeddable":true,"href":"https:\/\/akdenizolaygazetesi.com\/index.php?rest_route=%2Fwp%2Fv2%2Fcategories&post=25505"},{"taxonomy":"post_tag","embeddable":true,"href":"https:\/\/akdenizolaygazetesi.com\/index.php?rest_route=%2Fwp%2Fv2%2Ftags&post=25505"}],"curies":[{"name":"wp","href":"https:\/\/api.w.org\/{rel}","templated":true}]}}