{"id":25508,"date":"2023-05-02T12:50:41","date_gmt":"2023-05-02T09:50:41","guid":{"rendered":"http:\/\/akdenizolaygazetesi.com\/?p=25508"},"modified":"2023-05-02T12:50:41","modified_gmt":"2023-05-02T09:50:41","slug":"mersin-buyuksehirden-silifkeli-ureticiye-50-bin-adet-ada-cayi-fidesi","status":"publish","type":"post","link":"https:\/\/akdenizolaygazetesi.com\/?p=25508","title":{"rendered":"MERS\u0130N B\u00dcY\u00dcK\u015eEH\u0130R&#8217;DEN S\u0130L\u0130FKEL\u0130 \u00dcRET\u0130C\u0130YE 50 B\u0130N ADET ADA \u00c7AYI F\u0130DES\u0130"},"content":{"rendered":"<p>Mersin B\u00fcy\u00fck\u015fehir Belediyesi&#8217;nin ge\u00e7ti\u011fimiz y\u0131l ilk kez Silifke&#8217;de da\u011f\u0131t\u0131m\u0131n\u0131 ger\u00e7ekle\u015ftirdi\u011fi ada \u00e7ay\u0131 fidesi, verimi ile \u00fcreticiye umut oldu. Ayn\u0131 projeyi bu y\u0131l da s\u00fcrd\u00fcren B\u00fcy\u00fck\u015fehir Belediyesi, &#8216;Ada \u00c7ay\u0131 Fidesi Da\u011f\u0131t\u0131m Projesi&#8217; kapsam\u0131nda, yeni fideleri yeni \u00fcreticilerle bulu\u015fturdu.<br \/>\nB\u00fcy\u00fck\u015fehir Belediyesi, Silifke&#8217;ye ba\u011fl\u0131 Ovac\u0131k, Ye\u011fenli, \u00c7alt\u0131bozk\u0131r, Kavak, K\u0131robas\u0131, Burunucu, I\u015f\u0131kl\u0131, U\u015fakp\u0131nar\u0131 ve \u00d6zt\u00fcrkmenli mahallelerinden 7&#8217;si kad\u0131n 25 \u00fcreticiye, y\u00fczde 100 hibeli olarak 50 bin ada \u00e7ay\u0131 fidesi da\u011f\u0131t\u0131m\u0131 ger\u00e7ekle\u015ftirdi.<br \/>\nProje ile \u00fcreticileri alternatif tar\u0131m \u00fcr\u00fcn\u00fc yeti\u015ftirmeye te\u015fvik eden B\u00fcy\u00fck\u015fehir Belediyesi, \u00fcreticilerin katma de\u011feri y\u00fcksek t\u0131bbi ve aromatik bitkilerin \u00fcretimi ile daha fazla gelir elde etmesini sa\u011fl\u0131yor. Proje sayesinde 25 dekar alan\u0131n tar\u0131ma kazand\u0131r\u0131lmas\u0131n\u0131 sa\u011flayan B\u00fcy\u00fck\u015fehir Belediyesi, Silifke il\u00e7esinin \u00fcr\u00fcn \u00e7e\u015fitlili\u011finin artmas\u0131na da katk\u0131 sunuyor.<br \/>\n\u00dcreticiler tek fideden bir\u00e7ok \u00fcr\u00fcn elde edebiliyor<br \/>\nFonksiyonel g\u0131da, baharat, bitkisel \u00e7ay, ila\u00e7, kozmetik ve parf\u00fcmeri sanayiinde de\u011ferlendirilen ve T\u00fcrkiye&#8217;de bir\u00e7ok t\u00fcr\u00fcn\u00fcn endemik olarak yeti\u015fti\u011fi ada \u00e7ay\u0131, t\u00fcr\u00fcn\u00fcn korunmas\u0131 ve \u00fcretimin art\u0131r\u0131lmas\u0131 a\u00e7\u0131s\u0131ndan \u00f6nem ta\u015f\u0131yan bir bitki.<br \/>\nAda \u00e7ay\u0131 fidesi deste\u011fi ile \u00fcreticiler hem ada \u00e7ay\u0131n\u0131n yapra\u011f\u0131n\u0131 bitki \u00e7ay\u0131 olarak direkt t\u00fcketime sunabilecek, hem de b\u00f6lgedeki i\u015fleme tesisi \u00fcniteleri sayesinde ada \u00e7ay\u0131 esansiyel ya\u011f\u0131 olarak de\u011ferlendirebilecek. \u00dcreticiler; ilk y\u0131l iste\u011fe ba\u011fl\u0131 olarak yaz sonu itibar\u0131 ile bir hasat yapabilirken, ikinci y\u0131ldan itibaren ilkbahar sonu ve yaz sonu olmak \u00fczere y\u0131lda 2 hasat yapabiliyor. Her hasatta dekarda 130-260 kilogram aras\u0131nda yaprak verimi al\u0131n\u0131rken, dekarda 1,5-3 lt esansiyel ya\u011f elde edilebiliyor.<br \/>\nG\u00f6k: &#8220;25 \u00fcreticimize 50 bin adet ada \u00e7ay\u0131 fidesi deste\u011fi veriyoruz&#8221;<br \/>\nTar\u0131msal Hizmetler Dairesi Ba\u015fkanl\u0131\u011f\u0131&#8217;nda G\u0131da M\u00fchendisi olarak g\u00f6rev yapan \u00d6zlem G\u00f6k, Ada \u00c7ay\u0131 Fidesi Projesi&#8217;nin detaylar\u0131n\u0131 anlatt\u0131. Meyve, sebze ya da \u00f6rt\u00fc alt\u0131 \u00fcreticili\u011fi yap\u0131lmayan alanlarda, ada \u00e7ay\u0131 \u00fcretimi yap\u0131lmas\u0131n\u0131 te\u015fvik etmeyi ve alternatif \u00fcr\u00fcn kazand\u0131rmay\u0131 ama\u00e7lad\u0131klar\u0131n\u0131 belirten G\u00f6k, &#8220;Ge\u00e7en y\u0131l ilkini yapt\u0131\u011f\u0131m\u0131z projeye, bu y\u0131l ikincisi ile devam ediyoruz. Bu kapsamda da bu sene Silifke il\u00e7emizde 9 mahallede, 7&#8217;si kad\u0131n olmak \u00fczere 25 \u00fcreticimize, y\u00fczde 100 hibeli olarak 50 bin adet ada \u00e7ay\u0131 fidesi deste\u011fi veriyoruz&#8221; dedi.<br \/>\n\u00dcreticilerin, verilen fidelerle y\u0131lda 2 kez hasat yapabileceklerine vurgu yapan G\u00f6k, &#8220;\u00dcreticilerimiz ilk y\u0131l tek hasat yapabilecekleri gibi, ikinci y\u0131ldan itibaren bahar sonunda ve yaz sonunda yapacaklar\u0131 iki hasatla, elde ettikleri \u00fcr\u00fcnlerini direkt bitki \u00e7ay\u0131 veya i\u015fleme tesisleri sayesinde esansiyel ada \u00e7ay\u0131 ya\u011f\u0131 olarak de\u011ferlendirebilecek ve pazara sunabilecekler&#8221; diye konu\u015ftu.<br \/>\nAda \u00e7ay\u0131n\u0131n b\u00f6lgeye uyum sa\u011flad\u0131\u011f\u0131n\u0131 ve \u00fcreticilerin olduk\u00e7a memnun oldu\u011funu belirten G\u00f6k, &#8220;Ge\u00e7en sene Silifke il\u00e7esindeki 4 mahallede 800-1200 rak\u0131m aral\u0131\u011f\u0131ndaki \u00fcreticilerimizle, demonstrasyon \u00e7al\u0131\u015fmas\u0131 geli\u015ftirdik ve ada \u00e7ay\u0131n\u0131n b\u00f6lgeye adaptasyon sa\u011flad\u0131\u011f\u0131n\u0131, \u00fcreticilerimizin verim alabildiklerini g\u00f6rd\u00fc\u011f\u00fcm\u00fcz i\u00e7in, bu sene projemize ikincisi ile devam etmeye karar verdik&#8221; dedi.<br \/>\n&#8220;Ada \u00e7ay\u0131n\u0131 \u00e7ok sevdik&#8221;<br \/>\nOvac\u0131k Mahallesi&#8217;nde ya\u015fayan ve aromatik bitkilerden u\u00e7ucu ya\u011flar \u00fcreten Fatma Ayd\u0131n, ikinci kez ada \u00e7ay\u0131 fidesi alan \u00fcreticilerden. Ayd\u0131n, ge\u00e7ti\u011fimiz y\u0131l yapt\u0131\u011f\u0131 \u00fcretimi de\u011ferlendirerek, &#8220;Bence muhte\u015fem, \u00e7\u00fcnk\u00fc biz ada \u00e7ay\u0131n\u0131 normalde 2 defa kesmemiz gerekirken, ge\u00e7en y\u0131l ben d\u00f6rt defa hasat yapt\u0131m. Ada \u00e7ay\u0131, dikilmi\u015f olan b\u00f6lgeyi \u00e7ok sevdi ve \u015fu anda tekrardan \u00e7i\u00e7ek a\u00e7t\u0131. Ya\u011f\u0131n\u0131 yapt\u0131k, kuru olarak yapra\u011f\u0131n\u0131n sat\u0131\u015f\u0131n\u0131 yapt\u0131k. Ya\u011f\u0131n\u0131 \u00e7\u0131kard\u0131\u011f\u0131m\u0131z posalar\u0131n ihracat\u0131n\u0131 yapt\u0131k ve satt\u0131k. T\u00fcts\u00fc olarak ve esans olarak mumlarda kulland\u0131k. Muhte\u015fem bir \u015fey. Ada \u00e7ay\u0131n\u0131 \u00e7ok sevdik, ada \u00e7ay\u0131 da bizi sevdi&#8221; dedi.<br \/>\nMersin B\u00fcy\u00fck\u015fehir Belediyesi&#8217;nin desteklerini de de\u011ferlendiren Ayd\u0131n, &#8220;\u00c7ok memnunum bu konuda. Ben giri\u015fimci kad\u0131n olarak bu i\u015fe ba\u015flad\u0131m ve B\u00fcy\u00fck\u015fehir de arkamdayd\u0131. Allah raz\u0131 olsun kendilerinden. \u00d6zellikle Meral han\u0131ma, biz kad\u0131nlar\u0131n arkas\u0131nda durdu\u011fu i\u00e7in \u00e7ok te\u015fekk\u00fcr ediyorum&#8221; diye konu\u015ftu.<br \/>\n&#8220;Bizler i\u00e7in \u00e7ok b\u00fcy\u00fck bir nimet&#8221;<br \/>\nBurunucu Mahallesi&#8217;nde ya\u015fayan Hamdi Atalay da ilk kez ada \u00e7ay\u0131 fidesi alan \u00fcreticilerden. Atalay, &#8220;Bence gayet g\u00fczel bir yakla\u015f\u0131m. Lavanta da\u011f\u0131t\u0131m\u0131 olmu\u015f. Biz ona yeti\u015femedik, k\u0131smet buna oldu. Bununla ba\u015flang\u0131\u00e7 yapaca\u011f\u0131z. Halk\u0131m\u0131z i\u00e7in, bizler i\u00e7in \u00e7ok b\u00fcy\u00fck bir nimet. Sonu\u00e7ta bunlar\u0131 kimse bir araya getirip bulam\u0131yor. Al\u0131m garantili oldu\u011fu i\u00e7in, o y\u00f6nden \u00e7ok g\u00fczel&#8221; ifadelerini kulland\u0131.<br \/>\nAda \u00e7ay\u0131 fidelerini 2 alanda kullanacaklar\u0131n\u0131 ifade eden Atalay, &#8220;Biz bir de ar\u0131c\u0131l\u0131k i\u00e7in ekiyoruz. Ar\u0131m\u0131z\u0131 da yan\u0131na koyaca\u011f\u0131z. K\u0131smetse seneye b\u00fcy\u00fctece\u011fiz. Ayn\u0131 anda hem tar\u0131m, hem de ar\u0131 i\u00e7in kullan\u0131yoruz. \u015eu an bizler i\u00e7in \u00e7ok b\u00fcy\u00fck bir destek. Haz\u0131r fide bulmak, yeti\u015ftirmek kolay de\u011fil&#8221; diye belirtti.<br \/>\n&#8220;Ada \u00e7ay\u0131 bir yenilik olacak bizim i\u00e7in&#8221;<br \/>\n\u00c7alt\u0131bozk\u0131r Derne\u011fi Ba\u015fkan\u0131 Mehmet As\u0131m \u00d6z\u00e7al\u0131k, emekli olduktan sonra k\u00f6y\u00fcne yerle\u015fti\u011fini ve tar\u0131msal alanda \u00fcreticilere destek verdi\u011fini kaydetti. B\u00fcy\u00fck\u015fehir Belediyesi&#8217;nin \u00fcretim noktas\u0131nda her alanda yanlar\u0131nda oldu\u011funu ifade eden \u00d6z\u00e7al\u0131k, &#8220;Mersin B\u00fcy\u00fck\u015fehir Belediyemiz, ba\u015fta Ba\u015fkan\u0131m\u0131z Vahap Se\u00e7er ve k\u0131ymetli e\u015fleri, y\u00f6remizde iz b\u0131rakan insanlar oldular. Biz kendisine \u00e7ok te\u015fekk\u00fcr ediyoruz. Birka\u00e7 y\u0131ldan bu yana y\u00fcz binlerce lavanta fidesi ald\u0131k, yeti\u015ftirdik. Bir taraftan da\u011f\u0131t\u0131m\u0131n\u0131, bir taraftan dikimini yap\u0131yoruz. Ada \u00e7ay\u0131 da bizim i\u00e7in bir yenilik olacak. \u0130n\u015fallah ge\u00e7en y\u0131llarda alm\u0131\u015f oldu\u011fumuz bir miktar ada \u00e7ay\u0131n\u0131, bu defa daha da geli\u015ftirerek daha geni\u015f sahalarda dikece\u011fiz. Ayr\u0131ca bize vermi\u015f olduklar\u0131 bir destilasyon tesisi var. O tesiste de ya\u011f\u0131n\u0131 \u00e7\u0131kar\u0131yoruz, \u00e7ok ho\u015f ve tercih edilen bir ya\u011f&#8221; dedi.<br \/>\nBu y\u0131l ada \u00e7ay\u0131 fidesi alan \u00fcretici \u015eadiye \u00c7al\u0131ko\u011flu, B\u00fcy\u00fck\u015fehir Belediyesi&#8217;nin desteklerini de\u011ferlendirerek, &#8220;\u00c7ok be\u011feniyorum. Vahap Bey de Meral Han\u0131m da hep bizim yan\u0131m\u0131zda, memnunuz&#8221; diye konu\u015ftu.<br \/>\nYe\u011fenli k\u00f6y\u00fcnde \u00e7ift\u00e7ilik yapan Ahmet Ak da, &#8220;\u0130lk defa deneyece\u011fiz. \u0130n\u015fallah iyi olur. K\u00f6y\u00fcm\u00fcze bir katk\u0131s\u0131 olur. Maddi olarak da bir umudumuz var. \u0130n\u015fallah ba\u015far\u0131l\u0131 oluruz ve devam\u0131 gelir&#8221; ifadelerini kulland\u0131.<\/p>\n","protected":false},"excerpt":{"rendered":"<p>Mersin B\u00fcy\u00fck\u015fehir Belediyesi&#8217;nin ge\u00e7ti\u011fimiz y\u0131l ilk kez Silifke&#8217;de da\u011f\u0131t\u0131m\u0131n\u0131 ger\u00e7ekle\u015ftirdi\u011fi ada \u00e7ay\u0131 fidesi, verimi ile \u00fcreticiye umut oldu. Ayn\u0131 projeyi bu y\u0131l da s\u00fcrd\u00fcren B\u00fcy\u00fck\u015fehir Belediyesi, &#8216;Ada \u00c7ay\u0131 Fidesi Da\u011f\u0131t\u0131m &hellip; <a href=\"https:\/\/akdenizolaygazetesi.com\/?p=25508\" class=\"more-link\">Devam\u0131n\u0131 Oku&#8230;<\/a><\/p>\n","protected":false},"author":2,"featured_media":25509,"comment_status":"open","ping_status":"open","sticky":false,"template":"","format":"standard","meta":[],"categories":[2,3],"tags":[],"_links":{"self":[{"href":"https:\/\/akdenizolaygazetesi.com\/index.php?rest_route=\/wp\/v2\/posts\/25508"}],"collection":[{"href":"https:\/\/akdenizolaygazetesi.com\/index.php?rest_route=\/wp\/v2\/posts"}],"about":[{"href":"https:\/\/akdenizolaygazetesi.com\/index.php?rest_route=\/wp\/v2\/types\/post"}],"author":[{"embeddable":true,"href":"https:\/\/akdenizolaygazetesi.com\/index.php?rest_route=\/wp\/v2\/users\/2"}],"replies":[{"embeddable":true,"href":"https:\/\/akdenizolaygazetesi.com\/index.php?rest_route=%2Fwp%2Fv2%2Fcomments&post=25508"}],"version-history":[{"count":1,"href":"https:\/\/akdenizolaygazetesi.com\/index.php?rest_route=\/wp\/v2\/posts\/25508\/revisions"}],"predecessor-version":[{"id":25510,"href":"https:\/\/akdenizolaygazetesi.com\/index.php?rest_route=\/wp\/v2\/posts\/25508\/revisions\/25510"}],"wp:featuredmedia":[{"embeddable":true,"href":"https:\/\/akdenizolaygazetesi.com\/index.php?rest_route=\/wp\/v2\/media\/25509"}],"wp:attachment":[{"href":"https:\/\/akdenizolaygazetesi.com\/index.php?rest_route=%2Fwp%2Fv2%2Fmedia&parent=25508"}],"wp:term":[{"taxonomy":"category","embeddable":true,"href":"https:\/\/akdenizolaygazetesi.com\/index.php?rest_route=%2Fwp%2Fv2%2Fcategories&post=25508"},{"taxonomy":"post_tag","embeddable":true,"href":"https:\/\/akdenizolaygazetesi.com\/index.php?rest_route=%2Fwp%2Fv2%2Ftags&post=25508"}],"curies":[{"name":"wp","href":"https:\/\/api.w.org\/{rel}","templated":true}]}}