{"id":25511,"date":"2023-05-02T12:51:59","date_gmt":"2023-05-02T09:51:59","guid":{"rendered":"http:\/\/akdenizolaygazetesi.com\/?p=25511"},"modified":"2023-05-02T12:51:59","modified_gmt":"2023-05-02T09:51:59","slug":"buyuksehirden-gonulden-gonule-konser","status":"publish","type":"post","link":"https:\/\/akdenizolaygazetesi.com\/?p=25511","title":{"rendered":"B\u00dcY\u00dcK\u015eEH\u0130R&#8217;DEN &#8216;G\u00d6N\u00dcLDEN G\u00d6N\u00dcLE&#8217; KONSER"},"content":{"rendered":"<p>Mersin B\u00fcy\u00fck\u015fehir Belediyesi K\u00fclt\u00fcr ve Sosyal \u0130\u015fler Dairesi Ba\u015fkanl\u0131\u011f\u0131 b\u00fcnyesinde bulunan T\u00fcrk M\u00fczi\u011fi Toplulu\u011fu &#8216;G\u00f6n\u00fclden G\u00f6n\u00fcle&#8217; mottosuyla harika bir konsere imza att\u0131.<br \/>\nYak\u0131n zamanda ya\u015fanan deprem felaketi nedeniyle k\u00fclt\u00fcr sanat etkinliklerine bir s\u00fcre ara veren Mersin B\u00fcy\u00fck\u015fehir Belediyesi, sanat\u0131n iyile\u015ftirici g\u00fcc\u00fcnden yola \u00e7\u0131karak etkinliklerine kald\u0131\u011f\u0131 yerden devam ediyor. Bu ba\u011flamda Kongre ve Sergi Saray\u0131&#8217;nda ger\u00e7ekle\u015ftirilen ve  T\u00fcrk Halk M\u00fczi\u011fi&#8217;nin birbirinden g\u00fczel eserlerinin seslendirildi\u011fi konsere vatanda\u015flar\u0131n ilgisi yo\u011fundu.<br \/>\n30 ki\u015filik g\u00fc\u00e7l\u00fc bir ekip<br \/>\n\u015eefli\u011fini Erdal Ko\u015far&#8217;\u0131n yapt\u0131\u011f\u0131, Filiz Ko\u00e7ak, Cengiz \u0130\u015fleyen, Zeynep \u00d6zel, \u015eaban Soyac\u0131man, \u00d6zge \u00c7abuk, G\u00fcney \u00d6zdemir ve \u00c7i\u011fdem Akdo\u011fan&#8217;\u0131n solist oldu\u011fu konserde yakla\u015f\u0131k 30 ki\u015filik g\u00fc\u00e7l\u00fc bir ekip sahnedeydi. Ayr\u0131l\u0131k, Bu Gala Da\u015fl\u0131 Gala, Nesini S\u00f6yleyim Can\u0131m Efendim, Da\u011flar Da\u011flad\u0131 Beni, Uzaklar\u0131n T\u00fcrk\u00fcs\u00fc ve Alt\u0131n Y\u00fcz\u00fc\u011f\u00fcm K\u0131r\u0131ld\u0131 ba\u015fta olmak \u00fczere 18 eserin seslendirildi\u011fi konserde vatanda\u015flar olduk\u00e7a keyifli vakit ge\u00e7irdi.<br \/>\nG\u00f6kayaz: &#8220;Bir\u00e7ok farkl\u0131 etkinliklerde bir araya gelece\u011fiz&#8221;<br \/>\nGer\u00e7ekle\u015ftirilen konserin B\u00fcy\u00fck\u015fehir Belediyesi sanat topluluklar\u0131n\u0131n iyi noktalara ula\u015ft\u0131\u011f\u0131n\u0131n g\u00f6stergesi oldu\u011funu s\u00f6yleyen Mersin B\u00fcy\u00fck\u015fehir Belediyesi Genel Sekreter Yard\u0131mc\u0131s\u0131 Serdal G\u00f6kayaz, &#8220;Bu ge\u00e7en s\u00fcre i\u00e7erisinde biz de \u00f6zellikle sanat topluluklar\u0131m\u0131z\u0131n altyap\u0131s\u0131n\u0131 geli\u015ftirmek i\u00e7in b\u00fcy\u00fck bir \u00e7aba sarf ettik ve bug\u00fcn g\u00f6r\u00fcyoruz ki ger\u00e7ekten sanat topluluklar\u0131m\u0131z iyi bir noktaya gelmi\u015f. Bu bize bundan sonras\u0131nda bir\u00e7ok farkl\u0131 proje ortaya koymak i\u00e7in bir \u0131\u015f\u0131k veriyor. Bundan sonraki s\u00fcre\u00e7lerde bir\u00e7ok farkl\u0131 etkinliklerde bir araya gelece\u011fimizi umuyoruz. Bunun i\u00e7in \u00e7al\u0131\u015fmalar\u0131m\u0131z\u0131 devam ettirece\u011fiz&#8221; dedi.<br \/>\n\u00d6zd\u00fclger: &#8220;Sanat\u0131n, m\u00fczi\u011fin \u015fifaland\u0131rd\u0131\u011f\u0131 noktadan yola \u00e7\u0131k\u0131yoruz&#8221;<br \/>\nK\u00fclt\u00fcr ve Sosyal \u0130\u015fler Dairesi Ba\u015fkanl\u0131\u011f\u0131 Koordinat\u00f6r\u00fc ve Opera Sanat\u00e7\u0131s\u0131 Bengi \u0130spir \u00d6zd\u00fclger, deprem nedeniyle ara verdikleri etkinliklere sanatin iyile\u015ftirici g\u00fcc\u00fcnden yola \u00e7\u0131karak yeniden devam ettiklerini s\u00f6yledi. \u00d6zd\u00fclger, &#8220;Deprem felaketi sebebiyle ac\u0131m\u0131z b\u00fcy\u00fck ama bu ac\u0131y\u0131 bir arada, bu g\u00fczel konserleri yaparak sanatla iyile\u015ftirece\u011fiz. Bu birliktelik sayesinde iyile\u015fece\u011fiz. Sanat\u0131n, m\u00fczi\u011fin \u015fifaland\u0131rd\u0131\u011f\u0131 noktadan yola \u00e7\u0131k\u0131yoruz ve bunlar\u0131 s\u0131kl\u0131kla yaparak bu \u015fifay\u0131 herkese da\u011f\u0131tmak istiyoruz&#8221; dedi.<br \/>\nKonserin olduk\u00e7a g\u00fczel ge\u00e7ti\u011fini s\u00f6zlerine ekleyen \u00d6zd\u00fclger, &#8220;Arkada\u015flar\u0131m\u0131z\u0131n performans\u0131 da \u00e7ok iyiydi. \u00c7ok g\u00fczel bir seyirciyle, co\u015fkulu bir konser oldu. Daha nice konserleri bir arada ya\u015famak dile\u011fiyle diyoruz ve herkesi konserlerimize, bu etkinliklerimize bekliyoruz. Sanatla, bizimle birlikte olmalar\u0131n\u0131 istiyoruz&#8221; diye konu\u015ftu.<br \/>\nY\u0131lmaz: &#8220;Yaralar\u0131m\u0131z\u0131 sanat\u0131n \u015fifas\u0131yla sararak iyile\u015fmemiz laz\u0131m&#8221;<br \/>\nKonseri de\u011ferlendiren Genel Sanat Y\u00f6netmeni Mehmet Y\u0131lmaz da &#8220;Aylar sonra yeniden i\u015fimizi yap\u0131yor olmak keyifli. Sanat\u0131n iyile\u015ftiricili\u011fini \u00f6ne \u00e7\u0131kararak normalle\u015fmeye \u00e7al\u0131\u015fmak gerekiyor. Ulus\u00e7a hem unutmadan hem de yaralar\u0131m\u0131z\u0131 sanat\u0131n \u015fifas\u0131yla sararak iyile\u015fmemiz laz\u0131m. Mersin  B\u00fcy\u00fck\u015fehir Belediyesi de bu konuyu \u00e7ok \u00f6nemli bir \u015fekilde ele al\u0131yor. Sosyal belediyecili\u011fin olmas\u0131 gerekti\u011fi gibi yap\u0131ld\u0131\u011f\u0131n\u0131 d\u00fc\u015f\u00fcn\u00fcyorum. Sanat, di\u011fer etkinlikler ve faaliyetler yoluyla deprem felaketinden uzakla\u015fma ve iyile\u015fme i\u015fini \u00e7ok muntazam yerine getiriyor&#8221; ifadelerini kulland\u0131.<br \/>\n&#8220;\u00c7ok g\u00fczel bir konserdi. Orkestra harika&#8221;<br \/>\nKonseri dinlemeye gelen vatanda\u015flardan L\u00fctf\u00fc Ayd\u0131ner, &#8220;\u00c7ok g\u00fczel bir konserdi. \u00c7ok mutluyuz ve harika bir orkestra. Yeni mi kuruldu bilmiyorum ama bize \u00e7ok g\u00fczel bir gece ya\u015fatt\u0131lar. \u00c7ok te\u015fekk\u00fcr ediyoruz&#8221; dedi<br \/>\n&#8220;Harika bir geceydi&#8221;<br \/>\nBu t\u00fcr konserlerin s\u0131k s\u0131k olmas\u0131n\u0131 diledi\u011fini s\u00f6yleyen Selami \u00d6ngel ise konseri de\u011ferlendirerek, &#8220;S\u00fcper, her \u015feyeyiyle harika. Bunu organize eden ba\u015fta B\u00fcy\u00fck\u015fehir Belediye Ba\u015fkan\u0131m\u0131z olmak \u00fczere herkese \u00e7ok te\u015fekk\u00fcr ederim. S\u0131k s\u0131k b\u00f6yle sosyal etkinliklerin olmas\u0131n\u0131 dilerim. Harika bir geceydi&#8221; ifadelerini kulland\u0131.<\/p>\n","protected":false},"excerpt":{"rendered":"<p>Mersin B\u00fcy\u00fck\u015fehir Belediyesi K\u00fclt\u00fcr ve Sosyal \u0130\u015fler Dairesi Ba\u015fkanl\u0131\u011f\u0131 b\u00fcnyesinde bulunan T\u00fcrk M\u00fczi\u011fi Toplulu\u011fu &#8216;G\u00f6n\u00fclden G\u00f6n\u00fcle&#8217; mottosuyla harika bir konsere imza att\u0131. Yak\u0131n zamanda ya\u015fanan deprem felaketi nedeniyle k\u00fclt\u00fcr sanat &hellip; <a href=\"https:\/\/akdenizolaygazetesi.com\/?p=25511\" class=\"more-link\">Devam\u0131n\u0131 Oku&#8230;<\/a><\/p>\n","protected":false},"author":2,"featured_media":25512,"comment_status":"open","ping_status":"open","sticky":false,"template":"","format":"standard","meta":[],"categories":[2,3,5],"tags":[],"_links":{"self":[{"href":"https:\/\/akdenizolaygazetesi.com\/index.php?rest_route=\/wp\/v2\/posts\/25511"}],"collection":[{"href":"https:\/\/akdenizolaygazetesi.com\/index.php?rest_route=\/wp\/v2\/posts"}],"about":[{"href":"https:\/\/akdenizolaygazetesi.com\/index.php?rest_route=\/wp\/v2\/types\/post"}],"author":[{"embeddable":true,"href":"https:\/\/akdenizolaygazetesi.com\/index.php?rest_route=\/wp\/v2\/users\/2"}],"replies":[{"embeddable":true,"href":"https:\/\/akdenizolaygazetesi.com\/index.php?rest_route=%2Fwp%2Fv2%2Fcomments&post=25511"}],"version-history":[{"count":1,"href":"https:\/\/akdenizolaygazetesi.com\/index.php?rest_route=\/wp\/v2\/posts\/25511\/revisions"}],"predecessor-version":[{"id":25513,"href":"https:\/\/akdenizolaygazetesi.com\/index.php?rest_route=\/wp\/v2\/posts\/25511\/revisions\/25513"}],"wp:featuredmedia":[{"embeddable":true,"href":"https:\/\/akdenizolaygazetesi.com\/index.php?rest_route=\/wp\/v2\/media\/25512"}],"wp:attachment":[{"href":"https:\/\/akdenizolaygazetesi.com\/index.php?rest_route=%2Fwp%2Fv2%2Fmedia&parent=25511"}],"wp:term":[{"taxonomy":"category","embeddable":true,"href":"https:\/\/akdenizolaygazetesi.com\/index.php?rest_route=%2Fwp%2Fv2%2Fcategories&post=25511"},{"taxonomy":"post_tag","embeddable":true,"href":"https:\/\/akdenizolaygazetesi.com\/index.php?rest_route=%2Fwp%2Fv2%2Ftags&post=25511"}],"curies":[{"name":"wp","href":"https:\/\/api.w.org\/{rel}","templated":true}]}}