{"id":25521,"date":"2023-05-02T12:56:13","date_gmt":"2023-05-02T09:56:13","guid":{"rendered":"http:\/\/akdenizolaygazetesi.com\/?p=25521"},"modified":"2023-05-02T12:56:13","modified_gmt":"2023-05-02T09:56:13","slug":"guler-sabanciya-japonya-buyukelcisi-odulu-takdim-edildi","status":"publish","type":"post","link":"https:\/\/akdenizolaygazetesi.com\/?p=25521","title":{"rendered":"G\u00fcler Sabanc\u0131\u2019ya Japonya B\u00fcy\u00fckel\u00e7isi \u00d6d\u00fcl\u00fc Takdim Edildi"},"content":{"rendered":"<p>T\u00fcrkiye&#8217;de g\u00f6rev s\u00fcresi sona eren Japonya&#8217;n\u0131n Ankara B\u00fcy\u00fckel\u00e7isi Kazuhiro Suzuki&#8217;ye veda t\u00f6reni d\u00fczenlendi. T\u00f6rende Sabanc\u0131 Holding Y\u00f6netim Kurulu Ba\u015fkan\u0131 ve Sabanc\u0131 Vakf\u0131 M\u00fctevelli Heyeti Ba\u015fkan\u0131 G\u00fcler Sabanc\u0131\u2019ya Japonya B\u00fcy\u00fckel\u00e7isi \u00d6d\u00fcl\u00fc takdim edildi. G\u00fcler Sabanc\u0131, \u201cB\u00fcy\u00fck bir ba\u015far\u0131yla s\u00fcrd\u00fcrd\u00fc\u011f\u00fcm\u00fcz i\u015f birli\u011fimizde \u00f6nemli pay\u0131 olan Say\u0131n B\u00fcy\u00fckel\u00e7i Kazuhiro\u2019ya, T\u00fcrkiye\u2019de ge\u00e7irdi\u011fi s\u00fcre boyunca ger\u00e7ekle\u015ftirdi\u011fi \u00e7al\u0131\u015fmalar\u0131 i\u00e7in te\u015fekk\u00fcr ediyorum. Kendisine Avustralya\u2019daki yeni yolculu\u011funda ba\u015far\u0131lar diliyorum.\u201d dedi.<\/p>\n<p>Sabanc\u0131 Holding Y\u00f6netim Kurulu Ba\u015fkan\u0131 ve Sabanc\u0131 Vakf\u0131 M\u00fctevelli Heyeti Ba\u015fkan\u0131 G\u00fcler Sabanc\u0131, Japonya B\u00fcy\u00fckel\u00e7ilik Rezidans\u0131\u2019nda d\u00fczenlenen Japonya\u2019n\u0131n Ankara B\u00fcy\u00fckel\u00e7isi Kazuhiro Suzuki\u2019nin veda t\u00f6renine kat\u0131ld\u0131. <\/p>\n<p>T\u00f6rende konu\u015fma ger\u00e7ekle\u015ftiren B\u00fcy\u00fckel\u00e7i Suzuki, G\u00fcler Sabanc\u0131&#8217;n\u0131n iki \u00fclke aras\u0131ndaki ikili ticari ve ekonomik ba\u011flar\u0131 g\u00fc\u00e7lendirecek \u00e7al\u0131\u015fmalar yapt\u0131\u011f\u0131n\u0131 kaydederken k\u00fclt\u00fcrel alanda da katk\u0131lar\u0131na de\u011finerek, &#8220;G\u00fcler Sabanc\u0131, K\u0131r\u015fehir&#8217;de b\u00fcy\u00fck bir arkeolojik alan olan Kaman Kaleh\u00f6y\u00fck&#8217;te bulunan Prens Mikasa Vakf\u0131&#8217;n\u0131n \u00e7ok aktif bir y\u00f6netim kurulu \u00fcyesidir. Bu, imparatorluk ailemizin ad\u0131n\u0131 ta\u015f\u0131yan d\u00fcnyadaki tek Japon vakf\u0131d\u0131r. Sabanc\u0131, Vakf\u0131n 2017 y\u0131l\u0131ndaki kurulu\u015fundan bu yana faaliyetlerinin \u00f6zel bir destek\u00e7isi olmu\u015ftur.&#8221; dedi.<\/p>\n<p>T\u00f6rende kendisine Japonya ve T\u00fcrkiye aras\u0131ndaki ekonomik ili\u015fkilerin g\u00fc\u00e7lendirilmesi, iki \u00fclke aras\u0131ndaki dostluk ili\u015fkilerinin geli\u015ftirilmesine katk\u0131lar\u0131ndan \u00f6t\u00fcr\u00fc Japonya B\u00fcy\u00fckel\u00e7isi \u00d6d\u00fcl\u00fc takdim edilen Sabanc\u0131 Holding Y\u00f6netim Kurulu Ba\u015fkan\u0131 ve Sabanc\u0131 Vakf\u0131 M\u00fctevelli Heyeti Ba\u015fkan\u0131 G\u00fcler Sabanc\u0131 yapt\u0131\u011f\u0131 konu\u015fmada \u201cJaponya ile T\u00fcrkiye aras\u0131ndaki dostluk ba\u011f\u0131, 133 y\u0131ll\u0131k k\u00f6kl\u00fc bir ge\u00e7mi\u015fe uzan\u0131yor. Bu sene ayr\u0131ca iki \u00fclke aras\u0131nda diplomatik ili\u015fkilerin 100. y\u0131l\u0131n\u0131 kutlamaya haz\u0131rlan\u0131yoruz. Sabanc\u0131 Ailesi ve Sabanc\u0131 Toplulu\u011fu i\u00e7in de Japonya \u00e7ok b\u00fcy\u00fck bir \u00f6nem ta\u015f\u0131yor. Japonya ve Japon \u015firketleri ile ili\u015fkilerimiz rahmetli amcam Sak\u0131p Sabanc\u0131 ile \u00d6zdemir Sabanc\u0131\u2019n\u0131n neredeyse yar\u0131m as\u0131r \u00f6nce ger\u00e7ekle\u015ftirdikleri Japonya seyahatine dayan\u0131yor. Benim de, Japonya&#8217;ya ilk seyahatim 1988 y\u0131l\u0131nda oldu. Japon k\u00fclt\u00fcr\u00fcn\u00fcn, yemeklerinin ve insanlar\u0131n\u0131n e\u015fsizli\u011fi beni derinden etkilemi\u015fti. Bununla birlikte K\u0131r\u015fehir Kaman\u2019da Prens Mikasa Vakf\u0131 ile 1985 y\u0131l\u0131ndan beri yapt\u0131\u011f\u0131m\u0131z kaz\u0131 \u00e7al\u0131\u015fmalar\u0131, Merhum Prens Mikasa\u2019n\u0131n beni Vakf\u0131n M\u00fctevelli Heyeti\u2019ne kurucu \u00fcye olarak davet etmesi, benim nezdimde t\u00fcm Sabanc\u0131 Ailesi \u00fcyelerine onur ve mutluluk verdi. B\u00fcy\u00fck bir ba\u015far\u0131yla s\u00fcrd\u00fcrd\u00fc\u011f\u00fcm\u00fcz i\u015f birli\u011fimizde \u00f6nemli pay\u0131 olan Say\u0131n B\u00fcy\u00fckel\u00e7i Kazuhiro\u2019ya T\u00fcrkiye\u2019de ge\u00e7irdi\u011fi s\u00fcre boyunca ger\u00e7ekle\u015ftirdi\u011fi \u00e7al\u0131\u015fmalar\u0131 i\u00e7in te\u015fekk\u00fcr ediyorum. Kendisine Avustralya\u2019daki yeni yolculu\u011funda ba\u015far\u0131lar diliyorum.\u201d \u015feklinde konu\u015ftu.<\/p>\n","protected":false},"excerpt":{"rendered":"<p>T\u00fcrkiye&#8217;de g\u00f6rev s\u00fcresi sona eren Japonya&#8217;n\u0131n Ankara B\u00fcy\u00fckel\u00e7isi Kazuhiro Suzuki&#8217;ye veda t\u00f6reni d\u00fczenlendi. T\u00f6rende Sabanc\u0131 Holding Y\u00f6netim Kurulu Ba\u015fkan\u0131 ve Sabanc\u0131 Vakf\u0131 M\u00fctevelli Heyeti Ba\u015fkan\u0131 G\u00fcler Sabanc\u0131\u2019ya Japonya B\u00fcy\u00fckel\u00e7isi \u00d6d\u00fcl\u00fc &hellip; <a href=\"https:\/\/akdenizolaygazetesi.com\/?p=25521\" class=\"more-link\">Devam\u0131n\u0131 Oku&#8230;<\/a><\/p>\n","protected":false},"author":2,"featured_media":25522,"comment_status":"open","ping_status":"open","sticky":false,"template":"","format":"standard","meta":[],"categories":[7,8,2,3],"tags":[],"_links":{"self":[{"href":"https:\/\/akdenizolaygazetesi.com\/index.php?rest_route=\/wp\/v2\/posts\/25521"}],"collection":[{"href":"https:\/\/akdenizolaygazetesi.com\/index.php?rest_route=\/wp\/v2\/posts"}],"about":[{"href":"https:\/\/akdenizolaygazetesi.com\/index.php?rest_route=\/wp\/v2\/types\/post"}],"author":[{"embeddable":true,"href":"https:\/\/akdenizolaygazetesi.com\/index.php?rest_route=\/wp\/v2\/users\/2"}],"replies":[{"embeddable":true,"href":"https:\/\/akdenizolaygazetesi.com\/index.php?rest_route=%2Fwp%2Fv2%2Fcomments&post=25521"}],"version-history":[{"count":1,"href":"https:\/\/akdenizolaygazetesi.com\/index.php?rest_route=\/wp\/v2\/posts\/25521\/revisions"}],"predecessor-version":[{"id":25523,"href":"https:\/\/akdenizolaygazetesi.com\/index.php?rest_route=\/wp\/v2\/posts\/25521\/revisions\/25523"}],"wp:featuredmedia":[{"embeddable":true,"href":"https:\/\/akdenizolaygazetesi.com\/index.php?rest_route=\/wp\/v2\/media\/25522"}],"wp:attachment":[{"href":"https:\/\/akdenizolaygazetesi.com\/index.php?rest_route=%2Fwp%2Fv2%2Fmedia&parent=25521"}],"wp:term":[{"taxonomy":"category","embeddable":true,"href":"https:\/\/akdenizolaygazetesi.com\/index.php?rest_route=%2Fwp%2Fv2%2Fcategories&post=25521"},{"taxonomy":"post_tag","embeddable":true,"href":"https:\/\/akdenizolaygazetesi.com\/index.php?rest_route=%2Fwp%2Fv2%2Ftags&post=25521"}],"curies":[{"name":"wp","href":"https:\/\/api.w.org\/{rel}","templated":true}]}}