{"id":25524,"date":"2023-05-02T12:58:13","date_gmt":"2023-05-02T09:58:13","guid":{"rendered":"http:\/\/akdenizolaygazetesi.com\/?p=25524"},"modified":"2023-05-02T12:58:13","modified_gmt":"2023-05-02T09:58:13","slug":"baskan-secer-aksenerin-mersin-mitingine-katildi","status":"publish","type":"post","link":"https:\/\/akdenizolaygazetesi.com\/?p=25524","title":{"rendered":"BA\u015eKAN SE\u00c7ER, AK\u015eENER&#8217;\u0130N MERS\u0130N M\u0130T\u0130NG\u0130NE KATILDI"},"content":{"rendered":"<p>Mersin B\u00fcy\u00fck\u015fehir Belediye Ba\u015fkan\u0131 Vahap Se\u00e7er, Millet \u0130ttifak\u0131 Orta\u011f\u0131 ve \u0130Y\u0130 Parti Genel Ba\u015fkan\u0131 Meral Ak\u015fener&#8217;in Mersin&#8217;de d\u00fczenledi\u011fi mitinge kat\u0131ld\u0131. Miting alan\u0131na gelen co\u015fkulu kalabal\u0131\u011f\u0131 selamlayan Ba\u015fkan Se\u00e7er, halktan co\u015fkuyla alk\u0131\u015f ald\u0131.<\/p>\n<p>Mitinge kat\u0131lan vatanda\u015flara hitaben konu\u015fan Ba\u015fkan Se\u00e7er, &#8220;14 May\u0131s&#8217;ta Cumhurba\u015fkan\u0131 olarak Kemal K\u0131l\u0131\u00e7daro\u011flu&#8217;nu \u00c7ankaya&#8217;ya g\u00f6nderecek, Say\u0131n Meral Ak\u015fener&#8217;i Cumhurba\u015fkan\u0131 Yard\u0131mc\u0131s\u0131 se\u00e7ecek miyiz?&#8221; diye sordu ve kalabal\u0131ktan g\u00fc\u00e7l\u00fc bir &#8220;Evet&#8221; cevab\u0131n\u0131 ald\u0131.<\/p>\n<p>Se\u00e7er&#8217;den Ak\u015fener&#8217;e: &#8220;O, cesur bir y\u00fcrek&#8221;<\/p>\n<p>Ba\u015fkan Vahap Se\u00e7er, mitingde yapt\u0131\u011f\u0131 selamlama konu\u015fmas\u0131nda; &#8220;Akdeniz&#8217;in incisi Mersin&#8217;imin s\u0131cakkanl\u0131, y\u00fcre\u011fi sevgi dolu, cesur insanlar\u0131; ho\u015f geldiniz. Bug\u00fcn Mersin&#8217;imizin \u00e7ok de\u011ferli bir konu\u011fu var, o cesur bir y\u00fcrek, 13. Cumhurba\u015fkan\u0131m\u0131z Kemal K\u0131l\u0131\u00e7daro\u011flu&#8217;nun demokrasi m\u00fccadelesindeki yol arkada\u015f\u0131 Meral Ak\u015fener; ho\u015f geldiniz Say\u0131n Genel Ba\u015fkan\u0131m&#8221; dedi.<\/p>\n<p>Millet \u0130ttifak\u0131&#8217;na mensup t\u00fcm partilerin amac\u0131n\u0131n daha g\u00fczel bir \u00fclke in\u015fa etmek oldu\u011funu vurgulayan Ba\u015fkan Se\u00e7er, &#8220;Amac\u0131m\u0131z ortak; \u00e7ocuklar\u0131m\u0131z\u0131 daha g\u00fczel bir T\u00fcrkiye&#8217;de ya\u015fatmak. Hakk\u0131n, hukukun, adaletin, \u00f6zg\u00fcrl\u00fc\u011f\u00fcn, refahta hak\u00e7a payla\u015f\u0131m\u0131n, mutlulu\u011fun h\u00e2kim oldu\u011fu bir T\u00fcrkiye&#8217;de ya\u015fatmak. Allah \u00e7\u0131kt\u0131\u011f\u0131m\u0131z bu yolda bizleri mahcup etmesin. 14 May\u0131s&#8217;ta 13. Cumhurba\u015fkan\u0131 olarak Kemal K\u0131l\u0131\u00e7daro\u011flu&#8217;nu \u00c7ankaya&#8217;ya g\u00f6nderecek miyiz? Say\u0131n Meral Ak\u015fener&#8217;i 13. Cumhurba\u015fkan\u0131m\u0131z Say\u0131n Kemal K\u0131l\u0131\u00e7daro\u011flu&#8217;nun yol arkada\u015f\u0131 olarak Cumhurba\u015fkan\u0131 Yard\u0131mc\u0131s\u0131 se\u00e7ecek miyiz? Millet \u0130ttifak\u0131&#8217;n\u0131 iktidara ta\u015f\u0131yacak m\u0131y\u0131z?&#8221; dedi ve vatanda\u015flardan da &#8220;Evet&#8221; yan\u0131t\u0131n\u0131 ald\u0131.<\/p>\n<p>Miting, \u0130Y\u0130 Parti Genel Ba\u015fkan\u0131 Meral Ak\u015fener&#8217;in konu\u015fmas\u0131 ve ard\u0131ndan Mersin Milletvekili adaylar\u0131n\u0131 tan\u0131tmas\u0131yla sona erdi.<\/p>\n","protected":false},"excerpt":{"rendered":"<p>Mersin B\u00fcy\u00fck\u015fehir Belediye Ba\u015fkan\u0131 Vahap Se\u00e7er, Millet \u0130ttifak\u0131 Orta\u011f\u0131 ve \u0130Y\u0130 Parti Genel Ba\u015fkan\u0131 Meral Ak\u015fener&#8217;in Mersin&#8217;de d\u00fczenledi\u011fi mitinge kat\u0131ld\u0131. Miting alan\u0131na gelen co\u015fkulu kalabal\u0131\u011f\u0131 selamlayan Ba\u015fkan Se\u00e7er, halktan co\u015fkuyla &hellip; <a href=\"https:\/\/akdenizolaygazetesi.com\/?p=25524\" class=\"more-link\">Devam\u0131n\u0131 Oku&#8230;<\/a><\/p>\n","protected":false},"author":2,"featured_media":25525,"comment_status":"open","ping_status":"open","sticky":false,"template":"","format":"standard","meta":[],"categories":[1,2,3],"tags":[],"_links":{"self":[{"href":"https:\/\/akdenizolaygazetesi.com\/index.php?rest_route=\/wp\/v2\/posts\/25524"}],"collection":[{"href":"https:\/\/akdenizolaygazetesi.com\/index.php?rest_route=\/wp\/v2\/posts"}],"about":[{"href":"https:\/\/akdenizolaygazetesi.com\/index.php?rest_route=\/wp\/v2\/types\/post"}],"author":[{"embeddable":true,"href":"https:\/\/akdenizolaygazetesi.com\/index.php?rest_route=\/wp\/v2\/users\/2"}],"replies":[{"embeddable":true,"href":"https:\/\/akdenizolaygazetesi.com\/index.php?rest_route=%2Fwp%2Fv2%2Fcomments&post=25524"}],"version-history":[{"count":1,"href":"https:\/\/akdenizolaygazetesi.com\/index.php?rest_route=\/wp\/v2\/posts\/25524\/revisions"}],"predecessor-version":[{"id":25526,"href":"https:\/\/akdenizolaygazetesi.com\/index.php?rest_route=\/wp\/v2\/posts\/25524\/revisions\/25526"}],"wp:featuredmedia":[{"embeddable":true,"href":"https:\/\/akdenizolaygazetesi.com\/index.php?rest_route=\/wp\/v2\/media\/25525"}],"wp:attachment":[{"href":"https:\/\/akdenizolaygazetesi.com\/index.php?rest_route=%2Fwp%2Fv2%2Fmedia&parent=25524"}],"wp:term":[{"taxonomy":"category","embeddable":true,"href":"https:\/\/akdenizolaygazetesi.com\/index.php?rest_route=%2Fwp%2Fv2%2Fcategories&post=25524"},{"taxonomy":"post_tag","embeddable":true,"href":"https:\/\/akdenizolaygazetesi.com\/index.php?rest_route=%2Fwp%2Fv2%2Ftags&post=25524"}],"curies":[{"name":"wp","href":"https:\/\/api.w.org\/{rel}","templated":true}]}}