{"id":25527,"date":"2023-05-02T16:20:33","date_gmt":"2023-05-02T13:20:33","guid":{"rendered":"http:\/\/akdenizolaygazetesi.com\/?p=25527"},"modified":"2023-05-02T16:20:33","modified_gmt":"2023-05-02T13:20:33","slug":"baskan-gultak-muhalif-meclis-uyelerine-sert-sozlerle-tepki-gosterdi","status":"publish","type":"post","link":"https:\/\/akdenizolaygazetesi.com\/?p=25527","title":{"rendered":"Ba\u015fkan G\u00fcltak, muhalif meclis \u00fcyelerine sert s\u00f6zlerle tepki g\u00f6sterdi"},"content":{"rendered":"<p>Akdeniz Belediye Ba\u015fkan\u0131 Mustafa G\u00fcltak, Karacailyas Mahallesi\u2019nde, m\u00fclkiyeti belediyeye ait 3 bin metrekare y\u00fcz\u00f6l\u00e7\u00fcm\u00fcne sahip arsa niteli\u011findeki arazinin sat\u0131\u015f\u0131yla ilgili muhalif Meclis \u00fcyelerinin ele\u015ftirilerine sert tondan yan\u0131t verdi.<br \/>\n\u201c\u015eaibenin kimin \u00fczerinde oldu\u011fu bellidir&#8230; Akdeniz\u2019de 2010 y\u0131l\u0131nda kim g\u00f6revde ise, kim o arsan\u0131n bu hale gelmesiyle, hangi meclis \u00fcyeleri el kald\u0131rd\u0131ysa, onlar gitsin kendilerini temizlesin\u201d diyen Ba\u015fkan Mustafa G\u00fcltak; \u201c\u00d6nce kendi ge\u00e7mi\u015finize bak\u0131n. \u00c7amur atmakla G\u00fcltak\u2019\u0131 kirletemezsiniz. Sizin d\u00f6neminizde bu arsa g\u00fcmb\u00fcrt\u00fcye gidiyordu. Bizim d\u00f6nemimizde kurtar\u0131ld\u0131. Sizlerin 2010 y\u0131l\u0131nda pe\u015fke\u015f \u00e7ekti\u011finiz araziyi bu d\u00f6nemde biz kurtard\u0131k ve belediyemize kazand\u0131rd\u0131k\u201d yan\u0131t\u0131n\u0131 verdi.<br \/>\nAkdeniz Belediye Meclisi, May\u0131s ay\u0131 ilk ola\u011fan toplant\u0131s\u0131n\u0131, M. Mustafa G\u00fcltak Ba\u015fkanl\u0131\u011f\u0131\u2019nda ger\u00e7ekle\u015ftirdi. Yoklama, Sayg\u0131 Duru\u015fu ve \u0130stiklal Mar\u015f\u0131 ile ba\u015flayan toplant\u0131, \u00f6nceki birle\u015fim tutanak \u00f6zetinin kabul\u00fcyle s\u00fcrd\u00fc. Meclis\u2019te, 2022 Mali Y\u0131l\u0131 Kesin Hesab\u0131 ile ilgili teklifin g\u00f6r\u00fc\u015f\u00fclmesiyle ilgili g\u00fcndem maddesi oybirli\u011fi ile komisyonlara havale edildi. Ard\u0131ndan bir \u00f6nceki toplant\u0131da oy\u00e7oklu\u011fu ile reddedilen ancak ilgili yasa ve y\u00f6netmelikle Ba\u015fkanl\u0131k Makam\u0131nca yeniden Meclis\u2019e gelen; Karacailyas Mahallesi\u2019nde m\u00fclkiyeti belediyeye ait 3 bin metrekare y\u00fcz\u00f6l\u00e7\u00fcm\u00fcne sahip arsa niteli\u011findeki ta\u015f\u0131nmaz\u0131n sat\u0131\u015f\u0131 konusu g\u00f6r\u00fc\u015f\u00fcld\u00fc. Ba\u015fkan G\u00fcltak, \u201cKonuyu, yasan\u0131n bana verdi\u011fi yetkiye istinaden Meclis\u2019e iade ettim ve bu g\u00fcndemde \u0131srar karar\u0131 arayaca\u011f\u0131m\u201d dedi. G\u00fcndem maddesi, muhalif \u00fcyelerin ret oyuna kar\u015f\u0131l\u0131k Meclis \u00fcye tam say\u0131s\u0131n\u0131n salt \u00e7o\u011funlu\u011fu ile kabul edildi.<br \/>\n\u201c\u00c7amur atmakla G\u00fcltak\u2019\u0131 kirletemezsiniz, \u00f6nce kendi ge\u00e7mi\u015finize bak\u0131n\u201d<br \/>\nBunun \u00fczerine s\u00f6z alan muhalif Meclis \u00fcyeleri, ayn\u0131 g\u00fcndemin yeniden Meclis toplant\u0131s\u0131na gelmesini ele\u015ftirdi, s\u00f6z konusu arazinin sat\u0131\u015f\u0131 i\u00e7in neden \u0131srar edildi\u011fi y\u00f6n\u00fcnde ele\u015ftiriler y\u00f6neltti. Ele\u015ftirilere yan\u0131t veren Akdeniz Belediye Ba\u015fkan\u0131 M. Mustafa G\u00fcltak; \u201cSizlerin (muhalif meclis \u00fcyeleri) kafan\u0131zdaki soru i\u015faretleri Ahirete kadar devam eder. Tabi sizleri tatmin etmek zorunda da de\u011filim. Vatanda\u015flar\u0131m\u0131z tatmin olsun benim i\u00e7in yeterlidir. Vatanda\u015fa hizmet etmek i\u00e7in geldim. Vatanda\u015f, 14 May\u0131s\u2019ta da Mart 2024\u2019te de cevab\u0131n\u0131 verir. Sizler de o g\u00fcn geldi\u011finde cevab\u0131n\u0131z\u0131 al\u0131rs\u0131n\u0131z. Hep birlikte g\u00f6rece\u011fiz&#8230; Hayaller kurun bakal\u0131m. \u00c7amur atmakla G\u00fcltak\u2019\u0131 kirletemezsiniz! Bo\u015funa u\u011fra\u015f\u0131yorsunuz. Siz \u00f6nce kendi ge\u00e7mi\u015finize bak\u0131n\u201d ifadelerini kulland\u0131.<br \/>\nS\u00f6z konusu arazinin, 2010 y\u0131l\u0131ndaki belediye y\u00f6netimi taraf\u0131ndan ba\u015fkalar\u0131na pe\u015fke\u015f \u00e7ekildi\u011fini ifade eden Ba\u015fkan G\u00fcltak, \u201cGe\u00e7en Meclis toplant\u0131s\u0131nda da anlatm\u0131\u015ft\u0131m bu arsan\u0131n akametini, nereden ald\u0131\u011f\u0131m\u0131z\u0131, niye mahkemeye verdi\u011fimizi, \u015fufa hakk\u0131m\u0131z\u0131 neden kulland\u0131\u011f\u0131m\u0131z\u0131\u2026 Bunlar\u0131 hep unutmu\u015fsunuz. Bu durumun sizlerin d\u00f6neminde yap\u0131ld\u0131\u011f\u0131n\u0131 bir kez daha hat\u0131rlatmak istiyorum. Fakat i\u015finize gelmeyince \u2018neyse\u2019 diyorsunuz. Oysa sizin d\u00f6neminizde bu arsa g\u00fcmb\u00fcrt\u00fcye gidiyordu. Bizim d\u00f6nemimizde kurtar\u0131ld\u0131, bunu milletimiz bilsin. Sizlerin 2010 y\u0131l\u0131nda pe\u015fke\u015f \u00e7ekti\u011finiz araziyi bu d\u00f6nemde biz kurtard\u0131k ve belediyemize kazand\u0131rd\u0131k\u201d \u015feklinde konu\u015ftu.<br \/>\n\u201cBen; o d\u00f6nemin y\u00f6netiminin pe\u015fke\u015f \u00e7ekti\u011fi araziyi kurtaran adam\u0131m\u201d<br \/>\nMuhalif Meclis \u00fcyelerine seslenen Ba\u015fkan G\u00fcltak, s\u00f6zlerini \u015f\u00f6yle s\u00fcrd\u00fcrd\u00fc; \u201c\u015eaibenin, kimin \u00fczerinde oldu\u011fu belli. Buradan kamuoyuna duyurulur. 2010 y\u0131l\u0131nda kim g\u00f6revde ise, kim o arsan\u0131n bu pozisyona gelmesiyle hangi meclis \u00fcyeleri el kald\u0131rd\u0131ysa, onlar gitsin kendilerini temizlesin; ben de\u011fil! Ben; o d\u00f6nemin y\u00f6netiminin pe\u015fke\u015f \u00e7ekti\u011fi araziyi kurtaran adam\u0131m. Benim \u00fczerime parayla, malla, m\u00fclkle, \u015faibeyle gelmeyin. Millet yemez bunlar\u0131. G\u00fcltak\u2019\u0131 herkes tan\u0131yor bu memlekette.<br \/>\nBen 3 g\u00fcnl\u00fck siyaset\u00e7i de\u011filim. Mal varl\u0131\u011f\u0131m belli, \u00e7ocuklar\u0131m\u0131n, e\u015fimin mal varl\u0131\u011f\u0131 ve hayat\u0131 belli. Bana bunlarla gelmeyin. Sokaktaki vatanda\u015f bunu yemez. Siz, o d\u00f6nemin y\u00f6neticileri olarak \u00f6nce \u00fczerinizdeki \u015faibeleri kald\u0131r\u0131n. Milleti imar uygulamas\u0131 ile 200 metrekare hissedar edin, adam size dava a\u00e7s\u0131n, sonra da ba\u015fkas\u0131na devretsin&#8230; Biz bunlar\u0131 tespit ediyoruz, biz dava a\u00e7\u0131yoruz, araziyi elde ediyoruz. Kalkm\u0131\u015f diyorsunuz ki \u2018\u015faibe var, adamla g\u00f6r\u00fc\u015ft\u00fcn\u00fcz, ucuza sat\u0131yorsunuz\u2019 diye. Akl\u0131m\u0131zla m\u0131 dalga ge\u00e7iyorsunuz? Dinime k\u00fcfreden M\u00fcsl\u00fcman olsa!\u201d<br \/>\n\u201cBu arazinin 2010\u2019da pe\u015fke\u015f \u00e7ekildi\u011fini kanunlarla ve evraklarla ispatl\u0131yoruz\u201d<br \/>\nEle\u015ftirilerine \u201cGer\u00e7ekten sizin ge\u00e7mi\u015finiz \u00e7ok temiz de\u011fil. Kar\u0131\u015ft\u0131rd\u0131k\u00e7a da ortaya \u00e7\u0131k\u0131yor\u201d diyerek devam eden Akdeniz Belediye Ba\u015fkan\u0131 G\u00fcltak; \u201cBug\u00fcn mahkemeye de gitseniz, mahkemenin yazaca\u011f\u0131 yer ya Ticaret Odas\u0131 ya Emlak\u00e7\u0131lar Odas\u0131 ya da SPK lisansl\u0131 d\u0131\u015f piyasaya olacak. Mahkeme Mars\u2019tan, uzaydan birilerini \u00e7a\u011f\u0131rmaz. Ticaret Odas\u0131 ve Emlak\u00e7\u0131lar Odas\u0131\u2019na yaz\u0131p cevap alm\u0131\u015f\u0131z. SPK lisansl\u0131 uzmana da yazm\u0131\u015f\u0131z, arsan\u0131n fiyat\u0131 bir t\u0131k daha y\u00fckselmi\u015f. O g\u00fcn ihalesi de a\u00e7\u0131k, ilana \u00e7\u0131kaca\u011f\u0131z. E\u011fer dedi\u011finiz gibi bedeli 20 milyon Lira ise e\u011fer, 11-12\u2019ye al\u0131p 20\u2019ye sats\u0131nlar\u2026<br \/>\nY\u00fczde 100 k\u00e2r, buyurun a\u00e7\u0131k ihale! Yok! Bu siyaset Akdeniz\u2019e ve insanlar\u0131m\u0131za bir \u015fey kazand\u0131rmaz. Yok, efendim \u2018ucuza gidiyor, bilmem neye gidiyor.\u2019 Bunlar\u0131 ge\u00e7in. Biz sizin ne kadar arazi satt\u0131\u011f\u0131n\u0131z\u0131 biliyoruz. Bu arazinin 2010\u2019da pe\u015fke\u015f \u00e7ekildi\u011fini kanunlarla ve evraklarla ispatl\u0131yoruz. Siz, d\u00f6n\u00fcp 2010 y\u0131l\u0131nda burada belediye ba\u015fkan\u0131 ve meclis \u00fcyesi olanlara hesap sorun. Niye imar uygulamalar\u0131yla X ki\u015fiyi 200 metrekare orada hissedar edip o g\u00fczelim araziye ortak etmi\u015f? Siz onun hesab\u0131n\u0131 verin. Bize hesap sormay\u0131n. B\u00f6yle yapmay\u0131n, yapt\u0131k\u00e7a bat\u0131yorsunuz. Bu t\u00fcr iddialar\u0131n\u0131zla resmi kurumlar\u0131 da zan alt\u0131nda b\u0131rak\u0131yorsunuz\u201d ifadelerini kulland\u0131.<\/p>\n","protected":false},"excerpt":{"rendered":"<p>Akdeniz Belediye Ba\u015fkan\u0131 Mustafa G\u00fcltak, Karacailyas Mahallesi\u2019nde, m\u00fclkiyeti belediyeye ait 3 bin metrekare y\u00fcz\u00f6l\u00e7\u00fcm\u00fcne sahip arsa niteli\u011findeki arazinin sat\u0131\u015f\u0131yla ilgili muhalif Meclis \u00fcyelerinin ele\u015ftirilerine sert tondan yan\u0131t verdi. \u201c\u015eaibenin kimin &hellip; <a href=\"https:\/\/akdenizolaygazetesi.com\/?p=25527\" class=\"more-link\">Devam\u0131n\u0131 Oku&#8230;<\/a><\/p>\n","protected":false},"author":2,"featured_media":25528,"comment_status":"open","ping_status":"open","sticky":false,"template":"","format":"standard","meta":[],"categories":[8,34,2,3,6],"tags":[],"_links":{"self":[{"href":"https:\/\/akdenizolaygazetesi.com\/index.php?rest_route=\/wp\/v2\/posts\/25527"}],"collection":[{"href":"https:\/\/akdenizolaygazetesi.com\/index.php?rest_route=\/wp\/v2\/posts"}],"about":[{"href":"https:\/\/akdenizolaygazetesi.com\/index.php?rest_route=\/wp\/v2\/types\/post"}],"author":[{"embeddable":true,"href":"https:\/\/akdenizolaygazetesi.com\/index.php?rest_route=\/wp\/v2\/users\/2"}],"replies":[{"embeddable":true,"href":"https:\/\/akdenizolaygazetesi.com\/index.php?rest_route=%2Fwp%2Fv2%2Fcomments&post=25527"}],"version-history":[{"count":1,"href":"https:\/\/akdenizolaygazetesi.com\/index.php?rest_route=\/wp\/v2\/posts\/25527\/revisions"}],"predecessor-version":[{"id":25529,"href":"https:\/\/akdenizolaygazetesi.com\/index.php?rest_route=\/wp\/v2\/posts\/25527\/revisions\/25529"}],"wp:featuredmedia":[{"embeddable":true,"href":"https:\/\/akdenizolaygazetesi.com\/index.php?rest_route=\/wp\/v2\/media\/25528"}],"wp:attachment":[{"href":"https:\/\/akdenizolaygazetesi.com\/index.php?rest_route=%2Fwp%2Fv2%2Fmedia&parent=25527"}],"wp:term":[{"taxonomy":"category","embeddable":true,"href":"https:\/\/akdenizolaygazetesi.com\/index.php?rest_route=%2Fwp%2Fv2%2Fcategories&post=25527"},{"taxonomy":"post_tag","embeddable":true,"href":"https:\/\/akdenizolaygazetesi.com\/index.php?rest_route=%2Fwp%2Fv2%2Ftags&post=25527"}],"curies":[{"name":"wp","href":"https:\/\/api.w.org\/{rel}","templated":true}]}}