{"id":25530,"date":"2023-05-02T16:22:00","date_gmt":"2023-05-02T13:22:00","guid":{"rendered":"http:\/\/akdenizolaygazetesi.com\/?p=25530"},"modified":"2023-05-02T16:22:00","modified_gmt":"2023-05-02T13:22:00","slug":"baskan-yilmaz-eski-bakan-zafer-caglayani-toroslar-belediyesinde-agirladi","status":"publish","type":"post","link":"https:\/\/akdenizolaygazetesi.com\/?p=25530","title":{"rendered":"BA\u015eKAN YILMAZ, ESK\u0130 BAKAN ZAFER \u00c7A\u011eLAYAN&#8217;I TOROSLAR BELED\u0130YES\u0130NDE A\u011eIRLADI"},"content":{"rendered":"<p>Ge\u00e7mi\u015f D\u00f6nem Ekonomi Bakan\u0131 ve 24. D\u00f6nem Mersin Milletvekili Zafer \u00c7a\u011flayan, Toroslar Belediyesini ziyaret etti<\/p>\n<p>14 May\u0131s 2023 tarihinde yap\u0131lacak se\u00e7im \u00e7al\u0131\u015fmalar\u0131 i\u00e7in Mersin&#8217;de bulunan eski Bakan \u00c7a\u011flayan, Yunus Emre K\u00fclt\u00fcr Merkezi&#8217;nde Belediye Ba\u015fkan\u0131 Ats\u0131z Af\u015f\u0131n Y\u0131lmaz, belediye personeli, \u00e7ocuklar ve \u00f6zel bireyler taraf\u0131ndan co\u015fkuyla kar\u015f\u0131land\u0131.<\/p>\n<p>Birlik ve beraberli\u011fe vurgu yap\u0131lan ziyarette; AK Parti Mersin Milletvekili Hac\u0131 \u00d6zkan, AK Parti Mersin \u0130l Ba\u015fkan\u0131 Adem Aldemir, AK Parti Toroslar \u0130l\u00e7e Ba\u015fkan\u0131 Bekir Top\u00e7u, MHP Toroslar \u0130l\u00e7e Ba\u015fkan Vekili Nadir \u015eahin, Cumhur \u0130ttifak\u0131 Te\u015fkilat Ba\u015fkan ve Y\u00f6neticileri ile Belediye Meclis \u00dcyeleri de haz\u0131r bulundu.<\/p>\n<p>Toroslar Belediye Ba\u015fkan\u0131 Ats\u0131z Af\u015f\u0131n Y\u0131lmaz;  ge\u00e7mi\u015f D\u00f6nem Ekonomi Bakan\u0131 Zafer \u00c7a\u011flayan&#8217;\u0131 Toroslar Belediyesinde a\u011f\u0131rlamaktan onur duyduklar\u0131n\u0131 belirterek, il\u00e7ede hayata ge\u00e7irdikleri \u00e7al\u0131\u015fmalarla ilgili bilgiler verdi.<\/p>\n<p>&#8220;B\u0130Z B\u00dcY\u00dcK B\u0130R A\u0130LEY\u0130Z&#8221;<\/p>\n<p>Cumhurba\u015fkan\u0131 ve 28. D\u00f6nem Milletvekili Genel Se\u00e7imi&#8217;nin, T\u00fcrkiye&#8217;nin gelece\u011fi a\u00e7\u0131s\u0131ndan \u00e7ok b\u00fcy\u00fck bir \u00f6nem ta\u015f\u0131d\u0131\u011f\u0131n\u0131 belirten eski Bakan \u00c7a\u011flayan; &#8220;Biz art\u0131k ayn\u0131 aileyiz, bir ve beraberiz. Allah, muhabbetimizi art\u0131rs\u0131n. Do\u011fru yerde, do\u011fru zeminde, do\u011fru zamanday\u0131z. Bu ittifak\u0131 bir araya getiren milli de\u011ferlerimiz, ay y\u0131ld\u0131zl\u0131 al bayra\u011f\u0131m\u0131z, T\u00fcrkiye&#8217;nin bekas\u0131 ve gelece\u011fidir. T\u00fcrkiye d\u00fc\u015fmanlar\u0131na hep birlikte kar\u015f\u0131 koymakt\u0131r. Onun i\u00e7in bizim davam\u0131z, kutlu bir davad\u0131r Allah&#8217;\u0131n izniyle. Ben bir arada olmaktan son derece mutlu ve memnunum&#8221; diye konu\u015ftu.<\/p>\n<p>ESK\u0130 BAKAN \u00c7A\u011eLAYAN, \u015eEREF DEFTER\u0130NE D\u00dc\u015e\u00dcNCELER\u0130N\u0130 YAZDI<\/p>\n<p>Ziyarette Ba\u015fkan Y\u0131lmaz, eski Bakan \u00c7a\u011flayan&#8217;a T\u00fcrk dili, k\u00fclt\u00fcr\u00fc ve tarihinin en de\u011ferli an\u0131tlar\u0131ndan olan Orhun Yaz\u0131tlar\u0131&#8217;n\u0131n minyat\u00fcr \u00f6rne\u011fini ve Toroslar Belediyesi Teknik ve Mesleki E\u011fitim Kurslar\u0131&#8217;nda (TORTEK) el eme\u011fi ile \u00fcretilen kilim hediye ederek te\u015fekk\u00fcr etti.<\/p>\n<p>Eski Bakan \u00c7a\u011flayan da Toroslar Belediyesinin \u015feref defterine d\u00fc\u015f\u00fcncelerini yazarak, Toroslar Belediye Ba\u015fkan\u0131 Ats\u0131z Af\u015f\u0131n Y\u0131lmaz&#8217;a ba\u015far\u0131lar\u0131n\u0131n devam\u0131n\u0131 diledi.<\/p>\n","protected":false},"excerpt":{"rendered":"<p>Ge\u00e7mi\u015f D\u00f6nem Ekonomi Bakan\u0131 ve 24. D\u00f6nem Mersin Milletvekili Zafer \u00c7a\u011flayan, Toroslar Belediyesini ziyaret etti 14 May\u0131s 2023 tarihinde yap\u0131lacak se\u00e7im \u00e7al\u0131\u015fmalar\u0131 i\u00e7in Mersin&#8217;de bulunan eski Bakan \u00c7a\u011flayan, Yunus Emre &hellip; <a href=\"https:\/\/akdenizolaygazetesi.com\/?p=25530\" class=\"more-link\">Devam\u0131n\u0131 Oku&#8230;<\/a><\/p>\n","protected":false},"author":2,"featured_media":25531,"comment_status":"open","ping_status":"open","sticky":false,"template":"","format":"standard","meta":[],"categories":[2,3,5],"tags":[],"_links":{"self":[{"href":"https:\/\/akdenizolaygazetesi.com\/index.php?rest_route=\/wp\/v2\/posts\/25530"}],"collection":[{"href":"https:\/\/akdenizolaygazetesi.com\/index.php?rest_route=\/wp\/v2\/posts"}],"about":[{"href":"https:\/\/akdenizolaygazetesi.com\/index.php?rest_route=\/wp\/v2\/types\/post"}],"author":[{"embeddable":true,"href":"https:\/\/akdenizolaygazetesi.com\/index.php?rest_route=\/wp\/v2\/users\/2"}],"replies":[{"embeddable":true,"href":"https:\/\/akdenizolaygazetesi.com\/index.php?rest_route=%2Fwp%2Fv2%2Fcomments&post=25530"}],"version-history":[{"count":1,"href":"https:\/\/akdenizolaygazetesi.com\/index.php?rest_route=\/wp\/v2\/posts\/25530\/revisions"}],"predecessor-version":[{"id":25532,"href":"https:\/\/akdenizolaygazetesi.com\/index.php?rest_route=\/wp\/v2\/posts\/25530\/revisions\/25532"}],"wp:featuredmedia":[{"embeddable":true,"href":"https:\/\/akdenizolaygazetesi.com\/index.php?rest_route=\/wp\/v2\/media\/25531"}],"wp:attachment":[{"href":"https:\/\/akdenizolaygazetesi.com\/index.php?rest_route=%2Fwp%2Fv2%2Fmedia&parent=25530"}],"wp:term":[{"taxonomy":"category","embeddable":true,"href":"https:\/\/akdenizolaygazetesi.com\/index.php?rest_route=%2Fwp%2Fv2%2Fcategories&post=25530"},{"taxonomy":"post_tag","embeddable":true,"href":"https:\/\/akdenizolaygazetesi.com\/index.php?rest_route=%2Fwp%2Fv2%2Ftags&post=25530"}],"curies":[{"name":"wp","href":"https:\/\/api.w.org\/{rel}","templated":true}]}}