{"id":25533,"date":"2023-05-03T13:10:06","date_gmt":"2023-05-03T10:10:06","guid":{"rendered":"http:\/\/akdenizolaygazetesi.com\/?p=25533"},"modified":"2023-05-03T13:10:06","modified_gmt":"2023-05-03T10:10:06","slug":"gultak-tekstil-kent-projesini-hayata-gecirecegiz","status":"publish","type":"post","link":"https:\/\/akdenizolaygazetesi.com\/?p=25533","title":{"rendered":"G\u00dcLTAK; \u201cTEKST\u0130L KENT PROJES\u0130N\u0130 HAYATA GE\u00c7\u0130RECE\u011e\u0130Z\u201d"},"content":{"rendered":"<p>Mersin Tekstil \u00dcreticileri Derne\u011fi y\u00f6netimi ve esnaf\u0131 ile bir araya gelen Ba\u015fkan G\u00fcltak, Mersin\u2019de \u201cTekstil Kent Projesini\u201d hayata ge\u00e7irmek istediklerini ifade ederek; \u201c\u00dczerinde \u00e7al\u0131\u015ft\u0131\u011f\u0131m\u0131z bir yer var, projesi de haz\u0131r. Esnaflar\u0131m\u0131zdan sabretmelerini, sadece bize biraz daha zaman vermelerini istiyoruz\u201d dedi.<br \/>\nAkdeniz Belediye Ba\u015fkan\u0131 Mustafa G\u00fcltak, halk bulu\u015fmalar\u0131na aral\u0131ks\u0131z devam ediyor. Ba\u015fkan G\u00fcltak, beraberinde Eski Ekonomi Bakan\u0131 Zafer \u00c7a\u011flayan ile birlikte Mersin Tekstil \u00dcreticileri Derne\u011fi\u2019ni, Sanayi Sitesi Y\u00f6netimi ile Marangozcular Sitesi y\u00f6netimi ve esnaf\u0131n\u0131 ziyaret etti. Ziyaretlere; AK Parti Akdeniz \u0130l\u00e7e Ba\u015fkan\u0131 Emin Gen\u00e7, Meclis \u00fcyeleri ile AK Parti Mersin \u0130l ve \u0130l\u00e7e y\u00f6neticileri de e\u015flik etti. Ba\u015fkan G\u00fcltak ve beraberindeki kalabal\u0131k heyet, ge\u00e7en g\u00fcnlerde Marangozcular Sitesi\u2019nde bulunan bir mobilya fabrikas\u0131nda \u00e7\u0131kan ve biri itfaiye eri 4 vatanda\u015f\u0131n ya\u015fam\u0131n\u0131 yitirmesine yol a\u00e7an yang\u0131nda b\u00fcy\u00fck zarara u\u011frayan i\u015fyerini de inceledi, bir kez daha ge\u00e7mi\u015f olsun dileklerini iletti. Siteler Mahallesi Akdeniz Caddesi ile 160. Cadde \u00fczerinde faaliyet g\u00f6steren esnaf ile G\u00fcndo\u011fdu Mahallesi K\u00f6pr\u00fc Pazar Soka\u011f\u0131 \u00fczerinde kurulan pazaryerini gezen Ba\u015fkan G\u00fcltak, al\u0131\u015fveri\u015fe \u00e7\u0131kan mahalle sakinleri ve sat\u0131\u015f yapan esnafla sohbet etti, taleplerini dinledi.<br \/>\nEski Bakan \u00c7a\u011flayan ile birlikte depremzede aileleri ziyaret<br \/>\nAkdeniz Belediye Ba\u015fkan\u0131 Mustafa G\u00fcltak, g\u00fcn i\u00e7inde; Eski Ekonomi Bakan\u0131 ve 24. D\u00f6nem Mersin Milletvekili Zafer \u00c7a\u011flayan ile birlikte Akdeniz il\u00e7esi s\u0131n\u0131rlar\u0131nda konaklayan ve ihtiya\u00e7lar\u0131 Akdeniz Belediyesi taraf\u0131ndan kar\u015f\u0131lanan depremzede ailelerle de bir araya gelerek sohbet etti. Mersin Tekstil \u00dcreticileri Derne\u011fi (MET\u00dcD) y\u00f6netimini de ziyaret eden Ba\u015fkan G\u00fcltak ve beraberindeki heyet, tekstilci i\u015f insanlar\u0131 ile bir araya gelerek taleplerini dinledi.<br \/>\nG\u00fcltak; \u201c5 binliklere uygun binlikler yapaca\u011f\u0131z\u201d<br \/>\nMET\u00dcD ziyaretinde s\u00f6z alan Ba\u015fkan Mustafa G\u00fcltak, yakla\u015f\u0131k 20 y\u0131l boyunca tar\u0131m g\u00f6r\u00fc\u015f\u00fc gelmeyen Mersin\u2019de, yerel se\u00e7imleri kazand\u0131ktan sonra uzun u\u011fra\u015flar sonucunda bu g\u00f6r\u00fc\u015f\u00fcn 2021 y\u0131l\u0131 Ocak ay\u0131nda geldi\u011fini hat\u0131rlatt\u0131. Ba\u015fkan G\u00fcltak, \u201c\u00dczerinden 2 y\u0131l 3 ay ge\u00e7ti. Bana 5 binlikler geleli de daha 1-2 ay oldu. Ben de yak\u0131nda ihaleye \u00e7\u0131k\u0131yorum, 5 binliklere uygun binlikler yapaca\u011f\u0131m. Bu da yakla\u015f\u0131k 1 y\u0131l s\u00fcrer. Tabi bu s\u00fcre de benden kaynakl\u0131 de\u011fil. Hal\u2019den Huzurkent\u2019e kadar 2 bin hektar\u0131n \u00fczerinde bir arazi var. Bunlar\u0131 etap etap yapmak zorunday\u0131z\u201d dedi. <\/p>\n<p>\u201cTekstil kent projesini hayata ge\u00e7irece\u011fiz\u201d<br \/>\nBa\u015fkan G\u00fcltak, Mersin\u2019de Tekstil Kent projesini hayata ge\u00e7irmek istediklerinin de alt\u0131n\u0131 \u00e7izerek, \u015f\u00f6yle konu\u015ftu; \u201c\u00c7al\u0131\u015ft\u0131\u011f\u0131m\u0131z bir yer var, projeleri de haz\u0131r. Ama biraz zaman istiyoruz. \u00d6nce bu se\u00e7imi atlatmal\u0131y\u0131z. Sonra da benim se\u00e7imim var, 8-9 ay sonra. Ondan sonra o yeri aktif hale getiririz. \u00c7\u00fcnk\u00fc kentsel d\u00f6n\u00fc\u015f\u00fcmle bu t\u00fcr yerler a\u00e7abiliyoruz. Tekstil kent projesi hedefimizde kesinlikle var. Bu i\u015fin i\u00e7erisine TOK\u0130\u2019yi de kataca\u011f\u0131z ki bunun g\u00f6r\u00fc\u015fmelerini de yapt\u0131k. Ama biraz sabredin ve bize g\u00fcvenin. Bug\u00fcne kadar biz ne s\u00f6z verdiysek yerine getirdik. Sadece biraz zamana ihtiyac\u0131m\u0131z var\u201d ifadelerini kulland\u0131.<br \/>\n\u00c7a\u011flayan; \u201cEsnaf odalar\u0131 b\u00fcy\u00fcmeye haz\u0131r fidanlard\u0131r\u201d<br \/>\nEski Ekonomi Bakan\u0131 Zafer \u00c7a\u011flayan da bulu\u015fmada yapt\u0131\u011f\u0131 konu\u015fmada, kendini misafir olarak de\u011fil ev sahibi olarak niteledi; \u201cBakan oldu\u011fum zamanlarda da vaktimin \u00e7o\u011funu esnaf odalar\u0131m\u0131za ay\u0131rd\u0131m. \u00c7\u00fcnk\u00fc esnaf odalar\u0131 fidanl\u0131kt\u0131r. O fidanl\u0131k b\u00fcy\u00fcr; KOB\u0130 olur, b\u00fcy\u00fck sanayi olur\u201d dedi. Konfeksiyon sekt\u00f6r\u00fcn\u00fc de iyi tan\u0131d\u0131\u011f\u0131n\u0131 kaydeden Zafer \u00c7a\u011flayan; \u201cT\u00fcrkiye\u2019nin gerek tekstil, gerek konfeksiyonda sekt\u00f6rlerin bir\u00e7o\u011funu bilirim. Hem sanayi hem devlet hem de ekonomi bakanl\u0131\u011f\u0131mda, ihracat\u0131n da d\u00fcmenine ge\u00e7ti\u011fimde g\u00f6rd\u00fcm ki lokomotif tekstil konfeksiyon sekt\u00f6r\u00fc. Bu sekt\u00f6r, sadece ihracat, \u00fcretim, yat\u0131r\u0131m de\u011fil, ayr\u0131ca istihdam da demek\u201d \u015feklinde konu\u015ftu.<\/p>\n","protected":false},"excerpt":{"rendered":"<p>Mersin Tekstil \u00dcreticileri Derne\u011fi y\u00f6netimi ve esnaf\u0131 ile bir araya gelen Ba\u015fkan G\u00fcltak, Mersin\u2019de \u201cTekstil Kent Projesini\u201d hayata ge\u00e7irmek istediklerini ifade ederek; \u201c\u00dczerinde \u00e7al\u0131\u015ft\u0131\u011f\u0131m\u0131z bir yer var, projesi de haz\u0131r. &hellip; <a href=\"https:\/\/akdenizolaygazetesi.com\/?p=25533\" class=\"more-link\">Devam\u0131n\u0131 Oku&#8230;<\/a><\/p>\n","protected":false},"author":2,"featured_media":25534,"comment_status":"open","ping_status":"open","sticky":false,"template":"","format":"standard","meta":[],"categories":[8,2,3],"tags":[],"_links":{"self":[{"href":"https:\/\/akdenizolaygazetesi.com\/index.php?rest_route=\/wp\/v2\/posts\/25533"}],"collection":[{"href":"https:\/\/akdenizolaygazetesi.com\/index.php?rest_route=\/wp\/v2\/posts"}],"about":[{"href":"https:\/\/akdenizolaygazetesi.com\/index.php?rest_route=\/wp\/v2\/types\/post"}],"author":[{"embeddable":true,"href":"https:\/\/akdenizolaygazetesi.com\/index.php?rest_route=\/wp\/v2\/users\/2"}],"replies":[{"embeddable":true,"href":"https:\/\/akdenizolaygazetesi.com\/index.php?rest_route=%2Fwp%2Fv2%2Fcomments&post=25533"}],"version-history":[{"count":1,"href":"https:\/\/akdenizolaygazetesi.com\/index.php?rest_route=\/wp\/v2\/posts\/25533\/revisions"}],"predecessor-version":[{"id":25535,"href":"https:\/\/akdenizolaygazetesi.com\/index.php?rest_route=\/wp\/v2\/posts\/25533\/revisions\/25535"}],"wp:featuredmedia":[{"embeddable":true,"href":"https:\/\/akdenizolaygazetesi.com\/index.php?rest_route=\/wp\/v2\/media\/25534"}],"wp:attachment":[{"href":"https:\/\/akdenizolaygazetesi.com\/index.php?rest_route=%2Fwp%2Fv2%2Fmedia&parent=25533"}],"wp:term":[{"taxonomy":"category","embeddable":true,"href":"https:\/\/akdenizolaygazetesi.com\/index.php?rest_route=%2Fwp%2Fv2%2Fcategories&post=25533"},{"taxonomy":"post_tag","embeddable":true,"href":"https:\/\/akdenizolaygazetesi.com\/index.php?rest_route=%2Fwp%2Fv2%2Ftags&post=25533"}],"curies":[{"name":"wp","href":"https:\/\/api.w.org\/{rel}","templated":true}]}}