{"id":25536,"date":"2023-05-03T13:11:27","date_gmt":"2023-05-03T10:11:27","guid":{"rendered":"http:\/\/akdenizolaygazetesi.com\/?p=25536"},"modified":"2023-05-03T13:11:27","modified_gmt":"2023-05-03T10:11:27","slug":"buyuksehirden-ozel-gereksinimli-yurttaslara-akulu-sandalye","status":"publish","type":"post","link":"https:\/\/akdenizolaygazetesi.com\/?p=25536","title":{"rendered":"B\u00dcY\u00dcK\u015eEH\u0130R&#8217;DEN \u00d6ZEL GEREKS\u0130N\u0130ML\u0130 YURTTA\u015eLARA AK\u00dcL\u00dc SANDALYE"},"content":{"rendered":"<p>Mersin B\u00fcy\u00fck\u015fehir Belediye Ba\u015fkan\u0131 Vahap Se\u00e7er, B\u00fcy\u00fck\u015fehir Belediyesi Sa\u011fl\u0131k \u0130\u015fleri Dairesi Ba\u015fkanl\u0131\u011f\u0131 ile \u00c7\u0130MSA i\u015f birli\u011finde ihtiya\u00e7 sahibi \u00f6zel gereksinimli bireylere y\u00f6nelik ger\u00e7ekle\u015ftirilen &#8216;Ak\u00fcl\u00fc Sandalye Da\u011f\u0131t\u0131m T\u00f6reni&#8217;ne kat\u0131ld\u0131. T\u00f6rende, 50 ihtiya\u00e7 sahibi bireye ak\u00fcl\u00fc sandalye da\u011f\u0131t\u0131m\u0131 ger\u00e7ekle\u015ftirildi. Konu\u015fmas\u0131na, vatanda\u015flara yapt\u0131klar\u0131 hizmeti lay\u0131\u011f\u0131 ile ula\u015ft\u0131rabilmenin ve onlara g\u00fclery\u00fcz, \u015fefkat, samimiyetle hizmet etmenin kendisini mutlu etti\u011fini belirterek ba\u015flayan Ba\u015fkan Se\u00e7er, bir siyaset\u00e7inin yapt\u0131\u011f\u0131 hizmetlerden ba\u015fka bir beklentisi olmamas\u0131 gerekti\u011fini s\u00f6yledi. Se\u00e7er, &#8220;Bir siyaset\u00e7i, belediye ba\u015fkan\u0131, milletvekili, bakan ya da cumhurba\u015fkan\u0131; e\u011fer halk\u0131n\u0131 sevmiyorsa, onun ac\u0131s\u0131n\u0131 hissetmiyorsa, payla\u015fm\u0131yorsa, mutlulu\u011funu payla\u015fm\u0131yorsa, zaten akl\u0131 ba\u015fka yerdedir, ba\u015fka i\u015fler i\u00e7in yap\u0131yordur o i\u015fleri. Zaten biz de T\u00fcrkiye&#8217;de bu anlay\u0131\u015f\u0131 de\u011fi\u015ftirelim diyoruz&#8221; dedi.<\/p>\n<p>&#8220;Bizler sizleri seviyoruz&#8221;<br \/>\nT\u00fcrkiye&#8217;nin \u00e7ok zengin bir \u00fclke, Mersin&#8217;in de \u00e7ok zengin bir kent oldu\u011funa vurgu yapan Ba\u015fkan Se\u00e7er, &#8220;Ben de \u00e7ok g\u00fc\u00e7l\u00fc bir belediyenin ba\u015fkan\u0131y\u0131m. Bizim gelirimiz iyi. Bunu da her belediye ba\u015fkan\u0131 s\u00f6ylemiyor, s\u00f6ylemez.  Ama ben s\u00f6yl\u00fcyorum. Bizler de g\u00fc\u00e7l\u00fcy\u00fcz. Bilgimizle, birikimimizle, azmimizle, \u015fevkimizle g\u00fc\u00e7l\u00fcy\u00fcz. Benim mesai arkada\u015flar\u0131m bu bilin\u00e7te insanlardan olu\u015fuyor. Genel Sekreter&#8217;den en alt kademede \u00e7al\u0131\u015fan belediye \u00e7al\u0131\u015fan\u0131m\u0131z\u0131n tamam\u0131 bu duygu ve d\u00fc\u015f\u00fcnceleri besleyerek Mersin halk\u0131na hizmet etmek zorunda. Bizler sizleri seviyoruz&#8221; diye konu\u015ftu.<\/p>\n<p>&#8220;Kay\u0131rmac\u0131l\u0131\u011f\u0131 reddediyoruz. T\u00fcrkiye bu i\u015ften bezmi\u015f, b\u0131km\u0131\u015f durumda&#8221;<br \/>\n\u00c7\u0130MSA&#8217;n\u0131n 2015 y\u0131l\u0131ndan bu yana Mersin B\u00fcy\u00fck\u015fehir Belediyesi ile i\u015fbirli\u011fi i\u00e7erisinde ak\u00fcl\u00fc sandalye da\u011f\u0131t\u0131m\u0131 ger\u00e7ekle\u015ftirdi\u011fini hat\u0131rlatan Ba\u015fkan Se\u00e7er, &#8220;\u0130ki ciddi kurumun bu ortakl\u0131\u011f\u0131 son derece \u00f6nemli. Bu insanlar bize katk\u0131 yap\u0131yor. Biz de bu kaynaklar\u0131 yerine ula\u015ft\u0131rmak zorunday\u0131z. Burada belediye ba\u015fkan\u0131n\u0131n do\u011fru adam olmas\u0131 laz\u0131m, paray\u0131 ona emanet edeceksin. Hain olmayacak, &#8216;Para benim de\u011fil. Bunun vebali b\u00fcy\u00fck, t\u00fcy\u00fc bitmemi\u015f yetimin hakk\u0131 var&#8217; diyecek. Yapt\u0131\u011f\u0131m\u0131z t\u00fcm projelerde \u00f6yle. Kay\u0131rmac\u0131l\u0131\u011f\u0131 reddediyoruz. T\u00fcrkiye bu i\u015ften bezmi\u015f, b\u0131km\u0131\u015f durumda&#8221; ifadelerini kulland\u0131.<\/p>\n<p>&#8220;536 adet medikal malzeme deste\u011finin 496 adeti deprem b\u00f6lgesindeki yurtta\u015flar\u0131m\u0131za verildi&#8221;<br \/>\nBa\u015fkan Se\u00e7er, kendisi g\u00f6reve geldi\u011finden itibaren \u015fimdiye kadar 257 adet ak\u00fcl\u00fc sandalye yard\u0131m\u0131nda bulunduklar\u0131n\u0131 belirterek, bu desteklerde \u00f6nemli pay\u0131 olan \u00c7\u0130MSA&#8217;ya ve Mersin Fabrika M\u00fcd\u00fcr\u00fc Onur Toker&#8217;e te\u015fekk\u00fcr etti. Sa\u011fl\u0131k \u0130\u015fleri Dairesi Ba\u015fkanl\u0131\u011f\u0131&#8217;n\u0131n \u00f6zellikle deprem sonras\u0131nda \u00e7ok say\u0131da medikal deste\u011fi yapt\u0131\u011f\u0131na dikkat \u00e7eken Ba\u015fkan Se\u00e7er \u015funlar\u0131 kaydetti: &#8220;\u00c7ok b\u00fcy\u00fck \u00fcz\u00fcnt\u00fcler ya\u015fad\u0131k o s\u00fcre\u00e7te. Ac\u0131lar\u0131, g\u00f6rd\u00fc\u011f\u00fcm\u00fcz resimleri tarif etmemiz m\u00fcmk\u00fcn de\u011fil. Mersin g\u00f6revini yapt\u0131, emin olabilirsiniz Mersin B\u00fcy\u00fck\u015fehir Belediyesi de hem idari hem vicdani ve insani g\u00f6revini yerine getirdi. Mersinliler olarak m\u00fcsterih olabilirsiniz. B\u00f6yle sorumluluk sahibi bir kentin evlad\u0131 olmaktan kendinizle bu anlamda gurur duyabilirsiniz. Bizim de bu s\u00fcre\u00e7te 536 medikal malzeme yard\u0131m\u0131m\u0131z oldu. Bu 536 adet medikal malzeme deste\u011finin 496 adeti deprem b\u00f6lgesindeki yurtta\u015flar\u0131m\u0131za yap\u0131ld\u0131.&#8221;<\/p>\n<p>&#8220;400&#8217;e yak\u0131n bireye malzeme deste\u011fi verdik&#8221;<br \/>\n\u0130htiya\u00e7 sahiplerine verilen medikal malzeme desteklerinin bak\u0131mlar\u0131n\u0131n da son derece \u00f6nemli oldu\u011funu belirten Se\u00e7er, B\u00fcy\u00fck\u015fehir&#8217;in bak\u0131m-onar\u0131m hizmeti de verdi\u011fini kaydetti. \u015eu ana kadar da yakla\u015f\u0131k 200 yurtta\u015f\u0131n bu y\u00f6ndeki talebinin yerine getirildi\u011fini s\u00f6yleyen Se\u00e7er, bin 400&#8217;e yak\u0131n bireyin de malzeme deste\u011fi talebinin kar\u015f\u0131land\u0131\u011f\u0131n\u0131 vurgulad\u0131.  <\/p>\n<p>\u00d6zel gereksinimli bireylere y\u00f6nelik faaliyet g\u00f6steren Mola Evlerini de \u00f6nemsediklerini s\u00f6yleyen Se\u00e7er, &#8220;Engelli \u00e7ocu\u011fu olan anne pazara, doktora giderken, \u00f6zel gereksinimli \u00e7ocuklar\u0131n ehil, g\u00fcvenilir ellere teslimi i\u00e7in Mola Evleri son derece \u00f6nemli. G\u00f6reve geldi\u011fimiz g\u00fcnden bu yana hem Tarsus hem merkezde toplam 4 bin 902 \u00e7ocu\u011fumuza da hizmet verdik. Duyu b\u00fct\u00fcnleme terapisi ve ergoterapi hizmeti ile ebeveyn dan\u0131\u015fmanl\u0131\u011f\u0131 hizmetlerimiz de devam ediyor. Bundan 3 bin 750 \u00e7ocu\u011funuz faydaland\u0131&#8221; dedi.<\/p>\n<p>&#8220;Bir odal\u0131 evde ya\u015far\u0131m, vatanda\u015f\u0131m\u0131 hi\u00e7bir \u015feye muhta\u00e7 etmem&#8221;<br \/>\nDevletin, engellisinden sa\u011fl\u0131kl\u0131s\u0131na, kad\u0131n\u0131ndan \u00e7ocu\u011funa herkese ihtiyac\u0131 oldu\u011fu hizmetleri ula\u015ft\u0131rmas\u0131 gerekti\u011fini ifade eden Se\u00e7er, &#8220;B\u00fcy\u00fck devlet olmak b\u00fcy\u00fck binalarla, \u015fatafatla, saraylarla, l\u00fcks ara\u00e7larla olmaz. Devlet olmak sosyal olmak, fakire fukaraya bakmakt\u0131r. Cumhurba\u015fkan\u0131, Ba\u015fbakan olay\u0131m bir odal\u0131 evde ya\u015far\u0131m, hi\u00e7bir vatanda\u015f\u0131m\u0131 hi\u00e7bir \u015feye muhta\u00e7 etmem. B\u00fcy\u00fck devlet olmak budur. Alt\u0131n varakl\u0131 saraylarda ya\u015famak de\u011fildir. T\u00fcrkiye&#8217;nin d\u00fcnyada sayg\u0131n olmas\u0131 koca koca binalar de\u011fildir. \u0130nsanl\u0131\u011f\u0131n onurlu bir \u015fekilde ya\u015famas\u0131d\u0131r&#8221; ifadelerine yer vererek, devlet olman\u0131n kaynaklar\u0131 halk i\u00e7in kullanmak oldu\u011funu vurgulad\u0131.<\/p>\n<p>&#8220;Bu &#8216;Limonlar&#8217; m\u00fcthi\u015f&#8221;<br \/>\nB\u00fcy\u00fck\u015fehir&#8217;in Limonlar\u0131n\u0131n da her yurtta\u015f\u0131 d\u00fc\u015f\u00fcn\u00fclerek dizayn edildi\u011fini hat\u0131rlatan Se\u00e7er, &#8220;Bu limonlar m\u00fcthi\u015f. Bir de k\u0131sa dorse getirdik, k\u00f6ylere de gidiyor. Hepsi de b\u00f6yle sizin i\u00e7in yana yat\u0131yor ki rahat binesiniz diye rampay\u0131 a\u00e7\u0131yor. Bu yeni otob\u00fcsler muazzam. 272 otob\u00fcs geldi, \u015fimdi bir 20-25 adet daha gelecek&#8221; dedi.<\/p>\n<p>Da\u011f\u0131t\u0131m\u0131 yap\u0131lan ak\u00fcl\u00fc ara\u00e7lar i\u00e7in kent genelinde 10 Ak\u00fcl\u00fc Ara\u00e7 \u015earj \u0130stasyonu&#8217;nun da oldu\u011funu aktaran Se\u00e7er, ihtiya\u00e7 dahilinde istasyonlar\u0131n say\u0131 ve noktalar\u0131n\u0131n belirlenerek art\u0131r\u0131ld\u0131\u011f\u0131n\u0131 s\u00f6yledi.  B\u00fcy\u00fck\u015fehir&#8217;in &#8216;Engelsiz bir Mersin&#8217; i\u00e7in hayata ge\u00e7irdi\u011fi projelere de de\u011finen Se\u00e7er, &#8220;Engelli \u00e7ocuklara y\u00f6nelik Engelsiz Ya\u015fam Merkezi Egzersiz ve Koordinasyon Odas\u0131&#8217;nda sportif hizmetler veriyoruz. 8 bine yak\u0131n \u00e7ocu\u011fumuz yararland\u0131. \u0130\u015faret dili ile g\u00f6r\u00fcnt\u00fcl\u00fc destek ve \u015fikayet hatt\u0131m\u0131za gelen talepleri kar\u015f\u0131l\u0131yoruz. Yeni\u015fehir&#8217;de Engelsiz Ya\u015fam Park\u0131m\u0131z var. Orada \u00fcst\u00fc a\u00e7\u0131l\u0131p kapanan y\u00fczme havuzumuz var. Yine gen\u00e7ler, \u00e7ocuklar i\u00e7in survivor parkuru var. Bocce sahas\u0131, \u00e7ocuk oyun gruplar\u0131, masa tenisi alan\u0131, dans evi var&#8221; diye konu\u015ftu.<\/p>\n<p>Otizm Merkezi yak\u0131nda Mersinlilerin hizmetinde<br \/>\nYak\u0131n zamanda hizmete girecek olan Otizm Merkezi hakk\u0131nda konu\u015fan Se\u00e7er, burada otizmli \u00e7ocuklara y\u00f6nelik birebir \u00f6zel e\u011fitim dersleri, duyu b\u00fct\u00fcnleme seanslar\u0131, grup aktiviteleri, geli\u015fim de\u011ferlendirmesi, ailelere y\u00f6nelik psikolojik, bilgilendirici e\u011fitim ve dan\u0131\u015fmanl\u0131k hizmetleri vereceklerini vurgulad\u0131.  <\/p>\n<p>Genel M\u00fcd\u00fcr Toker: &#8220;Bug\u00fcne kadar 441 adet ak\u00fcl\u00fc sandalyeyi ihtiya\u00e7 sahiplerine ba\u011f\u0131\u015flad\u0131k&#8221;<br \/>\nEngelli bireylerin sosyal ya\u015fama dahil olmalar\u0131 ve sosyal ya\u015famda kar\u015f\u0131la\u015ft\u0131klar\u0131 sorunlara dikkat \u00e7ekmek hedefiyle ba\u015flatt\u0131klar\u0131 sosyal sorumluk projesinin 9. y\u0131l\u0131n\u0131 tamamlad\u0131\u011f\u0131n\u0131 belirten \u00c7\u0130MSA Mersin Fabrika M\u00fcd\u00fcr\u00fc Onur Toker ise &#8220;Engelliler Haftas\u0131 kapsam\u0131nda Mersin B\u00fcy\u00fck\u015fehir Belediyesi&#8217;nin katk\u0131lar\u0131yla 2015 y\u0131l\u0131ndan beri s\u00fcrd\u00fcrd\u00fc\u011f\u00fcm\u00fcz kurumsal sosyal sorumluluk projesini bu y\u0131l da ger\u00e7ekle\u015ftirmekten mutluluk duyuyoruz. Bug\u00fcne kadar 441 adet ak\u00fcl\u00fc sandalyeyi ihtiya\u00e7 sahiplerine ba\u011f\u0131\u015flam\u0131\u015f bulunmaktay\u0131z. De\u011ferli i\u015f birli\u011fi i\u00e7in Mersin B\u00fcy\u00fck\u015fehir Belediye Ba\u015fkan\u0131 Vahap Se\u00e7er Bey&#8217;e, Engelliler ve Sa\u011fl\u0131k Hizmetleri Daire Ba\u015fkanl\u0131\u011f\u0131&#8217;na \u00c7\u0130MSA ad\u0131na te\u015fekk\u00fcrlerini sunar\u0131m&#8221; dedi.<\/p>\n<p>Sezgin: &#8220;Art\u0131k d\u0131\u015far\u0131 \u00e7\u0131kabiliriz Ba\u015fkan\u0131m\u0131z\u0131n sayesinde&#8221;<br \/>\n\u00d6zel gereksinimli bireylerden Halil Sezgin, &#8220;\u00c7ok mutluyuz. 2 seneden beri ben evdeyim. Kalp yetmezli\u011finden dolay\u0131 damar t\u0131kan\u0131kl\u0131\u011f\u0131 oldu. Baca\u011f\u0131m kesildi. Art\u0131k d\u0131\u015far\u0131 \u00e7\u0131kabiliriz, serbest olduk Ba\u015fkan\u0131m\u0131z\u0131n sayesinde. Sebep olanlardan da Allah raz\u0131 olsun&#8221; dedi. Sezgin, ak\u00fcl\u00fc sandalyesine kavu\u015fmadan \u00f6nce evden \u00e7\u0131kamad\u0131\u011f\u0131n\u0131 ve B\u00fcy\u00fck\u015fehir Belediyesi&#8217;nin transfer arac\u0131 ile hastaneye gitti\u011fini anlatt\u0131. Halil Sezgin&#8217;in e\u015fi Zeynep Sezgin ise &#8220;\u00c7ok mutlu oldum. \u00c7\u00fcnk\u00fc g\u00fczel \u00e7al\u0131\u015f\u0131yor, transfer arac\u0131ndan da faydalan\u0131yoruz. D\u00f6n\u00fc\u015f yapt\u0131klar\u0131nda da \u00e7ok sevindik. \u015eimdi binince art\u0131k g\u00f6rece\u011fiz, nerelere gidece\u011fiz, ne yapaca\u011f\u0131z?&#8221; diye duygular\u0131n\u0131 anlatt\u0131.<\/p>\n<p>Erkal: &#8220;\u015eu an \u00e7ok \u00f6zg\u00fcr\u00fcm, ku\u015f gibi oldum&#8221;<br \/>\nKendi kulland\u0131\u011f\u0131 ak\u00fcl\u00fc sandalyesi eskidi\u011fi ve bozuldu\u011fu i\u00e7in B\u00fcy\u00fck\u015fehir Belediyesi&#8217;ne ba\u015fvuran ve yeni ak\u00fcl\u00fc sandalyesine kavu\u015fan bir di\u011fer \u00f6zel gereksinimli birey G\u00fclistan Erkal da \u00e7ok mutlu ve heyecanl\u0131 oldu\u011funu dile getirdi. Erkal, &#8220;15 g\u00fcn boyunca bozuktu, ben hapis gibiydim. \u015eu an \u00e7ok \u00f6zg\u00fcr\u00fcm, ku\u015f gibi oldum. \u00c7ok mutluyum. Bozuldu\u011fu an benim kalbim duruyor, ben \u00e7ok korkuyorum bozulmas\u0131ndan. Yani hep t\u00fcm ihtiyac\u0131m\u0131 bununla kar\u015f\u0131l\u0131yorum. Pazar\u0131ma giderim, d\u00fckk\u00e2n\u0131ma giderim. Bazen kimse olmad\u0131\u011f\u0131 i\u00e7in bununla gidip geliyorum. \u015eu an \u00e7ok mutluyum ger\u00e7ekten, \u00e7ok duyguluyum&#8221; ifadelerine yer verdi.<\/p>\n<p>Demir: &#8220;Engelli hayat\u0131m\u0131za g\u00fcne\u015f gibi do\u011fan Belediye Ba\u015fkan\u0131m\u0131z Vahap Se\u00e7er&#8217;e \u00e7ok te\u015fekk\u00fcr ediyorum&#8221;<br \/>\nAk\u00fcl\u00fc sandalyesine kavu\u015fan yurtta\u015flardan Miyase Demir, &#8220;Engelli hayat\u0131m\u0131za g\u00fcne\u015f gibi do\u011fan Belediye Ba\u015fkan\u0131m\u0131z Vahap Se\u00e7er&#8217;e, \u00c7\u0130MSA Mersin Fabrika M\u00fcd\u00fcr\u00fc Onur Bey&#8217;e \u00e7ok te\u015fekk\u00fcr ediyorum. Biz engellilerin her daim bu t\u00fcr hay\u0131rseverlere ger\u00e7ekten ihtiyac\u0131 var. \u00c7\u00fcnk\u00fc biz de engelsiz bir insand\u0131k. Engelimizden \u015fik\u00e2yetimiz yok, yeter ki bize engel olmas\u0131nlar&#8221; dedi.<\/p>\n<p>Berk: &#8220;Bize b\u00f6yle bir yard\u0131mda bulunduklar\u0131 i\u00e7in ger\u00e7ekten minnettar\u0131z&#8221;<br \/>\nAk\u00fcl\u00fc sandalye da\u011f\u0131t\u0131m\u0131ndan yararlanan Mustafa Berk ise, &#8220;Bize b\u00f6yle bir yard\u0131mda bulunduklar\u0131 i\u00e7in ger\u00e7ekten minnettar\u0131z. Daha \u00f6nce ak\u00fcl\u00fc sandalyem vard\u0131 ama biraz eskimi\u015fti. Art\u0131k kullan\u0131lamaz haldeydi. Ben de raporlar\u0131 ald\u0131m, belediyeye ba\u015fvuru yapt\u0131m. &#8216;May\u0131s ay\u0131nda \u00e7\u0131kar&#8217; dediler. Bug\u00fcn de geldik, ak\u00fcl\u00fc sandalyemizi ald\u0131k&#8221; diye konu\u015ftu.<\/p>\n","protected":false},"excerpt":{"rendered":"<p>Mersin B\u00fcy\u00fck\u015fehir Belediye Ba\u015fkan\u0131 Vahap Se\u00e7er, B\u00fcy\u00fck\u015fehir Belediyesi Sa\u011fl\u0131k \u0130\u015fleri Dairesi Ba\u015fkanl\u0131\u011f\u0131 ile \u00c7\u0130MSA i\u015f birli\u011finde ihtiya\u00e7 sahibi \u00f6zel gereksinimli bireylere y\u00f6nelik ger\u00e7ekle\u015ftirilen &#8216;Ak\u00fcl\u00fc Sandalye Da\u011f\u0131t\u0131m T\u00f6reni&#8217;ne kat\u0131ld\u0131. T\u00f6rende, 50 &hellip; <a href=\"https:\/\/akdenizolaygazetesi.com\/?p=25536\" class=\"more-link\">Devam\u0131n\u0131 Oku&#8230;<\/a><\/p>\n","protected":false},"author":2,"featured_media":25537,"comment_status":"open","ping_status":"open","sticky":false,"template":"","format":"standard","meta":[],"categories":[8,1,2,3],"tags":[],"_links":{"self":[{"href":"https:\/\/akdenizolaygazetesi.com\/index.php?rest_route=\/wp\/v2\/posts\/25536"}],"collection":[{"href":"https:\/\/akdenizolaygazetesi.com\/index.php?rest_route=\/wp\/v2\/posts"}],"about":[{"href":"https:\/\/akdenizolaygazetesi.com\/index.php?rest_route=\/wp\/v2\/types\/post"}],"author":[{"embeddable":true,"href":"https:\/\/akdenizolaygazetesi.com\/index.php?rest_route=\/wp\/v2\/users\/2"}],"replies":[{"embeddable":true,"href":"https:\/\/akdenizolaygazetesi.com\/index.php?rest_route=%2Fwp%2Fv2%2Fcomments&post=25536"}],"version-history":[{"count":1,"href":"https:\/\/akdenizolaygazetesi.com\/index.php?rest_route=\/wp\/v2\/posts\/25536\/revisions"}],"predecessor-version":[{"id":25538,"href":"https:\/\/akdenizolaygazetesi.com\/index.php?rest_route=\/wp\/v2\/posts\/25536\/revisions\/25538"}],"wp:featuredmedia":[{"embeddable":true,"href":"https:\/\/akdenizolaygazetesi.com\/index.php?rest_route=\/wp\/v2\/media\/25537"}],"wp:attachment":[{"href":"https:\/\/akdenizolaygazetesi.com\/index.php?rest_route=%2Fwp%2Fv2%2Fmedia&parent=25536"}],"wp:term":[{"taxonomy":"category","embeddable":true,"href":"https:\/\/akdenizolaygazetesi.com\/index.php?rest_route=%2Fwp%2Fv2%2Fcategories&post=25536"},{"taxonomy":"post_tag","embeddable":true,"href":"https:\/\/akdenizolaygazetesi.com\/index.php?rest_route=%2Fwp%2Fv2%2Ftags&post=25536"}],"curies":[{"name":"wp","href":"https:\/\/api.w.org\/{rel}","templated":true}]}}