{"id":25546,"date":"2023-05-03T13:15:40","date_gmt":"2023-05-03T10:15:40","guid":{"rendered":"http:\/\/akdenizolaygazetesi.com\/?p=25546"},"modified":"2023-05-03T13:15:40","modified_gmt":"2023-05-03T10:15:40","slug":"akdeniz-belediye-baskani-gultak-mersin-is-dunyasini-ziyaret-etti","status":"publish","type":"post","link":"https:\/\/akdenizolaygazetesi.com\/?p=25546","title":{"rendered":"AKDEN\u0130Z BELED\u0130YE BA\u015eKANI  G\u00dcLTAK, MERS\u0130N \u0130\u015e D\u00dcNYASINI Z\u0130YARET ETT\u0130"},"content":{"rendered":"<p>Ba\u015fkan G\u00fcltak; Hazine ve Maliye Bakan\u0131 ve Mersin Milletvekili Aday\u0131 Do\u00e7. Dr. Nureddin Nebati ile AK Parti Mersin \u0130l ve \u0130l\u00e7e Te\u015fkilatlar\u0131 ile birlikte, Mersin &#8211; Tarsus Organize Sanayi B\u00f6lgesi Y\u00f6netimi, Teknik Masura, Berdan C\u0131vata ile \u00c7ELKONSAN fabrikalar\u0131n\u0131 ziyaret etti, i\u015f insanlar\u0131 ile bir araya geldi.<\/p>\n<p>Akdeniz Belediye Ba\u015fkan\u0131 M. Mustafa G\u00fcltak, 14 May\u0131s 2023 tarihinde yap\u0131lacak Cumhurba\u015fkanl\u0131\u011f\u0131 ve Milletvekili Genel Se\u00e7im \u00e7al\u0131\u015fmalar\u0131 kapsam\u0131nda Mersin\u2019de bulunan Hazine ve Maliye Bakan\u0131 ve Mersin Milletvekili aday\u0131 Do\u00e7. Dr. Nureddin Nebati ile birlikte, i\u015f d\u00fcnyas\u0131n\u0131n akt\u00f6rleri ile bir araya geldi.<br \/>\n\u0130\u015f insanlar\u0131n\u0131n yo\u011fun ilgisiyle kar\u015f\u0131lanan kalabal\u0131k heyet, g\u00fcn i\u00e7inde Mersin &#8211; Tarsus Organize Sanayi B\u00f6lgesi Y\u00f6netim Kurulu Ba\u015fkan\u0131 Sabri Tekli, Teknik Masura, Berdan C\u0131vata ile \u00c7ELKONSAN Y\u00f6netim Kurulu Ba\u015fkan\u0131 Cemalettin Akbulut ile fabrika \u00e7al\u0131\u015fanlar\u0131n\u0131 ziyaret etti, yap\u0131lan \u00fcretimler hakk\u0131nda bilgi al\u0131p sohbet ger\u00e7ekle\u015ftirdi.<br \/>\nTOGG ile hat\u0131ra foto\u011fraf\u0131 \u00e7ektirdiler<br \/>\nHazine Bakan\u0131 ve Milletvekili Aday\u0131 Nureddin Nebati\u2019nin; T\u00fcrkiye\u2019nin ilk yerli ve milli otomobili TOGG ile ger\u00e7ekle\u015ftirdi\u011fi bulu\u015fmalarda; otomobili g\u00f6ren vatanda\u015flar\u0131n arac\u0131n etraf\u0131n\u0131 sar\u0131p hat\u0131ra foto\u011fraflar\u0131 \u00e7ektirmesi dikkat \u00e7ekti. Akdeniz Belediye Ba\u015fkan\u0131 Mustafa G\u00fcltak da yerli ve milli otomobil TOGG \u00f6n\u00fcnde foto\u011fraf \u00e7ekmeyi ihmal etmedi. Ba\u015fkan G\u00fcltak; g\u00fcn i\u00e7inde, Hazine ve Maliye Bakan\u0131 ve Mersin Milletvekili Aday\u0131 Nureddin Nebati\u2019nin, kentin katma de\u011fer ve istihdam yaratan i\u015f d\u00fcnyas\u0131 ile ger\u00e7ekle\u015ftirip sunum yapt\u0131\u011f\u0131 \u201c\u0130\u015f\u2019te Mersin\u201d ba\u015fl\u0131kl\u0131 toplant\u0131ya da kat\u0131ld\u0131. <\/p>\n","protected":false},"excerpt":{"rendered":"<p>Ba\u015fkan G\u00fcltak; Hazine ve Maliye Bakan\u0131 ve Mersin Milletvekili Aday\u0131 Do\u00e7. Dr. Nureddin Nebati ile AK Parti Mersin \u0130l ve \u0130l\u00e7e Te\u015fkilatlar\u0131 ile birlikte, Mersin &#8211; Tarsus Organize Sanayi B\u00f6lgesi &hellip; <a href=\"https:\/\/akdenizolaygazetesi.com\/?p=25546\" class=\"more-link\">Devam\u0131n\u0131 Oku&#8230;<\/a><\/p>\n","protected":false},"author":2,"featured_media":25547,"comment_status":"open","ping_status":"open","sticky":false,"template":"","format":"standard","meta":[],"categories":[2,3],"tags":[],"_links":{"self":[{"href":"https:\/\/akdenizolaygazetesi.com\/index.php?rest_route=\/wp\/v2\/posts\/25546"}],"collection":[{"href":"https:\/\/akdenizolaygazetesi.com\/index.php?rest_route=\/wp\/v2\/posts"}],"about":[{"href":"https:\/\/akdenizolaygazetesi.com\/index.php?rest_route=\/wp\/v2\/types\/post"}],"author":[{"embeddable":true,"href":"https:\/\/akdenizolaygazetesi.com\/index.php?rest_route=\/wp\/v2\/users\/2"}],"replies":[{"embeddable":true,"href":"https:\/\/akdenizolaygazetesi.com\/index.php?rest_route=%2Fwp%2Fv2%2Fcomments&post=25546"}],"version-history":[{"count":1,"href":"https:\/\/akdenizolaygazetesi.com\/index.php?rest_route=\/wp\/v2\/posts\/25546\/revisions"}],"predecessor-version":[{"id":25548,"href":"https:\/\/akdenizolaygazetesi.com\/index.php?rest_route=\/wp\/v2\/posts\/25546\/revisions\/25548"}],"wp:featuredmedia":[{"embeddable":true,"href":"https:\/\/akdenizolaygazetesi.com\/index.php?rest_route=\/wp\/v2\/media\/25547"}],"wp:attachment":[{"href":"https:\/\/akdenizolaygazetesi.com\/index.php?rest_route=%2Fwp%2Fv2%2Fmedia&parent=25546"}],"wp:term":[{"taxonomy":"category","embeddable":true,"href":"https:\/\/akdenizolaygazetesi.com\/index.php?rest_route=%2Fwp%2Fv2%2Fcategories&post=25546"},{"taxonomy":"post_tag","embeddable":true,"href":"https:\/\/akdenizolaygazetesi.com\/index.php?rest_route=%2Fwp%2Fv2%2Ftags&post=25546"}],"curies":[{"name":"wp","href":"https:\/\/api.w.org\/{rel}","templated":true}]}}