{"id":25549,"date":"2023-05-03T16:20:28","date_gmt":"2023-05-03T13:20:28","guid":{"rendered":"http:\/\/akdenizolaygazetesi.com\/?p=25549"},"modified":"2023-05-03T16:20:28","modified_gmt":"2023-05-03T13:20:28","slug":"baskan-secer-erdemli-goc-aliyor-ve-her-gecen-gun-buyuyup-gidiyor","status":"publish","type":"post","link":"https:\/\/akdenizolaygazetesi.com\/?p=25549","title":{"rendered":"BA\u015eKAN SE\u00c7ER: &#8220;ERDEML\u0130 G\u00d6\u00c7 ALIYOR VE HER GE\u00c7EN G\u00dcN B\u00dcY\u00dcY\u00dcP G\u0130D\u0130YOR&#8221;"},"content":{"rendered":"<p>&#8216;Tarlada izi olmayan\u0131n harmanda y\u00fcz\u00fc olmaz&#8217; anlay\u0131\u015f\u0131 ile hayat\u0131n her alan\u0131nda Mersinlilerin ya\u015fam\u0131n\u0131 kolayla\u015ft\u0131racak hizmetlere imza atan Mersin B\u00fcy\u00fck\u015fehir Belediye Ba\u015fkan\u0131 Vahap Se\u00e7er, en \u00e7ok \u00f6nem verdi\u011fi konulardan olan &#8216;\u00fcreticileri desteklenme&#8217; alan\u0131nda yapt\u0131\u011f\u0131 \u00e7al\u0131\u015fmalarla her kesimin takdirini toplamaya devam ediyor.<\/p>\n<p>Ba\u015fkan Se\u00e7er&#8217;in kat\u0131l\u0131m\u0131 ile Erdemli&#8217;de &#8216;Erdemli, Silifke, Mezitli ve Toroslar Sulama Borusu, Hamur Yo\u011furma Makinesi ve G\u00fcne\u015f Paneli Deste\u011fi T\u00f6reni&#8217; d\u00fczenlendi. &#8216;Destek B\u00fcy\u00fck\u015fehir&#8217;den \u00dcretim \u00c7ift\u00e7iden&#8217; slogan\u0131 ile d\u00fczenlenen da\u011f\u0131t\u0131m t\u00f6reninde Tar\u0131msal Hizmetler Dairesi Ba\u015fkanl\u0131\u011f\u0131 taraf\u0131ndan toplam 164 \u00fcreticiye g\u00fcne\u015f paneli deste\u011fi, 17 mahalleye hamur yo\u011furma makinesi deste\u011fi ve 15 mahalleye toplam 17 bin 376 metre sulama borusu deste\u011fi verildi.<\/p>\n<p>&#8220;Erdemli&#8217;yi izlemekle belediye ba\u015fkanl\u0131\u011f\u0131 olmaz. Erdemli&#8217;yi hissetmek, takip etmek laz\u0131m&#8221;<br \/>\nT\u00f6rende konu\u015fan Ba\u015fkan Se\u00e7er, \u00fcretimin merkezi olarak adland\u0131rd\u0131\u011f\u0131 Erdemli&#8217;de olmaktan dolay\u0131 mutluluk duydu\u011funu belirterek, &#8220;Erdemli&#8217;ye gelince enerjimiz y\u00fckseliyor. \u00c7\u00fcnk\u00fc ba\u015fta kad\u0131nlar olmak \u00fczere \u00e7ok enerjik ve \u00e7al\u0131\u015fkan bir kent. \u00d6zellikle kad\u0131nlar, Y\u00f6r\u00fck kad\u0131nlar ta\u015f\u0131 s\u0131ksa suyunu \u00e7\u0131kar\u0131r. \u00dcreten, \u00e7al\u0131\u015fan, vatan\u0131na milletine hay\u0131rl\u0131 \u00e7ocuklar yeti\u015ftiren kad\u0131nlar; bizim ba\u015f\u0131m\u0131z\u0131n tac\u0131 onlar. Tar\u0131ma yapt\u0131\u011f\u0131m\u0131z desteklerde de kad\u0131nlara \u00f6ncelik tan\u0131yoruz. Tar\u0131m deyince d\u00fcnyada akla T\u00fcrkiye geliyor. T\u00fcrkiye&#8217;de de Mersin, Mersin&#8217;de de \u00f6zellikle \u00f6rt\u00fc alt\u0131s\u0131yla, me\u015fhur Lamas Limonu&#8217;yla Erdemli geliyor&#8221; dedi.<\/p>\n<p>Erdemli&#8217;nin Mersin&#8217;de en h\u0131zl\u0131 b\u00fcy\u00fcyen il\u00e7elerin ba\u015f\u0131nda geldi\u011fini aktaran Se\u00e7er, &#8220;Erdemli&#8217;yi izlemekle belediye ba\u015fkanl\u0131\u011f\u0131 olmaz. Erdemli&#8217;yi hissetme, takip etmek laz\u0131m. Erdemli&#8217;de neler oluyor, Erdemli&#8217;de n\u00fcfus art\u0131yor mu, nas\u0131l bir n\u00fcfus art\u0131\u015f\u0131 oluyor, bu b\u00fcy\u00fcmeye \u00f6ncelik edecek kurumlar ne yap\u0131yor ya da bu b\u00fcy\u00fcme kar\u015f\u0131s\u0131nda hangi tedbirleri al\u0131yor. \u0130yi bir y\u00f6neticinin, iyi bir belediye ba\u015fkan\u0131n\u0131n bunu d\u00fc\u015f\u00fcnmesi laz\u0131m&#8221; diye konu\u015ftu.<\/p>\n<p>&#8220;Erdemli g\u00f6\u00e7 al\u0131yor ve her ge\u00e7en g\u00fcn b\u00fcy\u00fcyor&#8221;<br \/>\nErdemli&#8217;de de hem pandemi hem de deprem sonras\u0131 ciddi bir n\u00fcfus art\u0131\u015f\u0131 oldu\u011funa dikkat \u00e7eken Se\u00e7er, &#8220;Erdemli&#8217;deki imk\u00e2nlar dolay\u0131s\u0131yla n\u00fcfus artt\u0131. \u00c7\u00fcnk\u00fc Mersin de, Erdemli de b\u00fcy\u00fcyor, geli\u015fiyor. Erdemli tar\u0131msal \u00fcretim yapan bir kent. Toprak, al\u0131n teri ve turizm kenti. Ondan dolay\u0131 da Erdemli g\u00f6\u00e7 al\u0131yor ve her ge\u00e7en g\u00fcn b\u00fcy\u00fcy\u00fcp gidiyor&#8221; dedi. Ya\u015fanan g\u00f6\u00e7\u00fcn yaratabilece\u011fi olumsuzluklara kar\u015f\u0131 ivedilikle tedbirler al\u0131nmas\u0131 gerekti\u011fini vurgulayan Se\u00e7er, yol, altyap\u0131 \u00e7al\u0131\u015fmalar\u0131n\u0131n yan\u0131 s\u0131ra, okul, konut ve hastane say\u0131lar\u0131n\u0131n da bu g\u00f6\u00e7e ba\u011fl\u0131 art\u0131r\u0131lmas\u0131 gerekti\u011fini s\u00f6yleyerek, bunun merkezi h\u00fck\u00fcmet ile yerel y\u00f6netimlerin g\u00f6revi oldu\u011funu belirtti. <\/p>\n<p>&#8220;14 May\u0131s&#8217;tan sonra \u00fclkeye demokrasi gelecek&#8221;<br \/>\nYakla\u015f\u0131k 20&#8217;ye yak\u0131n ilin afet kapsam\u0131na al\u0131nd\u0131\u011f\u0131n\u0131, ancak yo\u011fun bir g\u00f6\u00e7 dalgas\u0131yla kar\u015f\u0131la\u015fan Mersin&#8217;in bu afet kapsam\u0131 d\u0131\u015f\u0131nda b\u0131rak\u0131ld\u0131\u011f\u0131n\u0131 hat\u0131rlatan Se\u00e7er tepkisini, &#8220;Neden Mersin&#8217;i cezaland\u0131r\u0131yorlar? Mersin B\u00fcy\u00fck\u015fehir Belediye Ba\u015fkan\u0131 Cumhuriyet Halk Partili diye mi? \u00c7\u0131k\u0131p bu ger\u00e7ekleri kamuoyuna anlatt\u0131 diye mi? Bizi mi cezaland\u0131r\u0131yorlar? Beni mi cezaland\u0131r\u0131yorlar yoksa Mersin halk\u0131n\u0131 m\u0131?&#8221; diyerek dile getirdi.<\/p>\n<p>Ya\u015fanan bu ayr\u0131mc\u0131l\u0131\u011f\u0131n 14 May\u0131s&#8217;\u0131n ard\u0131ndan son bulaca\u011f\u0131n\u0131n s\u00f6z\u00fcn\u00fc veren Se\u00e7er, &#8220;14 May\u0131s&#8217;tan sonra kurum ve kurullar\u0131 ile bu \u00fclkeye ger\u00e7ek anlamda demokrasi gelecek. Biz ayr\u0131mc\u0131l\u0131k istemiyoruz. Biz CHP&#8217;liyiz diye 13. Cumhurba\u015fkan\u0131&#8217;m\u0131zdan ayr\u0131cal\u0131k istemiyoruz. Sadece adalet istiyoruz, Mersin&#8217;e adalet istiyoruz. Mersin \u00fcretiyorsa, \u00e7al\u0131\u015f\u0131yorsa, kazan\u0131yorsa, T\u00fcrkiye&#8217;nin en \u00e7ok vergi \u00f6deyen kentleri aras\u0131ndaysa, ilk 5, ilk 6&#8217;da ise Mersin hakk\u0131n\u0131 alacak. Bunu istiyoruz, istedi\u011fimiz budur. Kendimiz i\u00e7in istemiyoruz, sizler i\u00e7in istiyoruz. Mersin&#8217;imiz i\u00e7in istiyoruz. Mersin Belediye Ba\u015fkan\u0131 olarak istiyoruz Mersinliler i\u00e7in istiyoruz&#8221; ifadelerini kulland\u0131.<\/p>\n<p>&#8220;360 \u00fcreticimize g\u00fcne\u015f paneli deste\u011fi yapaca\u011f\u0131z&#8221;<br \/>\nBa\u015fkan Se\u00e7er, 4 y\u0131ld\u0131r t\u00fcm k\u00fc\u00e7\u00fck \u00fcreticilerin yan\u0131nda olduklar\u0131n\u0131 ve ilk kez bu y\u0131l g\u00fcne\u015f paneli deste\u011fi vereceklerini belirterek, &#8220;Konarg\u00f6\u00e7er Y\u00f6r\u00fck karde\u015flerim k\u0131\u015f\u0131n ovada yaz\u0131n da\u011flarda zor ko\u015fullarda hayvanc\u0131l\u0131kla u\u011fra\u015f\u0131r. 300 yeti\u015ftiricimize g\u00fcne\u015f paneli deste\u011fi veriyorduk. Adem Ba\u015fkan bir ziyaretinde &#8216;Ba\u015fkan\u0131m talep fazla olabilir, bunu art\u0131ral\u0131m&#8217; dedi. Al\u0131m yap\u0131lm\u0131\u015ft\u0131 yasal olarak y\u00fczde 20 art\u0131\u015f imkan\u0131m vard\u0131 hemen kulland\u0131k. \u015eu anda 54&#8217;\u00fc kad\u0131n olmak \u00fczere toplam 360 \u00fcreticimize g\u00fcne\u015f paneli deste\u011fi yapaca\u011f\u0131z&#8221; dedi.<br \/>\nBa\u015fkan Se\u00e7er, isteyen her mahalle muhtar\u0131n\u0131n hamur yo\u011furma makinesi taleplerini de kar\u015f\u0131lad\u0131klar\u0131n\u0131 hat\u0131rlatarak, &#8220;Bu y\u0131l 100 adet hamur yo\u011furma makinesi da\u011f\u0131t\u0131yoruz. Bug\u00fcn 3 il\u00e7emizde; Mezitli, Silifke, Toroslar&#8217;da 17 adet hamur yo\u011furma makinesi da\u011f\u0131t\u0131m\u0131n\u0131 ger\u00e7ekle\u015ftirece\u011fiz&#8221; diye konu\u015ftu.<\/p>\n<p>&#8220;Bug\u00fcne kadar 162 kilometre sulama borusu da\u011f\u0131t\u0131m\u0131m\u0131z oldu&#8221;<br \/>\nSe\u00e7er, \u00fcreticilere sulama borusu deste\u011finde bulunmaya devam edeceklerini s\u00f6yleyerek, &#8220;Su olmazsa \u00fcretim olmuyor, bereket, kalite olmuyor. Bug\u00fcne kadar 162 kilometre da\u011f\u0131t\u0131m\u0131m\u0131z oldu. Pandemi ve ekonomik kriz asl\u0131nda hedeflerimizde sapmaya neden oldu ama bu y\u0131l 94 kilometre da\u011f\u0131t\u0131m ger\u00e7ekle\u015ftirece\u011fiz. Bug\u00fcn burada toplam 17 bin 376 metre HDPE-100 boru plastik boru da\u011f\u0131t\u0131m\u0131 yapaca\u011f\u0131z. Erdemli&#8217;ye 5 bin 344, Silifke&#8217;ye 5 bin 204, Toroslara 6 bin 828 metre. Hemen ard\u0131ndan \u00f6n\u00fcm\u00fczdeki g\u00fcnlerde \u00e7elik borular\u0131m\u0131z gelecek. Erdemli&#8217;ye 10 bin 422, Silifke&#8217;ye 9 bin 846, Toroslar&#8217;a 3 bin 906 ve Mezitli&#8217;ye 3 bin 126 metre olmak \u00fczere 27 bin 300 metre daha \u00e7elik boruyu de\u011ferli \u00fcreticilerimize teslim edece\u011fiz&#8221; dedi.<\/p>\n<p>Ba\u015fkan Se\u00e7er, fide fidandan, alet ekipman deste\u011fine kadar tar\u0131m\u0131n her alan\u0131nda k\u00fc\u00e7\u00fck \u00f6l\u00e7ekli \u00fcreticilerin yan\u0131nda olduklar\u0131n\u0131 s\u00f6yleyerek, en \u00f6nem verdi\u011fi projeler aras\u0131nda olan &#8216;Haydi Gel K\u00f6y\u00fcm\u00fcze Destek Verelim&#8217; projesini anlatt\u0131. Se\u00e7er, &#8220;T\u00fcrkiye&#8217;ye \u00f6rnek olacak bir uygulama diyorum. 15 May\u0131s&#8217;tan sonra yine bahar geldi\u011finde, i\u015fi bilen bir Tar\u0131m Bakan\u0131&#8217;yla T\u00fcrkiye tar\u0131m\u0131 \u015fekillendi\u011finde, Mersin B\u00fcy\u00fck\u015fehir Belediyesi&#8217;nin uygulamaya koydu\u011fu hayvanc\u0131l\u0131k modelini T\u00fcrkiye&#8217;ye uygulataca\u011f\u0131z. Bu b\u00f6lgede herkes \u00e7ift\u00e7idir, ben de \u00e7ift\u00e7iyim. Herkesin atadan, babadan, dededen bir tarlas\u0131 bah\u00e7esi vard\u0131r. Biz her y\u0131l 60 k\u00fc\u00e7\u00fck \u00fcreticiye 25&#8217;er hayvan, 1 y\u0131ll\u0131k yemini ve veteriner hizmetlerini veriyoruz. Her y\u0131l 1500 hayvan, 3 y\u0131l\u0131 bitirdik, 4. y\u0131la girdik. 4 bin 500 hayvan da\u011f\u0131tt\u0131k&#8221; dedi.<\/p>\n<p>&#8220;Bu y\u0131l sonu itibari ile 6 bin hayvan da\u011f\u0131t\u0131lm\u0131\u015f olacak&#8221;<br \/>\n1500 hayvan\u0131n\u0131n ilerleyen g\u00fcnlerde da\u011f\u0131t\u0131m\u0131na ba\u015flanaca\u011f\u0131n\u0131 belirten Se\u00e7er, &#8220;Bu y\u0131l sonu itibari ile 6 bin hayvan da\u011f\u0131t\u0131lm\u0131\u015f olacak. Proje \u015f\u00f6yle y\u00fcr\u00fcyor; ben size 25 ba\u015f hayvan\u0131 veriyorum ama ger\u00e7ekten \u00fcretici olacaks\u0131n\u0131z. \u00d6yle torpil ge\u00e7miyor bu i\u015fte. O i\u015fler yok bizde. Hakk\u0131 olan hakk\u0131n\u0131 alacak bu \u00fclkede, torpili olan de\u011fil. Benim partime oy vermi\u015f, vermemi\u015f meselesi de\u011fil. \u00c7\u00fcnk\u00fc bu proje i\u00e7in harcad\u0131\u011f\u0131m\u0131z para ne benim param ne CHP&#8217;nin paras\u0131, o halk\u0131n paras\u0131. Onun i\u00e7in adalet. \u00d6nemli olan sizdeki emaneti namusumuzla tekrar size ula\u015ft\u0131rmak. Namuslu y\u00f6neticinin i\u015fi budur, gerisi laf-\u0131 g\u00fczaf&#8221; diye konu\u015ftu.<\/p>\n<p>&#8220;Tarlada izimiz var, \u00e7al\u0131\u015f\u0131yoruz&#8221;<br \/>\nVatanda\u015flara Erdemli&#8217;ye yap\u0131lan hizmetlerden memnun olup olmad\u0131klar\u0131n\u0131 soran Ba\u015fkan Se\u00e7er, memnuniyetin fazla oldu\u011funu belirterek, &#8220;Vizeyi, hizmetimizle halktan al\u0131r\u0131z. Tarlada izi olmayan\u0131n harmanda y\u00fcz\u00fc olmaz. Tarlada izimiz var, \u00e7al\u0131\u015f\u0131yoruz. Mergin&#8217;i, Lamos K\u00f6pr\u00fcs\u00fc&#8217;n\u00fc, \u00dcz\u00fcml\u00fc&#8217;y\u00fc, Mezitli&#8217;ye ba\u011flayan k\u00f6pr\u00fcy\u00fc  yapaca\u011f\u0131z dedik, yapt\u0131k. Bug\u00fcne kadar tarihinde musluktan su almam\u0131\u015f, su i\u00e7memi\u015f Ay\u015fe teyzemin suyunu \u015eahna&#8217;da ak\u0131tt\u0131k. Demek ki \u00e7al\u0131\u015f\u0131yoruz, demek ki emek ediyoruz. Ana caddelerinizi yapt\u0131k, yap\u0131yoruz&#8221; ifadelerini kulland\u0131.<\/p>\n<p>&#8220;Mersinimizin menfaati her \u015feyden \u00fcsttedir&#8221;<br \/>\nT\u00f6m\u00fck&#8217;\u00fcn kanalizasyon sorunu oldu\u011funu ve 4 y\u0131ld\u0131r kredi i\u00e7in u\u011fra\u015ft\u0131klar\u0131n\u0131 s\u00f6zlerine ekleyen Ba\u015fkan Se\u00e7er, &#8220;15 May\u0131s&#8217;tan sonra bu \u00fclkede ayr\u0131mc\u0131l\u0131k kalkt\u0131\u011f\u0131nda, &#8216;Senin belediyen benim belediyem&#8217; , &#8216;Senin partin benim partim&#8217; ayr\u0131m\u0131 kalkt\u0131\u011f\u0131nda, \u0130ller Bankas\u0131&#8217;ndan 4 y\u0131ld\u0131r bana p\u00f6steki sayd\u0131rd\u0131klar\u0131 T\u00f6m\u00fckle ilgili 17 milyon Euro&#8217;luk kredi birka\u00e7 ay i\u00e7erisinde MESK\u0130&#8217;nin hesab\u0131na girecek, adalet yerini bulacak, hak yerini bulacak. Erdemli bunu hak ediyor, Mersin bunu hak ediyor. Size s\u00f6z\u00fcm\u00fcz s\u00f6z. Biz Mersin&#8217;e hizmet etmekle m\u00fckellefiz. Mersinimizin menfaati her \u015feyden \u00fcsttedir. Yeter ki derdimizi anlatacak bir Cumhurba\u015fkan\u0131m\u0131z olsun&#8221; \u015feklinde konu\u015ftu.<\/p>\n<p>&#8220;Mersin&#8217;in \u00f6n\u00fcnde art\u0131k kimse duramaz&#8221;<br \/>\nMetro projesini imzalatabilmek ad\u0131na Cumhurba\u015fkan\u0131 ile g\u00f6r\u00fc\u015ft\u00fc\u011f\u00fcn\u00fc ancak sonu\u00e7 alamad\u0131\u011f\u0131n\u0131 kaydeden Ba\u015fkan Se\u00e7er, &#8220;Bilan\u00e7om da temiz. \u00d6nceki belediye y\u00f6netimi Mersin B\u00fcy\u00fck\u015fehir Belediyesi&#8217;nde bana 400 milyon dolar bor\u00e7 teslim etti. \u015eu anda Mersin B\u00fcy\u00fck\u015fehir Belediyesi&#8217;nin bor\u00e7 miktar\u0131 100-120 milyon dolarlara d\u00fc\u015ft\u00fc. Yani bor\u00e7lanmadan hem k\u00f6t\u00fc miras\u0131 temizlemi\u015fim, hem de yat\u0131r\u0131m yapm\u0131\u015f\u0131m Mersin&#8217;e. Neden bunu imzalam\u0131yorsunuz. &#8216;Mersin&#8217;e pozitif bak\u0131n,  Mersin \u00f6nemli?&#8217; dedim ama bir sonu\u00e7 alamad\u0131m. \u0130n\u015fallah 13. Cumhurba\u015fkan\u0131m, halden anlayan bir insan Say\u0131n K\u0131l\u0131\u00e7daro\u011flu. Metro projesinin finansman\u0131 da, T\u00f6m\u00fck&#8217;\u00fcn kanalizasyon ar\u0131tma tesisi plan\u0131 da, Anamurun Otluca Projesi de, Tarsus&#8217;un Ova kanalizasyon yap\u0131m i\u015fi de onaylan\u0131r. B\u00fct\u00fcn bu krediler onaylan\u0131r, Mersin&#8217;in \u00f6n\u00fcnde art\u0131k kimse duramaz&#8221; dedi.<\/p>\n<p>Baz\u0131 illerin devlet yat\u0131r\u0131mlar\u0131 ald\u0131\u011f\u0131n\u0131 ancak Mersin&#8217;in ayn\u0131 oranda almad\u0131\u011f\u0131n\u0131 s\u00f6zlerine ekleyen Ba\u015fkan Se\u00e7er, \u015funlar\u0131 s\u00f6yledi:<br \/>\n&#8220;Antep, Kayseri, Malatya, Ni\u011fde bizden \u00e7ok daha fazla m\u0131 T\u00fcrkiye&#8217;ye katk\u0131 yap\u0131yor? Konya, Kayseri bu kadar devlet yat\u0131r\u0131mlar\u0131n\u0131 al\u0131rken benim Mersinim neden alm\u0131yor. Gidin Konya&#8217;ya, Kayseri&#8217;ye, Antep&#8217;e; k\u00f6pr\u00fcl\u00fc kav\u015faklar var merkezlerde. Bak\u0131n kim yapm\u0131\u015f. Hep Karayollar\u0131. Karayollar\u0131 burada k\u00f6pr\u00fcl\u00fc kav\u015fak yapm\u0131\u015f m\u0131? Hep Mersin B\u00fcy\u00fck\u015fehir Belediyesi yap\u0131yor. Niye? Biz \u00fcvey evlat m\u0131y\u0131z? Biz de bu \u00fclkenin \u00f6z evlad\u0131y\u0131z. Biz de bu vatan\u0131 seviyoruz. Ulu \u00d6nder Mustafa Kemal Atat\u00fcrk&#8217;\u00fcn \u015fehridir Mersin. &#8216;Mersinliler Mersin&#8217;e sahip \u00e7\u0131k\u0131n\u0131z &#8216;diyen Mustafa Kemal Atat\u00fcrk&#8217;\u00fcn yolunda gidiyoruz. Mersinimize sahip \u00e7\u0131kaca\u011f\u0131z.&#8221;<\/p>\n<p>&#8220;Kara \u00e7ad\u0131r\u0131m\u0131z\u0131n \u0131\u015f\u0131\u011f\u0131 oldu\u011fu i\u00e7in Vahap Ba\u015fkan\u0131m&#8217;a te\u015fekk\u00fcr ederim&#8221;<br \/>\nBa\u015fkan Se\u00e7er&#8217;den Erdemli &#8216;de ki ar\u0131c\u0131lar i\u00e7in g\u00fcne\u015f paneli deste\u011fi say\u0131s\u0131n\u0131 art\u0131rmas\u0131n\u0131 istediklerini ve an\u0131nda olumlu cevap ald\u0131klar\u0131n\u0131 ifade eden Mersin \u0130li Ar\u0131 Yeti\u015ftiricileri Birli\u011fi Ba\u015fkan\u0131 Adem Kurt ise &#8220;Son zamanlarda ayda 1-2 defa b\u00fct\u00fcn il\u00e7elerimizde \u00e7ift\u00e7ilere y\u00f6nelik Ba\u015fkan\u0131m\u0131n da\u011f\u0131t\u0131m t\u00f6reni var. Biz B\u00fcy\u00fck\u015fehir&#8217;de Vahap Ba\u015fkan&#8217;la birlikte \u00e7ift\u00e7ilere y\u00f6nelik e\u011filim, hizmetin oldu\u011funu \u00f6\u011frenmi\u015f olduk&#8221; diye konu\u015furken, Erdemli Ziraat Odas\u0131 Meclis Ba\u015fkan\u0131 Mehmet Kaya bu t\u00fcr hizmetlerin Erdemli, \u00fcreticiler ve \u00e7ift\u00e7iler i\u00e7in devam\u0131n\u0131 dilediklerini belirterek, verilen desteklerden \u00f6t\u00fcr\u00fc te\u015fekk\u00fcr etti.<\/p>\n<p>Sulama borusu deste\u011finden faydalanan Erdemli \u0130lemin Sulama Kooperatifi Ba\u015fkan\u0131 Mustafa Aydo\u011fmu\u015f, destekler i\u00e7in te\u015fekk\u00fcr ederek, &#8220;Sulama sorular\u0131n\u0131n devam\u0131n\u0131n verilmesini rica ediyorum&#8221; derken, Hamur Yo\u011furma Makinesi Deste\u011fi Projesi&#8217;nden faydalanan Silifke Yeni Mahalle Muhtar\u0131 Sebahat Y\u0131lmaz da, &#8220;\u00d6zellikle kad\u0131nlar\u0131m\u0131za bu g\u00fczel hediyeyi hediye etti\u011fi i\u00e7in t\u00fcm muhtar arkada\u015flar\u0131m ve \u015fahs\u0131m ad\u0131na te\u015fekk\u00fcr ederim. B\u00f6yle g\u00fczel projelerde bir araya gelme dileklerimle&#8221; diye konu\u015ftu.<\/p>\n<p>G\u00fcne\u015f Paneli Deste\u011fi Projesi&#8217;nden faydalanan Karaahmetli Mahallesi&#8217;nden \u00fcretici Zeynep Tekin, &#8220;Biz k\u00fc\u00e7\u00fck ya\u015ftan beri hayvanc\u0131l\u0131kla u\u011fra\u015f\u0131yoruz, \u00e7ad\u0131rda kal\u0131yoruz, g\u00f6\u00e7ebeyiz. Kara \u00e7ad\u0131r\u0131m\u0131z\u0131n \u0131\u015f\u0131\u011f\u0131 oldu\u011fu i\u00e7in Mersin B\u00fcy\u00fck\u015fehir Belediye Ba\u015fkan\u0131m Vahap Se\u00e7er&#8217;e te\u015fekk\u00fcr ederim&#8221; dedi.<\/p>\n","protected":false},"excerpt":{"rendered":"<p>&#8216;Tarlada izi olmayan\u0131n harmanda y\u00fcz\u00fc olmaz&#8217; anlay\u0131\u015f\u0131 ile hayat\u0131n her alan\u0131nda Mersinlilerin ya\u015fam\u0131n\u0131 kolayla\u015ft\u0131racak hizmetlere imza atan Mersin B\u00fcy\u00fck\u015fehir Belediye Ba\u015fkan\u0131 Vahap Se\u00e7er, en \u00e7ok \u00f6nem verdi\u011fi konulardan olan &#8216;\u00fcreticileri &hellip; <a href=\"https:\/\/akdenizolaygazetesi.com\/?p=25549\" class=\"more-link\">Devam\u0131n\u0131 Oku&#8230;<\/a><\/p>\n","protected":false},"author":2,"featured_media":25550,"comment_status":"open","ping_status":"open","sticky":false,"template":"","format":"standard","meta":[],"categories":[8,2,3,11],"tags":[],"_links":{"self":[{"href":"https:\/\/akdenizolaygazetesi.com\/index.php?rest_route=\/wp\/v2\/posts\/25549"}],"collection":[{"href":"https:\/\/akdenizolaygazetesi.com\/index.php?rest_route=\/wp\/v2\/posts"}],"about":[{"href":"https:\/\/akdenizolaygazetesi.com\/index.php?rest_route=\/wp\/v2\/types\/post"}],"author":[{"embeddable":true,"href":"https:\/\/akdenizolaygazetesi.com\/index.php?rest_route=\/wp\/v2\/users\/2"}],"replies":[{"embeddable":true,"href":"https:\/\/akdenizolaygazetesi.com\/index.php?rest_route=%2Fwp%2Fv2%2Fcomments&post=25549"}],"version-history":[{"count":1,"href":"https:\/\/akdenizolaygazetesi.com\/index.php?rest_route=\/wp\/v2\/posts\/25549\/revisions"}],"predecessor-version":[{"id":25551,"href":"https:\/\/akdenizolaygazetesi.com\/index.php?rest_route=\/wp\/v2\/posts\/25549\/revisions\/25551"}],"wp:featuredmedia":[{"embeddable":true,"href":"https:\/\/akdenizolaygazetesi.com\/index.php?rest_route=\/wp\/v2\/media\/25550"}],"wp:attachment":[{"href":"https:\/\/akdenizolaygazetesi.com\/index.php?rest_route=%2Fwp%2Fv2%2Fmedia&parent=25549"}],"wp:term":[{"taxonomy":"category","embeddable":true,"href":"https:\/\/akdenizolaygazetesi.com\/index.php?rest_route=%2Fwp%2Fv2%2Fcategories&post=25549"},{"taxonomy":"post_tag","embeddable":true,"href":"https:\/\/akdenizolaygazetesi.com\/index.php?rest_route=%2Fwp%2Fv2%2Ftags&post=25549"}],"curies":[{"name":"wp","href":"https:\/\/api.w.org\/{rel}","templated":true}]}}