{"id":25552,"date":"2023-05-03T16:21:53","date_gmt":"2023-05-03T13:21:53","guid":{"rendered":"http:\/\/akdenizolaygazetesi.com\/?p=25552"},"modified":"2023-05-03T16:21:53","modified_gmt":"2023-05-03T13:21:53","slug":"mersin-devlet-opera-ve-balesinden-dunya-seckileri","status":"publish","type":"post","link":"https:\/\/akdenizolaygazetesi.com\/?p=25552","title":{"rendered":"\u201cMersin Devlet Opera ve Balesi\u2019nden D\u00fcnya Se\u00e7kileri\u201d"},"content":{"rendered":"<p>            Mersin Devlet Opera ve Balesi, Verdi, Mozart, Rossini ve Lehar  gibi d\u00fcnyaca \u00fcnl\u00fc bestecilerin eserlerinin yer ald\u0131\u011f\u0131 \u201cGala Konser\u201d ile siz sanatseverlerin kar\u015f\u0131s\u0131na \u00e7\u0131kmaya haz\u0131rlan\u0131yor.<\/p>\n<p>            Orkestra \u015fefi Naci \u00d6zg\u00fc\u00e7 y\u00f6netiminde, Mersin Devlet Opera ve Balesi Orkestras\u0131 ile solist sanat\u00e7\u0131lar; soprano Hale Soner Keke\u00e7, soprano Simge B\u00fcy\u00fckedes, soprano Sevin\u00e7 Demira\u011f, mezzo soprano Asude Karayavuz, tenor Ayd\u0131n U\u015ftuk ve bas Hasan Berk\u2019in sahne alaca\u011f\u0131 konser 6 May\u0131s 2023 Cumartesi saat 20:00\u2019de Opera Sahnesi\u2019nde ger\u00e7ekle\u015ftirilecek.<\/p>\n<p>            Biletler opera gi\u015felerinden ve biletinial.com adresinden temin edilebilecek.<\/p>\n","protected":false},"excerpt":{"rendered":"<p>Mersin Devlet Opera ve Balesi, Verdi, Mozart, Rossini ve Lehar gibi d\u00fcnyaca \u00fcnl\u00fc bestecilerin eserlerinin yer ald\u0131\u011f\u0131 \u201cGala Konser\u201d ile siz sanatseverlerin kar\u015f\u0131s\u0131na \u00e7\u0131kmaya haz\u0131rlan\u0131yor. Orkestra \u015fefi Naci \u00d6zg\u00fc\u00e7 y\u00f6netiminde, &hellip; <a href=\"https:\/\/akdenizolaygazetesi.com\/?p=25552\" class=\"more-link\">Devam\u0131n\u0131 Oku&#8230;<\/a><\/p>\n","protected":false},"author":2,"featured_media":25553,"comment_status":"open","ping_status":"open","sticky":false,"template":"","format":"standard","meta":[],"categories":[3],"tags":[],"_links":{"self":[{"href":"https:\/\/akdenizolaygazetesi.com\/index.php?rest_route=\/wp\/v2\/posts\/25552"}],"collection":[{"href":"https:\/\/akdenizolaygazetesi.com\/index.php?rest_route=\/wp\/v2\/posts"}],"about":[{"href":"https:\/\/akdenizolaygazetesi.com\/index.php?rest_route=\/wp\/v2\/types\/post"}],"author":[{"embeddable":true,"href":"https:\/\/akdenizolaygazetesi.com\/index.php?rest_route=\/wp\/v2\/users\/2"}],"replies":[{"embeddable":true,"href":"https:\/\/akdenizolaygazetesi.com\/index.php?rest_route=%2Fwp%2Fv2%2Fcomments&post=25552"}],"version-history":[{"count":1,"href":"https:\/\/akdenizolaygazetesi.com\/index.php?rest_route=\/wp\/v2\/posts\/25552\/revisions"}],"predecessor-version":[{"id":25554,"href":"https:\/\/akdenizolaygazetesi.com\/index.php?rest_route=\/wp\/v2\/posts\/25552\/revisions\/25554"}],"wp:featuredmedia":[{"embeddable":true,"href":"https:\/\/akdenizolaygazetesi.com\/index.php?rest_route=\/wp\/v2\/media\/25553"}],"wp:attachment":[{"href":"https:\/\/akdenizolaygazetesi.com\/index.php?rest_route=%2Fwp%2Fv2%2Fmedia&parent=25552"}],"wp:term":[{"taxonomy":"category","embeddable":true,"href":"https:\/\/akdenizolaygazetesi.com\/index.php?rest_route=%2Fwp%2Fv2%2Fcategories&post=25552"},{"taxonomy":"post_tag","embeddable":true,"href":"https:\/\/akdenizolaygazetesi.com\/index.php?rest_route=%2Fwp%2Fv2%2Ftags&post=25552"}],"curies":[{"name":"wp","href":"https:\/\/api.w.org\/{rel}","templated":true}]}}