{"id":25558,"date":"2023-05-03T16:24:30","date_gmt":"2023-05-03T13:24:30","guid":{"rendered":"http:\/\/akdenizolaygazetesi.com\/?p=25558"},"modified":"2023-05-03T16:24:30","modified_gmt":"2023-05-03T13:24:30","slug":"toroslar-belediye-meclisi-mayis-ayi-toplantisini-yapti","status":"publish","type":"post","link":"https:\/\/akdenizolaygazetesi.com\/?p=25558","title":{"rendered":"TOROSLAR BELED\u0130YE MECL\u0130S\u0130, MAYIS AYI TOPLANTISINI YAPTI"},"content":{"rendered":"<p>Toroslar Belediyesi May\u0131s Ay\u0131 Meclis Toplant\u0131s\u0131n\u0131n birinci birle\u015fimi, Yunus Emre K\u00fclt\u00fcr Merkezi&#8217;nde yap\u0131ld\u0131.<\/p>\n<p>Sayg\u0131 duru\u015fu ve \u0130stiklal Mar\u015f\u0131&#8217;n\u0131n okunmas\u0131n\u0131n ard\u0131ndan ba\u015flayan toplant\u0131da g\u00fcndem maddeleri g\u00f6r\u00fc\u015f\u00fclerek karara ba\u011fland\u0131.<\/p>\n<p>Toroslar Belediyesinin 2022 mali y\u0131l\u0131 B\u00fct\u00e7e Kesin Hesab\u0131n\u0131n ve Y\u00f6netim D\u00f6nemi Hesab\u0131n\u0131n, Plan ve B\u00fct\u00e7e Komisyonu&#8217;na havalesi oy birli\u011fiyle kabul edildi.<\/p>\n<p>Arpa\u00e7sakarlar Mahallesi, 11272 ada 1 parsel, 11273 ada 1 parsel ve 11274 ada 1 parselde yap\u0131lacak olan imar uygulamas\u0131 sonucu Toroslar Belediyesi ad\u0131na tescil olacak parselin, Deniz Kuvvetleri Akdeniz B\u00f6lge Komutanl\u0131\u011f\u0131na tahsis edilmesine ili\u015fkin teklif g\u00f6r\u00fc\u015f\u00fclerek, Plan ve B\u00fct\u00e7e ile \u0130mar ve Bay\u0131nd\u0131rl\u0131k Komisyonlar\u0131&#8217;na oy birli\u011fiyle havale edildi.<\/p>\n<p>Toplant\u0131da, \u0130mar ve \u015eehircilik M\u00fcd\u00fcrl\u00fc\u011f\u00fc&#8217;nden gelen g\u00fcndem maddeleri de g\u00f6r\u00fc\u015f\u00fclerek karara ba\u011fland\u0131.<\/p>\n<p>May\u0131s Ay\u0131 Meclis Toplant\u0131s\u0131n\u0131n ikinci birle\u015fiminin 5 May\u0131s Cuma g\u00fcn\u00fc saat 10.30&#8217;da yap\u0131lmas\u0131na karar verilirken, Haziran ay\u0131nda yap\u0131lacak olan meclis toplant\u0131s\u0131 ise 1 Haziran Per\u015fembe g\u00fcn\u00fc saat 14.00&#8217;da ger\u00e7ekle\u015ftirilecek.<\/p>\n<p>Toplant\u0131, dilek ve temenniler ile son buldu.<\/p>\n<p>&#8220;EN B\u00dcY\u00dcK G\u00dcC\u00dcM\u00dcZ, B\u0130RL\u0130KTEL\u0130\u011e\u0130M\u0130Z&#8221;<\/p>\n<p>Toroslar Belediye Ba\u015fkan\u0131 Ats\u0131z Af\u015f\u0131n Y\u0131lmaz, Toroslar Belediyesi olarak \u00c7evik Belediyecilik anlay\u0131\u015f\u0131yla vatanda\u015flar\u0131n her an yanlar\u0131nda olduklar\u0131n\u0131 belirterek; &#8220;G\u00fczel kentimiz Mersin&#8217;e sundu\u011fumuz her hizmet, sevginin, eme\u011fin ve insana verilen de\u011ferin izlerini ta\u015f\u0131yor. Bununla da gurur duyuyoruz. \u00dclke olarak pandemi s\u00fcreci ve deprem felaketi ya\u015fad\u0131k. Ya\u015fad\u0131\u011f\u0131m\u0131z her bir felaketin ard\u0131ndan d\u00fcnyada e\u015fi benzeri olmayan bir dayan\u0131\u015fma \u00f6rne\u011fi g\u00f6sterdik. Toroslar Belediyesi olarak en zor g\u00fcnlerde en \u00f6zel projelerle vatanda\u015flar\u0131m\u0131z\u0131n yan\u0131nda olduk. Biz birlikte g\u00fc\u00e7l\u00fcy\u00fcz. Neye ihtiya\u00e7 varsa oraday\u0131z&#8221; dedi.<\/p>\n","protected":false},"excerpt":{"rendered":"<p>Toroslar Belediyesi May\u0131s Ay\u0131 Meclis Toplant\u0131s\u0131n\u0131n birinci birle\u015fimi, Yunus Emre K\u00fclt\u00fcr Merkezi&#8217;nde yap\u0131ld\u0131. Sayg\u0131 duru\u015fu ve \u0130stiklal Mar\u015f\u0131&#8217;n\u0131n okunmas\u0131n\u0131n ard\u0131ndan ba\u015flayan toplant\u0131da g\u00fcndem maddeleri g\u00f6r\u00fc\u015f\u00fclerek karara ba\u011fland\u0131. Toroslar Belediyesinin 2022 &hellip; <a href=\"https:\/\/akdenizolaygazetesi.com\/?p=25558\" class=\"more-link\">Devam\u0131n\u0131 Oku&#8230;<\/a><\/p>\n","protected":false},"author":2,"featured_media":25559,"comment_status":"open","ping_status":"open","sticky":false,"template":"","format":"standard","meta":[],"categories":[3,6],"tags":[],"_links":{"self":[{"href":"https:\/\/akdenizolaygazetesi.com\/index.php?rest_route=\/wp\/v2\/posts\/25558"}],"collection":[{"href":"https:\/\/akdenizolaygazetesi.com\/index.php?rest_route=\/wp\/v2\/posts"}],"about":[{"href":"https:\/\/akdenizolaygazetesi.com\/index.php?rest_route=\/wp\/v2\/types\/post"}],"author":[{"embeddable":true,"href":"https:\/\/akdenizolaygazetesi.com\/index.php?rest_route=\/wp\/v2\/users\/2"}],"replies":[{"embeddable":true,"href":"https:\/\/akdenizolaygazetesi.com\/index.php?rest_route=%2Fwp%2Fv2%2Fcomments&post=25558"}],"version-history":[{"count":1,"href":"https:\/\/akdenizolaygazetesi.com\/index.php?rest_route=\/wp\/v2\/posts\/25558\/revisions"}],"predecessor-version":[{"id":25560,"href":"https:\/\/akdenizolaygazetesi.com\/index.php?rest_route=\/wp\/v2\/posts\/25558\/revisions\/25560"}],"wp:featuredmedia":[{"embeddable":true,"href":"https:\/\/akdenizolaygazetesi.com\/index.php?rest_route=\/wp\/v2\/media\/25559"}],"wp:attachment":[{"href":"https:\/\/akdenizolaygazetesi.com\/index.php?rest_route=%2Fwp%2Fv2%2Fmedia&parent=25558"}],"wp:term":[{"taxonomy":"category","embeddable":true,"href":"https:\/\/akdenizolaygazetesi.com\/index.php?rest_route=%2Fwp%2Fv2%2Fcategories&post=25558"},{"taxonomy":"post_tag","embeddable":true,"href":"https:\/\/akdenizolaygazetesi.com\/index.php?rest_route=%2Fwp%2Fv2%2Ftags&post=25558"}],"curies":[{"name":"wp","href":"https:\/\/api.w.org\/{rel}","templated":true}]}}